{"id":2942,"date":"2025-12-17T11:18:33","date_gmt":"2025-12-17T10:18:33","guid":{"rendered":"https:\/\/agora.xtec.cat\/ecaalfarras\/?p=2942"},"modified":"2025-12-22T21:29:31","modified_gmt":"2025-12-22T20:29:31","slug":"programa-ocell-de-foc-collaboracio-amb-el-pla-educatiu-dentorn","status":"publish","type":"post","link":"https:\/\/agora.xtec.cat\/ecaalfarras\/general\/programa-ocell-de-foc-collaboracio-amb-el-pla-educatiu-dentorn\/","title":{"rendered":"Programa Ocell de Foc col\u00b7laboraci\u00f3 amb el Pla Educatiu d\u2019Entorn,"},"content":{"rendered":"<p>&nbsp;<\/p>\n<p>&nbsp;<\/p>\n<p data-start=\"134\" data-end=\"608\">Des de l\u2019Escola Agr\u00e0ria d\u2019Alfarr\u00e0s hem volgut continuar comptant amb la col\u00b7laboraci\u00f3 del programa <strong data-start=\"233\" data-end=\"249\">Ocell de Foc<\/strong>, a trav\u00e9s del <strong data-start=\"264\" data-end=\"289\">Pla Educatiu d\u2019Entorn<\/strong>, que est\u00e0 adre\u00e7at a joves d\u2019entre <strong data-start=\"324\" data-end=\"340\">16 i 30 anys<\/strong>. L\u2019objectiu \u00e9s oferir serveis i espais amb la finalitat d\u2019afavorir la construcci\u00f3 de joves amb iniciatives pr\u00f2pies, des d\u2019un element col\u00b7lectiu ent\u00e8s com el desenvolupament de les capacitats necess\u00e0ries per poder prendre decisions sobre la pr\u00f2pia vida i la comunitat.<\/p>\n<p data-start=\"610\" data-end=\"814\">Aquest curs hem apostat pel taller <strong data-start=\"645\" data-end=\"660\">\u201cFem pinya\u201d<\/strong> per a tot l\u2019alumnat del nostre centre. \u00c9s un taller que dona import\u00e0ncia al treball en equip i al lideratge, fomentant la col\u00b7laboraci\u00f3 i la comunicaci\u00f3.<\/p>\n<p data-start=\"816\" data-end=\"1164\">A m\u00e9s a m\u00e9s, l\u2019alumnat de segon del <strong data-start=\"852\" data-end=\"860\">CFGS<\/strong> ha gaudit d\u2019un taller sobre l\u2019economia social i solid\u00e0ria, que els ha perm\u00e8s aprofundir en l\u2019organitzaci\u00f3 i la creaci\u00f3 de cooperatives juvenils. Han estat dos tallers for\u00e7a din\u00e0mics que han aportat visions diferents del nostre alumnat i que els permetran continuar avan\u00e7ant cap al seu futur professional.<\/p>\n<p data-start=\"816\" data-end=\"1164\">Podeu llegir la revista a l&#8217;enlla\u00e7 seg\u00fcent:<\/p>\n<p data-start=\"816\" data-end=\"1164\"><strong><a href=\"https:\/\/read.bookcreator.com\/VXzEl0sB4rgqmE4aZCRF4coRZow1\/33Q_hIRlQxev1QljosACbw\">https:\/\/read.bookcreator.com\/VXzEl0sB4rgqmE4aZCRF4coRZow1\/33Q_hIRlQxev1QljosACbw<\/a><\/strong><\/p>\n<p data-start=\"816\" data-end=\"1164\"><img loading=\"lazy\" decoding=\"async\" class=\"alignnone wp-image-2955 size-medium\" src=\"https:\/\/agora.xtec.cat\/ecaalfarras\/wp-content\/uploads\/usu2159\/2025\/12\/IMG_1777-225x300.jpg\" alt=\"\" width=\"225\" height=\"300\" srcset=\"https:\/\/agora.xtec.cat\/ecaalfarras\/wp-content\/uploads\/usu2159\/2025\/12\/IMG_1777-225x300.jpg 225w, https:\/\/agora.xtec.cat\/ecaalfarras\/wp-content\/uploads\/usu2159\/2025\/12\/IMG_1777-768x1024.jpg 768w, https:\/\/agora.xtec.cat\/ecaalfarras\/wp-content\/uploads\/usu2159\/2025\/12\/IMG_1777-1152x1536.jpg 1152w, https:\/\/agora.xtec.cat\/ecaalfarras\/wp-content\/uploads\/usu2159\/2025\/12\/IMG_1777-rotated.jpg 1512w\" sizes=\"auto, (max-width: 225px) 100vw, 225px\" \/> <img loading=\"lazy\" decoding=\"async\" class=\"alignnone wp-image-2956 size-medium\" src=\"https:\/\/agora.xtec.cat\/ecaalfarras\/wp-content\/uploads\/usu2159\/2025\/12\/image1-225x300.jpeg\" alt=\"\" width=\"225\" height=\"300\" srcset=\"https:\/\/agora.xtec.cat\/ecaalfarras\/wp-content\/uploads\/usu2159\/2025\/12\/image1-225x300.jpeg 225w, https:\/\/agora.xtec.cat\/ecaalfarras\/wp-content\/uploads\/usu2159\/2025\/12\/image1-768x1024.jpeg 768w, https:\/\/agora.xtec.cat\/ecaalfarras\/wp-content\/uploads\/usu2159\/2025\/12\/image1-1152x1536.jpeg 1152w, https:\/\/agora.xtec.cat\/ecaalfarras\/wp-content\/uploads\/usu2159\/2025\/12\/image1-rotated.jpeg 1512w\" sizes=\"auto, (max-width: 225px) 100vw, 225px\" \/> <img loading=\"lazy\" decoding=\"async\" class=\"alignnone wp-image-2957 size-medium\" src=\"https:\/\/agora.xtec.cat\/ecaalfarras\/wp-content\/uploads\/usu2159\/2025\/12\/image0-225x300.jpeg\" alt=\"\" width=\"225\" height=\"300\" srcset=\"https:\/\/agora.xtec.cat\/ecaalfarras\/wp-content\/uploads\/usu2159\/2025\/12\/image0-225x300.jpeg 225w, https:\/\/agora.xtec.cat\/ecaalfarras\/wp-content\/uploads\/usu2159\/2025\/12\/image0-768x1024.jpeg 768w, https:\/\/agora.xtec.cat\/ecaalfarras\/wp-content\/uploads\/usu2159\/2025\/12\/image0-1152x1536.jpeg 1152w, https:\/\/agora.xtec.cat\/ecaalfarras\/wp-content\/uploads\/usu2159\/2025\/12\/image0-rotated.jpeg 1512w\" sizes=\"auto, (max-width: 225px) 100vw, 225px\" \/><\/p>\n","protected":false},"excerpt":{"rendered":"<p>&nbsp;<br \/>\n&nbsp;<br \/>\nDes de l\u2019Escola Agr\u00e0ria d\u2019Alfarr\u00e0s hem volgut continuar comptant amb la col\u00b7laboraci\u00f3 del programa Ocell de Foc, a trav\u00e9s del Pla Educatiu d\u2019Entorn, que est\u00e0 adre\u00e7at a joves d\u2019entre 16 i 30 anys. L\u2019objectiu \u00e9s oferir serveis i espais amb la finalitat d\u2019afavorir la construcci\u00f3&hellip;  <a href=\"https:\/\/agora.xtec.cat\/ecaalfarras\/general\/programa-ocell-de-foc-collaboracio-amb-el-pla-educatiu-dentorn\/\" title=\"Read Programa Ocell de Foc col\u00b7laboraci\u00f3 amb el Pla Educatiu d\u2019Entorn,\">Llegeix m\u00e9s\u00bb<\/a><\/p>\n","protected":false},"author":1,"featured_media":2955,"comment_status":"closed","ping_status":"closed","sticky":false,"template":"","format":"standard","meta":{"_bbp_topic_count":0,"_bbp_reply_count":0,"_bbp_total_topic_count":0,"_bbp_total_reply_count":0,"_bbp_voice_count":0,"_bbp_anonymous_reply_count":0,"_bbp_topic_count_hidden":0,"_bbp_reply_count_hidden":0,"_bbp_forum_subforum_count":0,"footnotes":""},"categories":[1,151,157,29],"tags":[],"class_list":["post-2942","post","type-post","status-publish","format-standard","has-post-thumbnail","hentry","category-general","category-noticies","category-noticies-2","category-portada"],"post_mailing_queue_ids":[],"_links":{"self":[{"href":"https:\/\/agora.xtec.cat\/ecaalfarras\/wp-json\/wp\/v2\/posts\/2942","targetHints":{"allow":["GET"]}}],"collection":[{"href":"https:\/\/agora.xtec.cat\/ecaalfarras\/wp-json\/wp\/v2\/posts"}],"about":[{"href":"https:\/\/agora.xtec.cat\/ecaalfarras\/wp-json\/wp\/v2\/types\/post"}],"author":[{"embeddable":true,"href":"https:\/\/agora.xtec.cat\/ecaalfarras\/wp-json\/wp\/v2\/users\/1"}],"replies":[{"embeddable":true,"href":"https:\/\/agora.xtec.cat\/ecaalfarras\/wp-json\/wp\/v2\/comments?post=2942"}],"version-history":[{"count":2,"href":"https:\/\/agora.xtec.cat\/ecaalfarras\/wp-json\/wp\/v2\/posts\/2942\/revisions"}],"predecessor-version":[{"id":2958,"href":"https:\/\/agora.xtec.cat\/ecaalfarras\/wp-json\/wp\/v2\/posts\/2942\/revisions\/2958"}],"wp:featuredmedia":[{"embeddable":true,"href":"https:\/\/agora.xtec.cat\/ecaalfarras\/wp-json\/wp\/v2\/media\/2955"}],"wp:attachment":[{"href":"https:\/\/agora.xtec.cat\/ecaalfarras\/wp-json\/wp\/v2\/media?parent=2942"}],"wp:term":[{"taxonomy":"category","embeddable":true,"href":"https:\/\/agora.xtec.cat\/ecaalfarras\/wp-json\/wp\/v2\/categories?post=2942"},{"taxonomy":"post_tag","embeddable":true,"href":"https:\/\/agora.xtec.cat\/ecaalfarras\/wp-json\/wp\/v2\/tags?post=2942"}],"curies":[{"name":"wp","href":"https:\/\/api.w.org\/{rel}","templated":true}]}}