{"id":2919,"date":"2025-10-08T12:02:35","date_gmt":"2025-10-08T10:02:35","guid":{"rendered":"https:\/\/agora.xtec.cat\/ecaalfarras\/?p=2919"},"modified":"2025-12-17T13:00:00","modified_gmt":"2025-12-17T12:00:00","slug":"inici-de-curs-a-lescola-agraria-dalfarras","status":"publish","type":"post","link":"https:\/\/agora.xtec.cat\/ecaalfarras\/general\/inici-de-curs-a-lescola-agraria-dalfarras\/","title":{"rendered":"Inici de curs\u00a0 a l\u2019Escola Agr\u00e0ria d\u2019Alfarr\u00e0s"},"content":{"rendered":"<h3 data-start=\"136\" data-end=\"206\"><\/h3>\n<p data-start=\"208\" data-end=\"583\">L\u2019Escola Agr\u00e0ria d\u2019Alfarr\u00e0s ha donat aquest setembre el tret de sortida al nou curs dels cicles formatius, amb un ambient ple d\u2019entusiasme i ganes d\u2019aprendre. L\u2019alumnat de primer i segon curs dels diferents cicles formatius ha tornat a omplir les aules, els tallers i els camps d\u2019experimentaci\u00f3 del centre, preparats per afrontar un any ple de reptes i noves experi\u00e8ncies.<\/p>\n<p data-start=\"585\" data-end=\"910\">El professorat ha donat la benvinguda als nous estudiants, destacant la import\u00e0ncia de la formaci\u00f3 pr\u00e0ctica i l\u2019esperit de col\u00b7laboraci\u00f3 que caracteritza l\u2019escola. Enguany, l\u2019Escola Agr\u00e0ria d\u2019Alfarr\u00e0s continua apostant per una formaci\u00f3 de qualitat vinculada al sector agroalimentari, amb un enfocament sostenible i innovador.<\/p>\n<p data-start=\"912\" data-end=\"1159\">A m\u00e9s de les classes te\u00f2riques i pr\u00e0ctiques, el centre preveu organitzar diverses activitats complement\u00e0ries, jornades t\u00e8cniques i projectes col\u00b7laboratius amb empreses del sector, per tal d\u2019apropar encara m\u00e9s l\u2019alumnat a la realitat professional.<\/p>\n<p data-start=\"1161\" data-end=\"1355\">Amb aquesta arrencada, l\u2019Escola Agr\u00e0ria d\u2019Alfarr\u00e0s reafirma el seu comprom\u00eds amb la formaci\u00f3 dels futurs professionals del camp, en un curs que es preveu intens, enriquidor i ple d\u2019oportunitats.<\/p>\n<p data-start=\"1161\" data-end=\"1355\"><img loading=\"lazy\" decoding=\"async\" class=\"alignnone wp-image-2921 \" src=\"https:\/\/agora.xtec.cat\/ecaalfarras\/wp-content\/uploads\/usu2159\/2025\/10\/IMG_1326-rotated.jpg\" alt=\"\" width=\"257\" height=\"343\" srcset=\"https:\/\/agora.xtec.cat\/ecaalfarras\/wp-content\/uploads\/usu2159\/2025\/10\/IMG_1326-rotated.jpg 480w, https:\/\/agora.xtec.cat\/ecaalfarras\/wp-content\/uploads\/usu2159\/2025\/10\/IMG_1326-225x300.jpg 225w\" sizes=\"auto, (max-width: 257px) 100vw, 257px\" \/><img loading=\"lazy\" decoding=\"async\" class=\"wp-image-2920 alignleft\" src=\"https:\/\/agora.xtec.cat\/ecaalfarras\/wp-content\/uploads\/usu2159\/2025\/10\/IMG_1228-1-rotated.jpg\" alt=\"\" width=\"255\" height=\"340\" \/><\/p>\n","protected":false},"excerpt":{"rendered":"<p>L\u2019Escola Agr\u00e0ria d\u2019Alfarr\u00e0s ha donat aquest setembre el tret de sortida al nou curs dels cicles formatius, amb un ambient ple d\u2019entusiasme i ganes d\u2019aprendre. L\u2019alumnat de primer i segon curs dels diferents cicles formatius ha tornat a omplir les aules, els tallers i els&hellip;  <a href=\"https:\/\/agora.xtec.cat\/ecaalfarras\/general\/inici-de-curs-a-lescola-agraria-dalfarras\/\" title=\"Read Inici de curs\u00a0 a l\u2019Escola Agr\u00e0ria d\u2019Alfarr\u00e0s\">Llegeix m\u00e9s\u00bb<\/a><\/p>\n","protected":false},"author":1,"featured_media":2920,"comment_status":"closed","ping_status":"closed","sticky":false,"template":"","format":"standard","meta":{"_bbp_topic_count":0,"_bbp_reply_count":0,"_bbp_total_topic_count":0,"_bbp_total_reply_count":0,"_bbp_voice_count":0,"_bbp_anonymous_reply_count":0,"_bbp_topic_count_hidden":0,"_bbp_reply_count_hidden":0,"_bbp_forum_subforum_count":0,"footnotes":""},"categories":[1,151,29],"tags":[],"class_list":["post-2919","post","type-post","status-publish","format-standard","has-post-thumbnail","hentry","category-general","category-noticies","category-portada"],"post_mailing_queue_ids":[],"_links":{"self":[{"href":"https:\/\/agora.xtec.cat\/ecaalfarras\/wp-json\/wp\/v2\/posts\/2919","targetHints":{"allow":["GET"]}}],"collection":[{"href":"https:\/\/agora.xtec.cat\/ecaalfarras\/wp-json\/wp\/v2\/posts"}],"about":[{"href":"https:\/\/agora.xtec.cat\/ecaalfarras\/wp-json\/wp\/v2\/types\/post"}],"author":[{"embeddable":true,"href":"https:\/\/agora.xtec.cat\/ecaalfarras\/wp-json\/wp\/v2\/users\/1"}],"replies":[{"embeddable":true,"href":"https:\/\/agora.xtec.cat\/ecaalfarras\/wp-json\/wp\/v2\/comments?post=2919"}],"version-history":[{"count":5,"href":"https:\/\/agora.xtec.cat\/ecaalfarras\/wp-json\/wp\/v2\/posts\/2919\/revisions"}],"predecessor-version":[{"id":2945,"href":"https:\/\/agora.xtec.cat\/ecaalfarras\/wp-json\/wp\/v2\/posts\/2919\/revisions\/2945"}],"wp:featuredmedia":[{"embeddable":true,"href":"https:\/\/agora.xtec.cat\/ecaalfarras\/wp-json\/wp\/v2\/media\/2920"}],"wp:attachment":[{"href":"https:\/\/agora.xtec.cat\/ecaalfarras\/wp-json\/wp\/v2\/media?parent=2919"}],"wp:term":[{"taxonomy":"category","embeddable":true,"href":"https:\/\/agora.xtec.cat\/ecaalfarras\/wp-json\/wp\/v2\/categories?post=2919"},{"taxonomy":"post_tag","embeddable":true,"href":"https:\/\/agora.xtec.cat\/ecaalfarras\/wp-json\/wp\/v2\/tags?post=2919"}],"curies":[{"name":"wp","href":"https:\/\/api.w.org\/{rel}","templated":true}]}}