{"id":2884,"date":"2025-05-27T13:02:16","date_gmt":"2025-05-27T11:02:16","guid":{"rendered":"https:\/\/agora.xtec.cat\/ecaalfarras\/?p=2884"},"modified":"2025-07-02T12:35:47","modified_gmt":"2025-07-02T10:35:47","slug":"inici-de-preincripcions-als-cicles-formatius","status":"publish","type":"post","link":"https:\/\/agora.xtec.cat\/ecaalfarras\/general\/inici-de-preincripcions-als-cicles-formatius\/","title":{"rendered":"Inici de Preincripcions als cicles formatius EA Alfarr\u00e0s"},"content":{"rendered":"<p>&nbsp;<\/p>\n<p>Les\u00a0Escoles Agr\u00e0ries del Servei de Formaci\u00f3 Agroaliment\u00e0ria\u00a0(SFA) del Departament d\u2019Agricultura, Ramaderia, Pesca i Alimentaci\u00f3 de la Generalitat de Catalunya obren un nou per\u00edode de\u00a0<strong>preinscripcions<\/strong>\u00a0als\u00a0<strong>cicles formatius de grau mitj\u00e0 i superior\u00a0<\/strong>per al curs 2025 \u2013 2026. Aquests estudis tenen com a finalitat principal millorar la qualificaci\u00f3 dels professionals del sector agropecuari, alimentari i forestal, impulsant la seva professionalitzaci\u00f3.<\/p>\n<p><strong>L&#8217;Escola Agr\u00e0ria d&#8217;Alfarr\u00e0s<\/strong> ofereix els cicles:<\/p>\n<ul>\n<li><strong><a href=\"https:\/\/agora.xtec.cat\/ecaalfarras\/estudis\/cicle-formatiu-de-produccio-agroecologica-cfgm\/\">Cicle formatiu de grau mitj\u00e0 en Producci\u00f3 Agroecol\u00f2gica<\/a><\/strong><\/li>\n<li><strong><a href=\"https:\/\/agora.xtec.cat\/ecaalfarras\/estudis\/cicle-formatiu-paisatgisme-i-medi-rural-cfgs\/\">Cicle formatiu de Grau Superior en Paisatgisme i Medi Rural<\/a><\/strong><\/li>\n<\/ul>\n<p><img loading=\"lazy\" decoding=\"async\" class=\"alignright wp-image-2898 \" src=\"https:\/\/agora.xtec.cat\/ecaalfarras\/wp-content\/uploads\/usu2159\/2025\/05\/ALUMNES-2025-1-1024x576.jpg\" alt=\"\" width=\"402\" height=\"219\" \/><\/p>\n<p>Aquests estudis es caracteritzen per oferir una <strong>formaci\u00f3 professional personalitzada,<\/strong> pr\u00e0ctica i en permanent adaptaci\u00f3 a les noves tend\u00e8ncies i necessitats del sector, gr\u00e0cies a la configuraci\u00f3 de grups redu\u00efts d\u2019alumnat, l\u2019alta qualificaci\u00f3 i tecnificaci\u00f3 dels equips directius i del professorat, les diverses col\u00b7laboracions que estableixen amb empreses i professionals en actiu del sector, les visites t\u00e8cniques a empreses i explotacions agropecu\u00e0ries i el preu p\u00fablic dels estudis. A m\u00e9s a m\u00e9s, s\u00f3n cicles formatius amb un <strong>\u00edndex d\u2019inserci\u00f3 laboral molt alt,<\/strong> ja que les empreses del sector manifesten de forma recurrent la necessitat de comptar amb professionals qualificats.<\/p>\n<p>Les Escoles Agr\u00e0ries distribu\u00efdes tenen com a principal missi\u00f3 \u00e9s professionalitzar el sector agroalimentari, mitjan\u00e7ant la millora de la qualificaci\u00f3 dels seus professionals.<\/p>\n<p>Per formalitzar la preinscripci\u00f3 ho podeu fer:<\/p>\n<ul>\n<li><a href=\"https:\/\/preinscripcio.gencat.cat\/ca\/estudis\/fp-grau-mitja\/inici\/\">Preinscripci\u00f3 Grau Mitj\u00e0<\/a><\/li>\n<li><a href=\"https:\/\/preinscripcio.gencat.cat\/ca\/estudis\/fp-grau-superior\/inici\/?ct=t%28EMAIL_CAMPAIGN_preinscripcio+25%29\">Preinscripci\u00f3 Grau Superior<\/a><\/li>\n<\/ul>\n<p>Us esperem!<\/p>\n<p><iframe loading=\"lazy\" title=\"Preinscripci\u00f3 Escola Agr\u00e0ria Alfarr\u00e0s. Curs 2025-2026\" width=\"500\" height=\"281\" src=\"https:\/\/www.youtube.com\/embed\/zu95XaLCN30?feature=oembed\" frameborder=\"0\" allow=\"accelerometer; autoplay; clipboard-write; encrypted-media; gyroscope; picture-in-picture; web-share\" referrerpolicy=\"strict-origin-when-cross-origin\" allowfullscreen><\/iframe><\/p>\n<p>&nbsp;<\/p>\n","protected":false},"excerpt":{"rendered":"<p>&nbsp;<br \/>\nLes\u00a0Escoles Agr\u00e0ries del Servei de Formaci\u00f3 Agroaliment\u00e0ria\u00a0(SFA) del Departament d\u2019Agricultura, Ramaderia, Pesca i Alimentaci\u00f3 de la Generalitat de Catalunya obren un nou per\u00edode de\u00a0preinscripcions\u00a0als\u00a0cicles formatius de grau mitj\u00e0 i superior\u00a0per al curs 2025 \u2013 2026. Aquests estudis tenen com a finalitat principal millorar la qualificaci\u00f3&hellip;  <a href=\"https:\/\/agora.xtec.cat\/ecaalfarras\/general\/inici-de-preincripcions-als-cicles-formatius\/\" title=\"Read Inici de Preincripcions als cicles formatius EA Alfarr\u00e0s\">Llegeix m\u00e9s\u00bb<\/a><\/p>\n","protected":false},"author":1,"featured_media":2898,"comment_status":"closed","ping_status":"closed","sticky":false,"template":"","format":"standard","meta":{"_bbp_topic_count":0,"_bbp_reply_count":0,"_bbp_total_topic_count":0,"_bbp_total_reply_count":0,"_bbp_voice_count":0,"_bbp_anonymous_reply_count":0,"_bbp_topic_count_hidden":0,"_bbp_reply_count_hidden":0,"_bbp_forum_subforum_count":0,"footnotes":""},"categories":[1,151,157,29],"tags":[186,182,185,191,192,194,193,195,196],"class_list":["post-2884","post","type-post","status-publish","format-standard","has-post-thumbnail","hentry","category-general","category-noticies","category-noticies-2","category-portada","tag-escolesagraries","tag-escolesagraries-cfgm-cfgs","tag-exalumesalfarras","tag-preinscripciocgfgm","tag-preinscripsciocfgs","tag-cfgm","tag-cfgs","tag-pae","tag-produccio-agraria"],"post_mailing_queue_ids":[],"_links":{"self":[{"href":"https:\/\/agora.xtec.cat\/ecaalfarras\/wp-json\/wp\/v2\/posts\/2884","targetHints":{"allow":["GET"]}}],"collection":[{"href":"https:\/\/agora.xtec.cat\/ecaalfarras\/wp-json\/wp\/v2\/posts"}],"about":[{"href":"https:\/\/agora.xtec.cat\/ecaalfarras\/wp-json\/wp\/v2\/types\/post"}],"author":[{"embeddable":true,"href":"https:\/\/agora.xtec.cat\/ecaalfarras\/wp-json\/wp\/v2\/users\/1"}],"replies":[{"embeddable":true,"href":"https:\/\/agora.xtec.cat\/ecaalfarras\/wp-json\/wp\/v2\/comments?post=2884"}],"version-history":[{"count":6,"href":"https:\/\/agora.xtec.cat\/ecaalfarras\/wp-json\/wp\/v2\/posts\/2884\/revisions"}],"predecessor-version":[{"id":2901,"href":"https:\/\/agora.xtec.cat\/ecaalfarras\/wp-json\/wp\/v2\/posts\/2884\/revisions\/2901"}],"wp:featuredmedia":[{"embeddable":true,"href":"https:\/\/agora.xtec.cat\/ecaalfarras\/wp-json\/wp\/v2\/media\/2898"}],"wp:attachment":[{"href":"https:\/\/agora.xtec.cat\/ecaalfarras\/wp-json\/wp\/v2\/media?parent=2884"}],"wp:term":[{"taxonomy":"category","embeddable":true,"href":"https:\/\/agora.xtec.cat\/ecaalfarras\/wp-json\/wp\/v2\/categories?post=2884"},{"taxonomy":"post_tag","embeddable":true,"href":"https:\/\/agora.xtec.cat\/ecaalfarras\/wp-json\/wp\/v2\/tags?post=2884"}],"curies":[{"name":"wp","href":"https:\/\/api.w.org\/{rel}","templated":true}]}}