{"id":2792,"date":"2024-12-11T15:08:39","date_gmt":"2024-12-11T14:08:39","guid":{"rendered":"https:\/\/agora.xtec.cat\/ecaalfarras\/?p=2792"},"modified":"2024-12-16T08:36:38","modified_gmt":"2024-12-16T07:36:38","slug":"ea-alfarras-participa-al-projecte-europeu-loess-basat-en-la-recuperacio-del-sol","status":"publish","type":"post","link":"https:\/\/agora.xtec.cat\/ecaalfarras\/general\/ea-alfarras-participa-al-projecte-europeu-loess-basat-en-la-recuperacio-del-sol\/","title":{"rendered":"EA Alfarr\u00e0s participa al projecte europeu LOESS basat en la recuperaci\u00f3 del s\u00f2l"},"content":{"rendered":"<p>&nbsp;<\/p>\n<p>LOESS \u00e9s un programa europeu per a la recuperaci\u00f3 de la salut del s\u00f2l. Se centra a augmentar l&#8217;alfabetitzaci\u00f3 del s\u00f2l, mitjan\u00e7ant el desenvolupament d&#8217;ofertes educatives i programes de formaci\u00f3 cont\u00ednua, aix\u00ed com activitats de desenvolupament d&#8217;habilitats dirigides a m\u00faltiples actors, parts interessades i grups objectiu relacionats amb l&#8217;educaci\u00f3 del s\u00f2l.<\/p>\n<p>El projecte Horizon Europe LOESS: &#8220;Impuls de l&#8217;alfabetitzaci\u00f3 a trav\u00e9s d&#8217;un ecosistema educatiu operatiu d&#8217;actors de la societat sobre la salut del s\u00f2l&#8221; va comen\u00e7ar oficialment el juny de 2023, sota la missi\u00f3 de la UE\u00a0<a class=\"enlace\" href=\"https:\/\/research-and-innovation.ec.europa.eu\/funding\/funding-opportunities\/funding-programmes-and-open-calls\/horizon-europe\/eu-missions-horizon-europe\/soil-health-and-food_en\" target=\"_blank\" rel=\"noopener\">&#8220;Un acord del s\u00f2l per a Europa&#8221;.<\/a><\/p>\n<p>M\u00e9s informaci\u00f3 sobre la nostra participaci\u00f3:<\/p>\n<p><strong><a href=\"https:\/\/loess-project.eu\/case-studie\/soil-revitalization-project-in-a-traditional-apple-and-pear-orchard\/\">CAS PR\u00c0CTIC: PROJECTE DE REVITALITZACI\u00d3 DEL S\u00d2L EN UNA FINCA DE VARIETATS AUT\u00d2CTONES DE POMERES I PERES<\/a><\/strong><\/p>\n<p><img loading=\"lazy\" decoding=\"async\" class=\"wp-image-2793 aligncenter\" src=\"https:\/\/agora.xtec.cat\/ecaalfarras\/wp-content\/uploads\/usu2159\/2024\/12\/Captura.jpg\" alt=\"\" width=\"285\" height=\"372\" srcset=\"https:\/\/agora.xtec.cat\/ecaalfarras\/wp-content\/uploads\/usu2159\/2024\/12\/Captura.jpg 333w, https:\/\/agora.xtec.cat\/ecaalfarras\/wp-content\/uploads\/usu2159\/2024\/12\/Captura-230x300.jpg 230w\" sizes=\"auto, (max-width: 285px) 100vw, 285px\" \/><\/p>\n<p>&nbsp;<\/p>\n<p><img loading=\"lazy\" decoding=\"async\" class=\"wp-image-2795 alignnone\" src=\"https:\/\/agora.xtec.cat\/ecaalfarras\/wp-content\/uploads\/usu2159\/2024\/12\/Captura-1.jpg\" alt=\"\" width=\"309\" height=\"142\" srcset=\"https:\/\/agora.xtec.cat\/ecaalfarras\/wp-content\/uploads\/usu2159\/2024\/12\/Captura-1.jpg 352w, https:\/\/agora.xtec.cat\/ecaalfarras\/wp-content\/uploads\/usu2159\/2024\/12\/Captura-1-300x138.jpg 300w\" sizes=\"auto, (max-width: 309px) 100vw, 309px\" \/><img loading=\"lazy\" decoding=\"async\" class=\"wp-image-2796 alignleft\" src=\"https:\/\/agora.xtec.cat\/ecaalfarras\/wp-content\/uploads\/usu2159\/2024\/12\/Captura-2.jpg\" alt=\"\" width=\"468\" height=\"142\" srcset=\"https:\/\/agora.xtec.cat\/ecaalfarras\/wp-content\/uploads\/usu2159\/2024\/12\/Captura-2.jpg 775w, https:\/\/agora.xtec.cat\/ecaalfarras\/wp-content\/uploads\/usu2159\/2024\/12\/Captura-2-300x91.jpg 300w, https:\/\/agora.xtec.cat\/ecaalfarras\/wp-content\/uploads\/usu2159\/2024\/12\/Captura-2-768x233.jpg 768w\" sizes=\"auto, (max-width: 468px) 100vw, 468px\" \/><\/p>\n","protected":false},"excerpt":{"rendered":"<p>&nbsp;<br \/>\nLOESS \u00e9s un programa europeu per a la recuperaci\u00f3 de la salut del s\u00f2l. Se centra a augmentar l&#8217;alfabetitzaci\u00f3 del s\u00f2l, mitjan\u00e7ant el desenvolupament d&#8217;ofertes educatives i programes de formaci\u00f3 cont\u00ednua, aix\u00ed com activitats de desenvolupament d&#8217;habilitats dirigides a m\u00faltiples actors, parts interessades i grups&hellip;  <a href=\"https:\/\/agora.xtec.cat\/ecaalfarras\/general\/ea-alfarras-participa-al-projecte-europeu-loess-basat-en-la-recuperacio-del-sol\/\" title=\"Read EA Alfarr\u00e0s participa al projecte europeu LOESS basat en la recuperaci\u00f3 del s\u00f2l\">Llegeix m\u00e9s\u00bb<\/a><\/p>\n","protected":false},"author":1,"featured_media":2793,"comment_status":"open","ping_status":"closed","sticky":false,"template":"","format":"standard","meta":{"_bbp_topic_count":0,"_bbp_reply_count":0,"_bbp_total_topic_count":0,"_bbp_total_reply_count":0,"_bbp_voice_count":0,"_bbp_anonymous_reply_count":0,"_bbp_topic_count_hidden":0,"_bbp_reply_count_hidden":0,"_bbp_forum_subforum_count":0,"footnotes":""},"categories":[1,151,29],"tags":[],"class_list":["post-2792","post","type-post","status-publish","format-standard","has-post-thumbnail","hentry","category-general","category-noticies","category-portada"],"post_mailing_queue_ids":[],"_links":{"self":[{"href":"https:\/\/agora.xtec.cat\/ecaalfarras\/wp-json\/wp\/v2\/posts\/2792","targetHints":{"allow":["GET"]}}],"collection":[{"href":"https:\/\/agora.xtec.cat\/ecaalfarras\/wp-json\/wp\/v2\/posts"}],"about":[{"href":"https:\/\/agora.xtec.cat\/ecaalfarras\/wp-json\/wp\/v2\/types\/post"}],"author":[{"embeddable":true,"href":"https:\/\/agora.xtec.cat\/ecaalfarras\/wp-json\/wp\/v2\/users\/1"}],"replies":[{"embeddable":true,"href":"https:\/\/agora.xtec.cat\/ecaalfarras\/wp-json\/wp\/v2\/comments?post=2792"}],"version-history":[{"count":6,"href":"https:\/\/agora.xtec.cat\/ecaalfarras\/wp-json\/wp\/v2\/posts\/2792\/revisions"}],"predecessor-version":[{"id":2804,"href":"https:\/\/agora.xtec.cat\/ecaalfarras\/wp-json\/wp\/v2\/posts\/2792\/revisions\/2804"}],"wp:featuredmedia":[{"embeddable":true,"href":"https:\/\/agora.xtec.cat\/ecaalfarras\/wp-json\/wp\/v2\/media\/2793"}],"wp:attachment":[{"href":"https:\/\/agora.xtec.cat\/ecaalfarras\/wp-json\/wp\/v2\/media?parent=2792"}],"wp:term":[{"taxonomy":"category","embeddable":true,"href":"https:\/\/agora.xtec.cat\/ecaalfarras\/wp-json\/wp\/v2\/categories?post=2792"},{"taxonomy":"post_tag","embeddable":true,"href":"https:\/\/agora.xtec.cat\/ecaalfarras\/wp-json\/wp\/v2\/tags?post=2792"}],"curies":[{"name":"wp","href":"https:\/\/api.w.org\/{rel}","templated":true}]}}