{"id":2766,"date":"2024-07-12T11:51:12","date_gmt":"2024-07-12T09:51:12","guid":{"rendered":"https:\/\/agora.xtec.cat\/ecaalfarras\/?p=2766"},"modified":"2024-07-12T12:00:40","modified_gmt":"2024-07-12T10:00:40","slug":"oferta-formativa-2024","status":"publish","type":"post","link":"https:\/\/agora.xtec.cat\/ecaalfarras\/general\/oferta-formativa-2024\/","title":{"rendered":"Oferta formativa EA Alfarr\u00e0s curs 2024\/2025"},"content":{"rendered":"<p>L&#8217;<strong>Escola Agr\u00e0ria d&#8217;Alfarr\u00e0s<\/strong>\u00a0forma part de la xarxa d&#8217;escoles del Servei de Formaci\u00f3 Agr\u00e0ria del Departament d&#8217;Agricultura i desenvolupa activitats de formaci\u00f3 i transfer\u00e8ncia tecnol\u00f2gica adre\u00e7ades al sector agrari i al m\u00f3n rural en general.<\/p>\n<p><b>Per\u00edode<\/b><strong> de preinscripcions <a href=\"https:\/\/agora.xtec.cat\/ecaalfarras\/estudis\/cicle-formatiu-de-produccio-agroecologica-cfgm\/\">CFGM Producci\u00f3 Agroecol\u00f2gica:<\/a><br \/>\n<a href=\"https:\/\/preinscripcio.gencat.cat\/ca\/estudis\/fp-grau-mitja\/inici\/\" target=\"_blank\" rel=\"noopener\">Inscriu-te<\/a><\/strong><\/p>\n<p>Apr\u00e8n a cultivar aliments saludables, viu envoltat de natura, millora la teva explotaci\u00f3, troba feina al m\u00f3n rural, Apr\u00e8n a utilitzar maquin\u00e0ria.<\/p>\n<p class=\"featured\">Connecta&#8217;t al m\u00f3n agrari i sigues lliure&#8230;<\/p>\n<p><b>Per\u00edode<\/b><strong>\u00a0de preinscripcions <a href=\"https:\/\/agora.xtec.cat\/ecaalfarras\/estudis\/cicle-formatiu-paisatgisme-i-medi-rural-cfgs\/\">CFGS Paisatgisme i Medi Rural<\/a>:<br \/>\n<a href=\"https:\/\/preinscripcio.gencat.cat\/ca\/estudis\/fp-grau-superior\/inici\/\" target=\"_blank\" rel=\"noopener\">Inscriu-te<\/a><\/strong><\/p>\n<p>Descobreix t\u00e8cniques agr\u00e0ries sostenibles, desenvolupa capacitats anal\u00edtiques, gestiona explotacions agr\u00e0ries, coneix l&#8217;agrosistema i com millorar-lo i preservar-lo. Troba feina en un sector estrat\u00e8gic.<\/p>\n<p class=\"featured\">T&#8217;acompanyem i et formem al llarg de la teva vida laboral. T&#8217;hi atreveixes?<\/p>\n<p>&nbsp;<\/p>\n<div style=\"width: 1080px;\" class=\"wp-video\"><!--[if lt IE 9]><script>document.createElement('video');<\/script><![endif]-->\n<video class=\"wp-video-shortcode\" id=\"video-2766-1\" width=\"1080\" height=\"1920\" poster=\"https:\/\/agora.xtec.cat\/ecaalfarras\/wp-content\/uploads\/usu2159\/2024\/07\/dami.jpg\" preload=\"metadata\" controls=\"controls\"><source type=\"video\/mp4\" src=\"https:\/\/agora.xtec.cat\/ecaalfarras\/wp-content\/uploads\/usu2159\/2024\/07\/Anunci-EA-Alfarras_Fotos-1.mp4?_=1\" \/><a href=\"https:\/\/agora.xtec.cat\/ecaalfarras\/wp-content\/uploads\/usu2159\/2024\/07\/Anunci-EA-Alfarras_Fotos-1.mp4\">https:\/\/agora.xtec.cat\/ecaalfarras\/wp-content\/uploads\/usu2159\/2024\/07\/Anunci-EA-Alfarras_Fotos-1.mp4<\/a><\/video><\/div>\n","protected":false},"excerpt":{"rendered":"<p>L&#8217;Escola Agr\u00e0ria d&#8217;Alfarr\u00e0s\u00a0forma part de la xarxa d&#8217;escoles del Servei de Formaci\u00f3 Agr\u00e0ria del Departament d&#8217;Agricultura i desenvolupa activitats de formaci\u00f3 i transfer\u00e8ncia tecnol\u00f2gica adre\u00e7ades al sector agrari i al m\u00f3n rural en general.<br \/>\nPer\u00edode de preinscripcions <a href=\"https:\/\/agora.xtec.cat\/ecaalfarras\/estudis\/cicle-formatiu-de-produccio-agroecologica-cfgm\/\">CFGM Producci\u00f3 Agroecol\u00f2gica:<\/a><br \/>\n<a href=\"https:\/\/preinscripcio.gencat.cat\/ca\/estudis\/fp-grau-mitja\/inici\/\" target=\"_blank\" rel=\"noopener\">Inscriu-te<\/a><br \/>\nApr\u00e8n a cultivar&hellip;  <a href=\"https:\/\/agora.xtec.cat\/ecaalfarras\/general\/oferta-formativa-2024\/\" title=\"Read Oferta formativa EA Alfarr\u00e0s curs 2024\/2025\">Llegeix m\u00e9s\u00bb<\/a><\/p>\n","protected":false},"author":1,"featured_media":2773,"comment_status":"open","ping_status":"closed","sticky":false,"template":"","format":"standard","meta":{"_bbp_topic_count":0,"_bbp_reply_count":0,"_bbp_total_topic_count":0,"_bbp_total_reply_count":0,"_bbp_voice_count":0,"_bbp_anonymous_reply_count":0,"_bbp_topic_count_hidden":0,"_bbp_reply_count_hidden":0,"_bbp_forum_subforum_count":0,"footnotes":""},"categories":[150,1,151,157,29],"tags":[],"class_list":["post-2766","post","type-post","status-publish","format-standard","has-post-thumbnail","hentry","category-activitas","category-general","category-noticies","category-noticies-2","category-portada"],"post_mailing_queue_ids":[],"_links":{"self":[{"href":"https:\/\/agora.xtec.cat\/ecaalfarras\/wp-json\/wp\/v2\/posts\/2766","targetHints":{"allow":["GET"]}}],"collection":[{"href":"https:\/\/agora.xtec.cat\/ecaalfarras\/wp-json\/wp\/v2\/posts"}],"about":[{"href":"https:\/\/agora.xtec.cat\/ecaalfarras\/wp-json\/wp\/v2\/types\/post"}],"author":[{"embeddable":true,"href":"https:\/\/agora.xtec.cat\/ecaalfarras\/wp-json\/wp\/v2\/users\/1"}],"replies":[{"embeddable":true,"href":"https:\/\/agora.xtec.cat\/ecaalfarras\/wp-json\/wp\/v2\/comments?post=2766"}],"version-history":[{"count":3,"href":"https:\/\/agora.xtec.cat\/ecaalfarras\/wp-json\/wp\/v2\/posts\/2766\/revisions"}],"predecessor-version":[{"id":2771,"href":"https:\/\/agora.xtec.cat\/ecaalfarras\/wp-json\/wp\/v2\/posts\/2766\/revisions\/2771"}],"wp:featuredmedia":[{"embeddable":true,"href":"https:\/\/agora.xtec.cat\/ecaalfarras\/wp-json\/wp\/v2\/media\/2773"}],"wp:attachment":[{"href":"https:\/\/agora.xtec.cat\/ecaalfarras\/wp-json\/wp\/v2\/media?parent=2766"}],"wp:term":[{"taxonomy":"category","embeddable":true,"href":"https:\/\/agora.xtec.cat\/ecaalfarras\/wp-json\/wp\/v2\/categories?post=2766"},{"taxonomy":"post_tag","embeddable":true,"href":"https:\/\/agora.xtec.cat\/ecaalfarras\/wp-json\/wp\/v2\/tags?post=2766"}],"curies":[{"name":"wp","href":"https:\/\/api.w.org\/{rel}","templated":true}]}}