{"id":2707,"date":"2024-05-06T15:47:29","date_gmt":"2024-05-06T13:47:29","guid":{"rendered":"https:\/\/agora.xtec.cat\/ecaalfarras\/?p=2707"},"modified":"2024-05-06T15:47:29","modified_gmt":"2024-05-06T13:47:29","slug":"cooperativa-ea-fruits-22-23","status":"publish","type":"post","link":"https:\/\/agora.xtec.cat\/ecaalfarras\/general\/noticies\/cooperativa-ea-fruits-22-23\/","title":{"rendered":"COOPERATIVA EA FRUITS 22-23"},"content":{"rendered":"<header class=\"entry-header\">\n<h1 class=\"entry-title\"><\/h1>\n<\/header>\n<div class=\"entry-content\">\n<p>&nbsp;<\/p>\n<p><strong>La cooperativa EA Fruits de l\u2019Escola Agr\u00e0ria d\u2019Alfarr\u00e0s<\/strong><em>,<\/em>\u00a0creada per l\u2019alumnat de 2n del Cicle Formatiu de Grau Mitj\u00e0 de Producci\u00f3 Agroecol\u00f2gica, va resultar guanyadora del concurs de la\u00a0<strong>4\u00aa Jornada Llavors de Futur d\u2019Emprenedoria Social Jove,<\/strong>\u00a0organitzat per Ponent Coopera, l\u2019Ateneu Cooperatiu de les terres de Lleida.<\/p>\n<p>L\u2019objectiu d\u2019aquesta cooperativa \u00e9s fomentar l\u2019esperit emprenedor\u00a0i\u00a0potenciar el comprom\u00eds amb el territori, la proximitat i el medi ambient, proporcionant aliments de qualitat als consumidors.<\/p>\n<p>L\u2019alumnat apr\u00e8n tot el proc\u00e9s de creaci\u00f3 i gesti\u00f3 empresarial d\u2019una cooperativa i per tant, es fomenta l\u2019aprenentatge aplicat a la pr\u00e0ctica, situant l\u2019alumnat com a protagonista\u00a0de la seva formaci\u00f3.<\/p>\n<p>Es tracta\u00a0d\u2019una activitat lectiva i tots els\u00a0seus beneficis van destinats a una entitat social i el\u00a0<strong>curs 2020-21<\/strong>\u00a0es van destinar a\u00a0<strong>Associaci\u00f3 de Nens amb C\u00e0ncer de Lleida (AFANOC).<\/strong><\/p>\n<p>Cada any aniran destinats a una entitat social diferent que els socis de la cooperativa decideixin.<\/p>\n<p>Si vols con\u00e8ixer m\u00e9s sobre el nostre projecte, t\u2019ho expliquem des de l\u2019inici.<\/p>\n<p>&nbsp;<\/p>\n<h4><strong><a href=\"https:\/\/ruralcat.gencat.cat\/web\/guest\/entrevista\/-\/journal_content\/2002\/20181\/9200257\/la-cooperativa-de-l-escola-agraria-d-alfarras-fomenta-l-esperit-emprenedor-el-compromis-amb-el-territori-la-proximitat-i-el-medi-ambient\">Com\u00a0 neix la nostra cooperativa EA Fruits\u2026<\/a><\/strong><\/h4>\n<\/div>\n","protected":false},"excerpt":{"rendered":"<p>&nbsp;<br \/>\nLa cooperativa EA Fruits de l\u2019Escola Agr\u00e0ria d\u2019Alfarr\u00e0s,\u00a0creada per l\u2019alumnat de 2n del Cicle Formatiu de Grau Mitj\u00e0 de Producci\u00f3 Agroecol\u00f2gica, va resultar guanyadora del concurs de la\u00a04\u00aa Jornada Llavors de Futur d\u2019Emprenedoria Social Jove,\u00a0organitzat per Ponent Coopera, l\u2019Ateneu Cooperatiu de les terres de Lleida.<br \/>\nL\u2019objectiu&hellip;  <a href=\"https:\/\/agora.xtec.cat\/ecaalfarras\/general\/noticies\/cooperativa-ea-fruits-22-23\/\" title=\"Read COOPERATIVA EA FRUITS 22-23\">Llegeix m\u00e9s\u00bb<\/a><\/p>\n","protected":false},"author":1,"featured_media":0,"comment_status":"open","ping_status":"closed","sticky":false,"template":"","format":"standard","meta":{"_bbp_topic_count":0,"_bbp_reply_count":0,"_bbp_total_topic_count":0,"_bbp_total_reply_count":0,"_bbp_voice_count":0,"_bbp_anonymous_reply_count":0,"_bbp_topic_count_hidden":0,"_bbp_reply_count_hidden":0,"_bbp_forum_subforum_count":0,"footnotes":""},"categories":[151],"tags":[],"class_list":["post-2707","post","type-post","status-publish","format-standard","hentry","category-noticies"],"post_mailing_queue_ids":[],"_links":{"self":[{"href":"https:\/\/agora.xtec.cat\/ecaalfarras\/wp-json\/wp\/v2\/posts\/2707","targetHints":{"allow":["GET"]}}],"collection":[{"href":"https:\/\/agora.xtec.cat\/ecaalfarras\/wp-json\/wp\/v2\/posts"}],"about":[{"href":"https:\/\/agora.xtec.cat\/ecaalfarras\/wp-json\/wp\/v2\/types\/post"}],"author":[{"embeddable":true,"href":"https:\/\/agora.xtec.cat\/ecaalfarras\/wp-json\/wp\/v2\/users\/1"}],"replies":[{"embeddable":true,"href":"https:\/\/agora.xtec.cat\/ecaalfarras\/wp-json\/wp\/v2\/comments?post=2707"}],"version-history":[{"count":1,"href":"https:\/\/agora.xtec.cat\/ecaalfarras\/wp-json\/wp\/v2\/posts\/2707\/revisions"}],"predecessor-version":[{"id":2708,"href":"https:\/\/agora.xtec.cat\/ecaalfarras\/wp-json\/wp\/v2\/posts\/2707\/revisions\/2708"}],"wp:attachment":[{"href":"https:\/\/agora.xtec.cat\/ecaalfarras\/wp-json\/wp\/v2\/media?parent=2707"}],"wp:term":[{"taxonomy":"category","embeddable":true,"href":"https:\/\/agora.xtec.cat\/ecaalfarras\/wp-json\/wp\/v2\/categories?post=2707"},{"taxonomy":"post_tag","embeddable":true,"href":"https:\/\/agora.xtec.cat\/ecaalfarras\/wp-json\/wp\/v2\/tags?post=2707"}],"curies":[{"name":"wp","href":"https:\/\/api.w.org\/{rel}","templated":true}]}}