{"id":2702,"date":"2024-05-06T15:45:53","date_gmt":"2024-05-06T13:45:53","guid":{"rendered":"https:\/\/agora.xtec.cat\/ecaalfarras\/?p=2702"},"modified":"2024-06-11T13:29:08","modified_gmt":"2024-06-11T11:29:08","slug":"cooperativa-dalumnat-escola-agraria-dalfarras-23-24","status":"publish","type":"post","link":"https:\/\/agora.xtec.cat\/ecaalfarras\/general\/cooperativa-dalumnat-escola-agraria-dalfarras-23-24\/","title":{"rendered":"Cooperativa d\u2019alumnat Escola Agr\u00e0ria d\u2019Alfarr\u00e0s 23-24"},"content":{"rendered":"<p>Cada curs acad\u00e8mic, l\u2019alumnat de 2n curs del Cicle Formatiu de Grau Mitj\u00e0 en Producci\u00f3 Agroecol\u00f2gica, constitueix una cooperativa d\u2019alumnes amb els seus estatuts, organigrama, missi\u00f3 i valors, logotip, etiqueta, cat\u00e0leg de productes, etc. Aquesta cooperativa \u00a0finalitza la seva activitat un cop acabat el curs acad\u00e8mic.<\/p>\n<p>La cooperativa neix a l\u2019escola amb la coordinaci\u00f3 entre els m\u00f2duls professionals d\u2019Implantaci\u00f3 de cultius i Comercialitzaci\u00f3 de productes agroecol\u00f2gics. Tamb\u00e9 compta amb la dinamitzaci\u00f3, suport i formaci\u00f3 de l\u2019ESSpurna, cooperatives d\u2019alumnes, projecte emmarcat en el Programa d\u2019Economia Social del Departament de Treball i Empresa de la Generalitat de Catalunya.<\/p>\n<p>L\u2019activitat de la cooperativa \u00e9s produir, elaborar i envasar els productes agraris ecol\u00f2gics i vendre\u2019ls directament al consumidor final de proximitat. Gr\u00e0cies a la col\u00b7laboraci\u00f3 de l\u2019Ajuntament d\u2019Alfarr\u00e0s i quan disposem de producci\u00f3 suficient, anem a vendre al mercat municipal de divendres d\u2019Alfarr\u00e0s. Si no \u00e9s possible pujar al mercat municipal de divendres i es disposa de producte fresc sensible al malbaratament, es munta la parada a l\u2019escola i es realitza la venda entre el personal de l\u2019escola i alumnat, a preus simb\u00f2lics.<\/p>\n<p>La missi\u00f3 \u00e9s aprendre el funcionament d\u2019una cooperativa, treballar amb equip i fomentar els valors d\u2019igual a igual entre els socis, fomentar els criteris de comercialitzaci\u00f3 al consumidor final i obtenir un benefici que es destinar\u00e0 a una entitat social.<\/p>\n<p>&nbsp;<\/p>\n<p><img loading=\"lazy\" decoding=\"async\" class=\"wp-image-2705 size-full aligncenter\" src=\"https:\/\/agora.xtec.cat\/ecaalfarras\/wp-content\/uploads\/usu2159\/2024\/05\/Capturaw.png\" alt=\"\" width=\"594\" height=\"357\" srcset=\"https:\/\/agora.xtec.cat\/ecaalfarras\/wp-content\/uploads\/usu2159\/2024\/05\/Capturaw.png 594w, https:\/\/agora.xtec.cat\/ecaalfarras\/wp-content\/uploads\/usu2159\/2024\/05\/Capturaw-300x180.png 300w\" sizes=\"auto, (max-width: 594px) 100vw, 594px\" \/><\/p>\n<p>&nbsp;<\/p>\n","protected":false},"excerpt":{"rendered":"<p>Cada curs acad\u00e8mic, l\u2019alumnat de 2n curs del Cicle Formatiu de Grau Mitj\u00e0 en Producci\u00f3 Agroecol\u00f2gica, constitueix una cooperativa d\u2019alumnes amb els seus estatuts, organigrama, missi\u00f3 i valors, logotip, etiqueta, cat\u00e0leg de productes, etc. Aquesta cooperativa \u00a0finalitza la seva activitat un cop acabat el curs&hellip;  <a href=\"https:\/\/agora.xtec.cat\/ecaalfarras\/general\/cooperativa-dalumnat-escola-agraria-dalfarras-23-24\/\" title=\"Read Cooperativa d\u2019alumnat Escola Agr\u00e0ria d\u2019Alfarr\u00e0s 23-24\">Llegeix m\u00e9s\u00bb<\/a><\/p>\n","protected":false},"author":1,"featured_media":2705,"comment_status":"open","ping_status":"closed","sticky":false,"template":"","format":"standard","meta":{"_bbp_topic_count":0,"_bbp_reply_count":0,"_bbp_total_topic_count":0,"_bbp_total_reply_count":0,"_bbp_voice_count":0,"_bbp_anonymous_reply_count":0,"_bbp_topic_count_hidden":0,"_bbp_reply_count_hidden":0,"_bbp_forum_subforum_count":0,"footnotes":""},"categories":[1,151,157,29],"tags":[186,106,141,109,139,111],"class_list":["post-2702","post","type-post","status-publish","format-standard","has-post-thumbnail","hentry","category-general","category-noticies","category-noticies-2","category-portada","tag-escolesagraries","tag-alfarras","tag-cicle-grau-superio-paisatgisme-i-medi-rural","tag-escoles-agraries","tag-formacio","tag-produccio-ecologica"],"post_mailing_queue_ids":[],"_links":{"self":[{"href":"https:\/\/agora.xtec.cat\/ecaalfarras\/wp-json\/wp\/v2\/posts\/2702","targetHints":{"allow":["GET"]}}],"collection":[{"href":"https:\/\/agora.xtec.cat\/ecaalfarras\/wp-json\/wp\/v2\/posts"}],"about":[{"href":"https:\/\/agora.xtec.cat\/ecaalfarras\/wp-json\/wp\/v2\/types\/post"}],"author":[{"embeddable":true,"href":"https:\/\/agora.xtec.cat\/ecaalfarras\/wp-json\/wp\/v2\/users\/1"}],"replies":[{"embeddable":true,"href":"https:\/\/agora.xtec.cat\/ecaalfarras\/wp-json\/wp\/v2\/comments?post=2702"}],"version-history":[{"count":2,"href":"https:\/\/agora.xtec.cat\/ecaalfarras\/wp-json\/wp\/v2\/posts\/2702\/revisions"}],"predecessor-version":[{"id":2709,"href":"https:\/\/agora.xtec.cat\/ecaalfarras\/wp-json\/wp\/v2\/posts\/2702\/revisions\/2709"}],"wp:featuredmedia":[{"embeddable":true,"href":"https:\/\/agora.xtec.cat\/ecaalfarras\/wp-json\/wp\/v2\/media\/2705"}],"wp:attachment":[{"href":"https:\/\/agora.xtec.cat\/ecaalfarras\/wp-json\/wp\/v2\/media?parent=2702"}],"wp:term":[{"taxonomy":"category","embeddable":true,"href":"https:\/\/agora.xtec.cat\/ecaalfarras\/wp-json\/wp\/v2\/categories?post=2702"},{"taxonomy":"post_tag","embeddable":true,"href":"https:\/\/agora.xtec.cat\/ecaalfarras\/wp-json\/wp\/v2\/tags?post=2702"}],"curies":[{"name":"wp","href":"https:\/\/api.w.org\/{rel}","templated":true}]}}