{"id":2680,"date":"2024-03-15T09:24:13","date_gmt":"2024-03-15T08:24:13","guid":{"rendered":"https:\/\/agora.xtec.cat\/ecaalfarras\/?p=2680"},"modified":"2024-06-11T13:30:57","modified_gmt":"2024-06-11T11:30:57","slug":"viatge-tecnic-a-segovia-23-24","status":"publish","type":"post","link":"https:\/\/agora.xtec.cat\/ecaalfarras\/general\/viatge-tecnic-a-segovia-23-24\/","title":{"rendered":"Viatge t\u00e8cnic a Seg\u00f2via 23\/24"},"content":{"rendered":"<p>El passat mes de febrer els alumnes de l&#8217;EA Alfarr\u00e0s van fer el viatge t\u00e8cnic dels m\u00f2duls de S\u00edntesi i Projectes, alumnat de 2n curs del Cicle Formatiu de Grau Mitj\u00e0 en Producci\u00f3 Agroecol\u00f2gica i Grau Superior en Paisatgisme i Medi Rural.<\/p>\n<p>Dins del viatge vam visitar el Campus del jam\u00f3n\u00a0<a href=\"https:\/\/www.instagram.com\/montenevado\/?hl=es\">@montenevado<\/a> on vam poder fer un tast dels productes locals i aprendre les difer\u00e8ncies entre els tipus de pernils. El Campus del jam\u00f3n \u00e9s un lloc de formaci\u00f3 i investigaci\u00f3 dedicat \u00edntegrament al m\u00f3n del pernil.<\/p>\n<p>Un any m\u00e9s vam gaudir de la formaci\u00f3 i estada en el Campus 4.0 de\u00a0<a href=\"https:\/\/www.instagram.com\/newhollandspain\/?hl=es\">@newhollandspain<\/a>, veient la innovaci\u00f3 en maquin\u00e0ria actual.<\/p>\n<p>Gr\u00e0cies a\u00a0<a href=\"https:\/\/www.instagram.com\/agrotecmt\/?hl=es\">@agrotecmt<\/a>\u00a0, el Campus \u00e9s un lloc de refer\u00e8ncia sobre maquin\u00e0ria agr\u00edcola que acull a molts t\u00e8cnics a nivell nacional per donar formaci\u00f3.<\/p>\n<p>Tamb\u00e9 vam poder fer turisme cultural per Seg\u00f2via i sopar al restaurant\u00a0<a href=\"https:\/\/www.instagram.com\/explore\/tags\/josemar%C3%ADadesegovia\/?hl=es\">#JoseMar\u00edadeSegovia<\/a> per degustar la gastronomia t\u00edpica de la zona.<\/p>\n<p>Tota una experi\u00e8ncia de conviv\u00e8ncia i d\u2019aprenentatges.<\/p>\n<p>&nbsp;<\/p>\n<p><img loading=\"lazy\" decoding=\"async\" class=\"wp-image-2682 aligncenter\" src=\"https:\/\/agora.xtec.cat\/ecaalfarras\/wp-content\/uploads\/usu2159\/2024\/03\/PHOTO-2024-02-26-13-32-23-1-1024x909.jpg\" alt=\"\" width=\"307\" height=\"272\" srcset=\"https:\/\/agora.xtec.cat\/ecaalfarras\/wp-content\/uploads\/usu2159\/2024\/03\/PHOTO-2024-02-26-13-32-23-1-1024x909.jpg 1024w, https:\/\/agora.xtec.cat\/ecaalfarras\/wp-content\/uploads\/usu2159\/2024\/03\/PHOTO-2024-02-26-13-32-23-1-300x266.jpg 300w, https:\/\/agora.xtec.cat\/ecaalfarras\/wp-content\/uploads\/usu2159\/2024\/03\/PHOTO-2024-02-26-13-32-23-1-768x682.jpg 768w, https:\/\/agora.xtec.cat\/ecaalfarras\/wp-content\/uploads\/usu2159\/2024\/03\/PHOTO-2024-02-26-13-32-23-1.jpg 1475w\" sizes=\"auto, (max-width: 307px) 100vw, 307px\" \/><\/p>\n<p><img loading=\"lazy\" decoding=\"async\" class=\"alignnone wp-image-2683\" src=\"https:\/\/agora.xtec.cat\/ecaalfarras\/wp-content\/uploads\/usu2159\/2024\/03\/PHOTO-2024-02-26-13-32-45-1-1024x576.jpg\" alt=\"\" width=\"322\" height=\"181\" srcset=\"https:\/\/agora.xtec.cat\/ecaalfarras\/wp-content\/uploads\/usu2159\/2024\/03\/PHOTO-2024-02-26-13-32-45-1-1024x576.jpg 1024w, https:\/\/agora.xtec.cat\/ecaalfarras\/wp-content\/uploads\/usu2159\/2024\/03\/PHOTO-2024-02-26-13-32-45-1-300x169.jpg 300w, https:\/\/agora.xtec.cat\/ecaalfarras\/wp-content\/uploads\/usu2159\/2024\/03\/PHOTO-2024-02-26-13-32-45-1-768x432.jpg 768w, https:\/\/agora.xtec.cat\/ecaalfarras\/wp-content\/uploads\/usu2159\/2024\/03\/PHOTO-2024-02-26-13-32-45-1-1536x864.jpg 1536w, https:\/\/agora.xtec.cat\/ecaalfarras\/wp-content\/uploads\/usu2159\/2024\/03\/PHOTO-2024-02-26-13-32-45-1.jpg 1600w\" sizes=\"auto, (max-width: 322px) 100vw, 322px\" \/><img loading=\"lazy\" decoding=\"async\" class=\"wp-image-2681 alignleft\" src=\"https:\/\/agora.xtec.cat\/ecaalfarras\/wp-content\/uploads\/usu2159\/2024\/03\/PHOTO-2024-02-26-13-36-19-1024x576.jpg\" alt=\"\" width=\"299\" height=\"168\" srcset=\"https:\/\/agora.xtec.cat\/ecaalfarras\/wp-content\/uploads\/usu2159\/2024\/03\/PHOTO-2024-02-26-13-36-19-1024x576.jpg 1024w, https:\/\/agora.xtec.cat\/ecaalfarras\/wp-content\/uploads\/usu2159\/2024\/03\/PHOTO-2024-02-26-13-36-19-300x169.jpg 300w, https:\/\/agora.xtec.cat\/ecaalfarras\/wp-content\/uploads\/usu2159\/2024\/03\/PHOTO-2024-02-26-13-36-19-768x432.jpg 768w, https:\/\/agora.xtec.cat\/ecaalfarras\/wp-content\/uploads\/usu2159\/2024\/03\/PHOTO-2024-02-26-13-36-19-1536x864.jpg 1536w, https:\/\/agora.xtec.cat\/ecaalfarras\/wp-content\/uploads\/usu2159\/2024\/03\/PHOTO-2024-02-26-13-36-19.jpg 1600w\" sizes=\"auto, (max-width: 299px) 100vw, 299px\" \/><\/p>\n","protected":false},"excerpt":{"rendered":"<p>El passat mes de febrer els alumnes de l&#8217;EA Alfarr\u00e0s van fer el viatge t\u00e8cnic dels m\u00f2duls de S\u00edntesi i Projectes, alumnat de 2n curs del Cicle Formatiu de Grau Mitj\u00e0 en Producci\u00f3 Agroecol\u00f2gica i Grau Superior en Paisatgisme i Medi Rural.<br \/>\nDins del viatge vam&hellip;  <a href=\"https:\/\/agora.xtec.cat\/ecaalfarras\/general\/viatge-tecnic-a-segovia-23-24\/\" title=\"Read Viatge t\u00e8cnic a Seg\u00f2via 23\/24\">Llegeix m\u00e9s\u00bb<\/a><\/p>\n","protected":false},"author":1,"featured_media":2682,"comment_status":"open","ping_status":"closed","sticky":false,"template":"","format":"standard","meta":{"_bbp_topic_count":0,"_bbp_reply_count":0,"_bbp_total_topic_count":0,"_bbp_total_reply_count":0,"_bbp_voice_count":0,"_bbp_anonymous_reply_count":0,"_bbp_topic_count_hidden":0,"_bbp_reply_count_hidden":0,"_bbp_forum_subforum_count":0,"footnotes":""},"categories":[1,151,157,29],"tags":[186,182,140,148,172,178],"class_list":["post-2680","post","type-post","status-publish","format-standard","has-post-thumbnail","hentry","category-general","category-noticies","category-noticies-2","category-portada","tag-escolesagraries","tag-escolesagraries-cfgm-cfgs","tag-cicle-formatiu-produccio-agroecologica","tag-jornades","tag-patt","tag-sostenibilitat"],"post_mailing_queue_ids":[],"_links":{"self":[{"href":"https:\/\/agora.xtec.cat\/ecaalfarras\/wp-json\/wp\/v2\/posts\/2680","targetHints":{"allow":["GET"]}}],"collection":[{"href":"https:\/\/agora.xtec.cat\/ecaalfarras\/wp-json\/wp\/v2\/posts"}],"about":[{"href":"https:\/\/agora.xtec.cat\/ecaalfarras\/wp-json\/wp\/v2\/types\/post"}],"author":[{"embeddable":true,"href":"https:\/\/agora.xtec.cat\/ecaalfarras\/wp-json\/wp\/v2\/users\/1"}],"replies":[{"embeddable":true,"href":"https:\/\/agora.xtec.cat\/ecaalfarras\/wp-json\/wp\/v2\/comments?post=2680"}],"version-history":[{"count":3,"href":"https:\/\/agora.xtec.cat\/ecaalfarras\/wp-json\/wp\/v2\/posts\/2680\/revisions"}],"predecessor-version":[{"id":2694,"href":"https:\/\/agora.xtec.cat\/ecaalfarras\/wp-json\/wp\/v2\/posts\/2680\/revisions\/2694"}],"wp:featuredmedia":[{"embeddable":true,"href":"https:\/\/agora.xtec.cat\/ecaalfarras\/wp-json\/wp\/v2\/media\/2682"}],"wp:attachment":[{"href":"https:\/\/agora.xtec.cat\/ecaalfarras\/wp-json\/wp\/v2\/media?parent=2680"}],"wp:term":[{"taxonomy":"category","embeddable":true,"href":"https:\/\/agora.xtec.cat\/ecaalfarras\/wp-json\/wp\/v2\/categories?post=2680"},{"taxonomy":"post_tag","embeddable":true,"href":"https:\/\/agora.xtec.cat\/ecaalfarras\/wp-json\/wp\/v2\/tags?post=2680"}],"curies":[{"name":"wp","href":"https:\/\/api.w.org\/{rel}","templated":true}]}}