{"id":2675,"date":"2024-01-18T11:12:03","date_gmt":"2024-01-18T10:12:03","guid":{"rendered":"https:\/\/agora.xtec.cat\/ecaalfarras\/?p=2675"},"modified":"2024-01-18T11:13:42","modified_gmt":"2024-01-18T10:13:42","slug":"oferta-cursos-i-jornades","status":"publish","type":"post","link":"https:\/\/agora.xtec.cat\/ecaalfarras\/general\/oferta-cursos-i-jornades\/","title":{"rendered":"Oferta Cursos i Jornades 2024"},"content":{"rendered":"<p>&nbsp;<\/p>\n<p><span style=\"font-family: verdana, geneva, sans-serif;\">Des de l&#8217;Escola Agr\u00e0ria d&#8217;Alfarr\u00e0s us volem ajudar a ampliar els vostres coneixements i compartir noves t\u00e8cniques i perspectives,\u00a0per a millorar les explotacions o negocis agroramaders.<\/span><\/p>\n<p><span style=\"font-family: verdana, geneva, sans-serif;\">Volem mostrar-vos l&#8217;oferta de cursos i jornades de transfer\u00e8ncia tecnol\u00f2gica (PATT), que tenim preparats per al nou curs 2024. Podeu contactar amb el centre o omplir el formulari per rebre la informaci\u00f3 del curs que us interessa.<\/span><\/p>\n<p><a href=\"https:\/\/docs.google.com\/forms\/d\/e\/1FAIpQLSdMHtwKm1HANRBq0-WGyRvl0MmeyzilosDNHj4RkU9IL4oFew\/viewform\">Formulari preinscripci\u00f3 a cursos i jornades<\/a><\/p>\n<ul>\n<li><a href=\"https:\/\/agora.xtec.cat\/ecaalfarras\/cursos\/?preview_id=2102&amp;preview_nonce=e7506748ac&amp;preview=true\">Cursos formaci\u00f3 cont\u00ednua 2024<\/a><\/li>\n<li><a href=\"https:\/\/agora.xtec.cat\/ecaalfarras\/cursos-i-jornades-20-21\/jornades\/\">Jornades PATT 2024<\/a><\/li>\n<\/ul>\n","protected":false},"excerpt":{"rendered":"<p>&nbsp;<br \/>\nDes de l&#8217;Escola Agr\u00e0ria d&#8217;Alfarr\u00e0s us volem ajudar a ampliar els vostres coneixements i compartir noves t\u00e8cniques i perspectives,\u00a0per a millorar les explotacions o negocis agroramaders.<br \/>\nVolem mostrar-vos l&#8217;oferta de cursos i jornades de transfer\u00e8ncia tecnol\u00f2gica (PATT), que tenim preparats per al nou curs 2024. Podeu&hellip;  <a href=\"https:\/\/agora.xtec.cat\/ecaalfarras\/general\/oferta-cursos-i-jornades\/\" title=\"Read Oferta Cursos i Jornades 2024\">Llegeix m\u00e9s\u00bb<\/a><\/p>\n","protected":false},"author":1,"featured_media":1588,"comment_status":"closed","ping_status":"closed","sticky":false,"template":"","format":"standard","meta":{"_bbp_topic_count":0,"_bbp_reply_count":0,"_bbp_total_topic_count":0,"_bbp_total_reply_count":0,"_bbp_voice_count":0,"_bbp_anonymous_reply_count":0,"_bbp_topic_count_hidden":0,"_bbp_reply_count_hidden":0,"_bbp_forum_subforum_count":0,"footnotes":""},"categories":[1,151,29],"tags":[186,182,140,148,172,178],"class_list":["post-2675","post","type-post","status-publish","format-standard","has-post-thumbnail","hentry","category-general","category-noticies","category-portada","tag-escolesagraries","tag-escolesagraries-cfgm-cfgs","tag-cicle-formatiu-produccio-agroecologica","tag-jornades","tag-patt","tag-sostenibilitat"],"post_mailing_queue_ids":[],"_links":{"self":[{"href":"https:\/\/agora.xtec.cat\/ecaalfarras\/wp-json\/wp\/v2\/posts\/2675","targetHints":{"allow":["GET"]}}],"collection":[{"href":"https:\/\/agora.xtec.cat\/ecaalfarras\/wp-json\/wp\/v2\/posts"}],"about":[{"href":"https:\/\/agora.xtec.cat\/ecaalfarras\/wp-json\/wp\/v2\/types\/post"}],"author":[{"embeddable":true,"href":"https:\/\/agora.xtec.cat\/ecaalfarras\/wp-json\/wp\/v2\/users\/1"}],"replies":[{"embeddable":true,"href":"https:\/\/agora.xtec.cat\/ecaalfarras\/wp-json\/wp\/v2\/comments?post=2675"}],"version-history":[{"count":3,"href":"https:\/\/agora.xtec.cat\/ecaalfarras\/wp-json\/wp\/v2\/posts\/2675\/revisions"}],"predecessor-version":[{"id":2678,"href":"https:\/\/agora.xtec.cat\/ecaalfarras\/wp-json\/wp\/v2\/posts\/2675\/revisions\/2678"}],"wp:featuredmedia":[{"embeddable":true,"href":"https:\/\/agora.xtec.cat\/ecaalfarras\/wp-json\/wp\/v2\/media\/1588"}],"wp:attachment":[{"href":"https:\/\/agora.xtec.cat\/ecaalfarras\/wp-json\/wp\/v2\/media?parent=2675"}],"wp:term":[{"taxonomy":"category","embeddable":true,"href":"https:\/\/agora.xtec.cat\/ecaalfarras\/wp-json\/wp\/v2\/categories?post=2675"},{"taxonomy":"post_tag","embeddable":true,"href":"https:\/\/agora.xtec.cat\/ecaalfarras\/wp-json\/wp\/v2\/tags?post=2675"}],"curies":[{"name":"wp","href":"https:\/\/api.w.org\/{rel}","templated":true}]}}