{"id":2645,"date":"2023-11-10T09:54:47","date_gmt":"2023-11-10T08:54:47","guid":{"rendered":"https:\/\/agora.xtec.cat\/ecaalfarras\/?p=2645"},"modified":"2023-11-13T14:16:41","modified_gmt":"2023-11-13T13:16:41","slug":"celebracio-50-anys-ea-alfarras","status":"publish","type":"post","link":"https:\/\/agora.xtec.cat\/ecaalfarras\/general\/celebracio-50-anys-ea-alfarras\/","title":{"rendered":"Celebraci\u00f3 50 anys EA Alfarr\u00e0s"},"content":{"rendered":"<p>&nbsp;<\/p>\n<p>Com ja sabeu enguany, el\u00a0 <strong>21 d\u2019octubre <\/strong>l\u2019Escola Agr\u00e0ria d\u2019Alfarr\u00e0s, va celebrar els seus <strong>50 anys<\/strong>, impartint formaci\u00f3 agr\u00e0ria a joves i adults de la zona i ho vam celebrar amb els nostres exalumnes.<\/p>\n<p>Vam assitir m\u00e9s de <strong>250 persones<\/strong> i vam preparar una serie d\u2019activitats per poder retrobar-nos, com una demostraci\u00f3 de drons, fotocall de les diferents promocions, exposici\u00f3 fotografica d&#8217;ex alumnes de l&#8217;escola, etc&#8230;<\/p>\n<p><strong>Va ser un dia d&#8217;alegria i ple de retrobaments i emocions.Gr\u00e0cies als que vau vindre i als que ho vau fer possible!!<\/strong><\/p>\n<p>Ara a pels 60 anys\u2026<\/p>\n<p>Forma\u2019t, viu l\u2019<a class=\"x1i10hfl xjbqb8w x6umtig x1b1mbwd xaqea5y xav7gou x9f619 x1ypdohk xt0psk2 xe8uvvx xdj266r x11i5rnm xat24cr x1mh8g0r xexx8yu x4uap5 x18d9i69 xkhd6sd x16tdsg8 x1hl2dhg xggy1nq x1a2a7pz _aa9_ _a6hd\" tabindex=\"0\" role=\"link\" href=\"https:\/\/www.instagram.com\/explore\/tags\/agricultura\/\">#agricultura<\/a>, sent la\u00a0<a class=\"x1i10hfl xjbqb8w x6umtig x1b1mbwd xaqea5y xav7gou x9f619 x1ypdohk xt0psk2 xe8uvvx xdj266r x11i5rnm xat24cr x1mh8g0r xexx8yu x4uap5 x18d9i69 xkhd6sd x16tdsg8 x1hl2dhg xggy1nq x1a2a7pz _aa9_ _a6hd\" tabindex=\"0\" role=\"link\" href=\"https:\/\/www.instagram.com\/explore\/tags\/natura\/\">#natura<\/a>\u00a0a l\u2019<a class=\"x1i10hfl xjbqb8w x6umtig x1b1mbwd xaqea5y xav7gou x9f619 x1ypdohk xt0psk2 xe8uvvx xdj266r x11i5rnm xat24cr x1mh8g0r xexx8yu x4uap5 x18d9i69 xkhd6sd x16tdsg8 x1hl2dhg xggy1nq x1a2a7pz _aa9_ _a6hd\" tabindex=\"0\" role=\"link\" href=\"https:\/\/www.instagram.com\/explore\/tags\/escolaagr%C3%A0ria\/\">#EscolaAgr\u00e0ria<\/a>\u00a0d\u2019Alfarr\u00e0s! \ud83c\udf31<\/p>\n<p><iframe loading=\"lazy\" title=\"50\u00e8 aniversari EA Alfarr\u00e0s\" width=\"500\" height=\"281\" src=\"https:\/\/www.youtube.com\/embed\/voDtCG1aziQ?feature=oembed\" frameborder=\"0\" allow=\"accelerometer; autoplay; clipboard-write; encrypted-media; gyroscope; picture-in-picture; web-share\" referrerpolicy=\"strict-origin-when-cross-origin\" allowfullscreen><\/iframe><\/p>\n<p><img loading=\"lazy\" decoding=\"async\" class=\"wp-image-2647 aligncenter\" src=\"https:\/\/agora.xtec.cat\/ecaalfarras\/wp-content\/uploads\/usu2159\/2023\/11\/2.png\" alt=\"\" width=\"606\" height=\"427\" srcset=\"https:\/\/agora.xtec.cat\/ecaalfarras\/wp-content\/uploads\/usu2159\/2023\/11\/2.png 1014w, https:\/\/agora.xtec.cat\/ecaalfarras\/wp-content\/uploads\/usu2159\/2023\/11\/2-300x211.png 300w, https:\/\/agora.xtec.cat\/ecaalfarras\/wp-content\/uploads\/usu2159\/2023\/11\/2-768x541.png 768w\" sizes=\"auto, (max-width: 606px) 100vw, 606px\" \/><\/p>\n<p><img loading=\"lazy\" decoding=\"async\" class=\"wp-image-2648 aligncenter\" src=\"https:\/\/agora.xtec.cat\/ecaalfarras\/wp-content\/uploads\/usu2159\/2023\/11\/3.png\" alt=\"\" width=\"582\" height=\"374\" srcset=\"https:\/\/agora.xtec.cat\/ecaalfarras\/wp-content\/uploads\/usu2159\/2023\/11\/3.png 1002w, https:\/\/agora.xtec.cat\/ecaalfarras\/wp-content\/uploads\/usu2159\/2023\/11\/3-300x193.png 300w, https:\/\/agora.xtec.cat\/ecaalfarras\/wp-content\/uploads\/usu2159\/2023\/11\/3-768x493.png 768w\" sizes=\"auto, (max-width: 582px) 100vw, 582px\" \/><\/p>\n<p><img loading=\"lazy\" decoding=\"async\" class=\"wp-image-2652 aligncenter\" src=\"https:\/\/agora.xtec.cat\/ecaalfarras\/wp-content\/uploads\/usu2159\/2023\/11\/4.png\" alt=\"\" width=\"529\" height=\"359\" srcset=\"https:\/\/agora.xtec.cat\/ecaalfarras\/wp-content\/uploads\/usu2159\/2023\/11\/4.png 716w, https:\/\/agora.xtec.cat\/ecaalfarras\/wp-content\/uploads\/usu2159\/2023\/11\/4-300x204.png 300w\" sizes=\"auto, (max-width: 529px) 100vw, 529px\" \/><\/p>\n","protected":false},"excerpt":{"rendered":"<p>&nbsp;<br \/>\nCom ja sabeu enguany, el\u00a0 21 d\u2019octubre l\u2019Escola Agr\u00e0ria d\u2019Alfarr\u00e0s, va celebrar els seus 50 anys, impartint formaci\u00f3 agr\u00e0ria a joves i adults de la zona i ho vam celebrar amb els nostres exalumnes.<br \/>\nVam assitir m\u00e9s de 250 persones i vam preparar una serie d\u2019activitats&hellip;  <a href=\"https:\/\/agora.xtec.cat\/ecaalfarras\/general\/celebracio-50-anys-ea-alfarras\/\" title=\"Read Celebraci\u00f3 50 anys EA Alfarr\u00e0s\">Llegeix m\u00e9s\u00bb<\/a><\/p>\n","protected":false},"author":1,"featured_media":2646,"comment_status":"open","ping_status":"closed","sticky":false,"template":"","format":"standard","meta":{"_bbp_topic_count":0,"_bbp_reply_count":0,"_bbp_total_topic_count":0,"_bbp_total_reply_count":0,"_bbp_voice_count":0,"_bbp_anonymous_reply_count":0,"_bbp_topic_count_hidden":0,"_bbp_reply_count_hidden":0,"_bbp_forum_subforum_count":0,"footnotes":""},"categories":[1,151,29],"tags":[],"class_list":["post-2645","post","type-post","status-publish","format-standard","has-post-thumbnail","hentry","category-general","category-noticies","category-portada"],"post_mailing_queue_ids":[],"_links":{"self":[{"href":"https:\/\/agora.xtec.cat\/ecaalfarras\/wp-json\/wp\/v2\/posts\/2645","targetHints":{"allow":["GET"]}}],"collection":[{"href":"https:\/\/agora.xtec.cat\/ecaalfarras\/wp-json\/wp\/v2\/posts"}],"about":[{"href":"https:\/\/agora.xtec.cat\/ecaalfarras\/wp-json\/wp\/v2\/types\/post"}],"author":[{"embeddable":true,"href":"https:\/\/agora.xtec.cat\/ecaalfarras\/wp-json\/wp\/v2\/users\/1"}],"replies":[{"embeddable":true,"href":"https:\/\/agora.xtec.cat\/ecaalfarras\/wp-json\/wp\/v2\/comments?post=2645"}],"version-history":[{"count":5,"href":"https:\/\/agora.xtec.cat\/ecaalfarras\/wp-json\/wp\/v2\/posts\/2645\/revisions"}],"predecessor-version":[{"id":2658,"href":"https:\/\/agora.xtec.cat\/ecaalfarras\/wp-json\/wp\/v2\/posts\/2645\/revisions\/2658"}],"wp:featuredmedia":[{"embeddable":true,"href":"https:\/\/agora.xtec.cat\/ecaalfarras\/wp-json\/wp\/v2\/media\/2646"}],"wp:attachment":[{"href":"https:\/\/agora.xtec.cat\/ecaalfarras\/wp-json\/wp\/v2\/media?parent=2645"}],"wp:term":[{"taxonomy":"category","embeddable":true,"href":"https:\/\/agora.xtec.cat\/ecaalfarras\/wp-json\/wp\/v2\/categories?post=2645"},{"taxonomy":"post_tag","embeddable":true,"href":"https:\/\/agora.xtec.cat\/ecaalfarras\/wp-json\/wp\/v2\/tags?post=2645"}],"curies":[{"name":"wp","href":"https:\/\/api.w.org\/{rel}","templated":true}]}}