{"id":2623,"date":"2023-09-20T09:23:43","date_gmt":"2023-09-20T07:23:43","guid":{"rendered":"https:\/\/agora.xtec.cat\/ecaalfarras\/?p=2623"},"modified":"2024-05-06T16:01:12","modified_gmt":"2024-05-06T14:01:12","slug":"inici-curs-23-24","status":"publish","type":"post","link":"https:\/\/agora.xtec.cat\/ecaalfarras\/general\/inici-curs-23-24\/","title":{"rendered":"Inici curs 23-24"},"content":{"rendered":"<p>&nbsp;<\/p>\n<p>Un any m\u00e9s comen\u00e7a un curs escolar carregat de ganes i il\u00b7lusi\u00f3 pe<span style=\"color: black;\">r atendre i ensenyar e<\/span>ls nostres alumnes. Aquest any 23\/24 continuem amb el cicle formatiu de <a href=\"https:\/\/agora.xtec.cat\/ecaalfarras\/estudis\/cicle-formatiu-de-produccio-agroecologica-cfgm\/\">grau mitj\u00e0 en <span style=\"color: black;\">P<\/span>roducci\u00f3 agroecol\u00f2gica<\/a> i <a href=\"https:\/\/agora.xtec.cat\/ecaalfarras\/estudis\/cicle-formatiu-paisatgisme-i-medi-rural-cfgs\/\">el cicle formatiu de grau superior en <span style=\"color: black;\">P<\/span>aisatgisme i medi rural<\/a>.<\/p>\n<p>Els estudis de formaci\u00f3 inicial<span style=\"color: black;\"> s\u00f3<\/span>n la base per formar als futurs productors, ramaders i treballadors del sector agrari de les nostres terres.<\/p>\n<p>Formar-se \u00e9s una manera d&#8217;adquirir noves idees, veure la projecci\u00f3 del nostre sector i recon\u00e8ix<span style=\"color: black;\">er<\/span> les l\u00ednies de treballar del futur.<\/p>\n<p>Aquest<span style=\"color: black;\">s<\/span> tipus d&#8217;ensenyament<span style=\"color: black;\">s<\/span> s\u00f3n molt \u00fatils per a joves que volen incorporar-se a l\u2019explotaci\u00f3 familiar o volen gaudir de les l\u00ednies d&#8217;ajuts a la Incorporaci\u00f3 de <a href=\"https:\/\/agricultura.gencat.cat\/ca\/ambits\/desenvolupament-rural\/contracte-global-explotacio\/ajuts-competitivitat\/primera-installacio-joves-agricultors\/index.html\">Joves Agricultors<\/a> que ofereix el departament.<\/p>\n<p>El curs actual ve carrega<span style=\"color: black;\">t<\/span> de novetats,\u00a0jornades i <a href=\"https:\/\/agora.xtec.cat\/ecaalfarras\/cursos\/\">cursos de formaci\u00f3<\/a> cont\u00ednua<span style=\"color: black;\"> que<\/span> aprofund<span style=\"color: black;\">eixen<\/span> en temes emergents con la digitalitzaci\u00f3 de l&#8217;agricultura, <span style=\"color: black;\">l\u2019<\/span>assessor<span style=\"color: black;\">ament<\/span> en fertilitzants<span style=\"color: black;\"> i etc<\/span>.<\/p>\n<p>Desitgem que gaudiu del curs que comen\u00e7a.<\/p>\n<p><img loading=\"lazy\" decoding=\"async\" class=\"wp-image-2616 aligncenter\" src=\"https:\/\/agora.xtec.cat\/ecaalfarras\/wp-content\/uploads\/usu2159\/2023\/09\/equip.jpg\" alt=\"\" width=\"441\" height=\"270\" data-wp-editing=\"1\" srcset=\"https:\/\/agora.xtec.cat\/ecaalfarras\/wp-content\/uploads\/usu2159\/2023\/09\/equip.jpg 552w, https:\/\/agora.xtec.cat\/ecaalfarras\/wp-content\/uploads\/usu2159\/2023\/09\/equip-300x184.jpg 300w\" sizes=\"auto, (max-width: 441px) 100vw, 441px\" \/><\/p>\n<p><img loading=\"lazy\" decoding=\"async\" class=\"wp-image-2609 alignleft\" src=\"https:\/\/agora.xtec.cat\/ecaalfarras\/wp-content\/uploads\/usu2159\/2023\/09\/0-1-3-1024x768.jpg\" alt=\"\" width=\"295\" height=\"221\" srcset=\"https:\/\/agora.xtec.cat\/ecaalfarras\/wp-content\/uploads\/usu2159\/2023\/09\/0-1-3-1024x768.jpg 1024w, https:\/\/agora.xtec.cat\/ecaalfarras\/wp-content\/uploads\/usu2159\/2023\/09\/0-1-3-300x225.jpg 300w, https:\/\/agora.xtec.cat\/ecaalfarras\/wp-content\/uploads\/usu2159\/2023\/09\/0-1-3-768x576.jpg 768w, https:\/\/agora.xtec.cat\/ecaalfarras\/wp-content\/uploads\/usu2159\/2023\/09\/0-1-3-200x150.jpg 200w, https:\/\/agora.xtec.cat\/ecaalfarras\/wp-content\/uploads\/usu2159\/2023\/09\/0-1-3.jpg 1153w\" sizes=\"auto, (max-width: 295px) 100vw, 295px\" \/><img loading=\"lazy\" decoding=\"async\" class=\"wp-image-2606 alignright\" src=\"https:\/\/agora.xtec.cat\/ecaalfarras\/wp-content\/uploads\/usu2159\/2023\/09\/0-17-1024x768.jpg\" alt=\"\" width=\"298\" height=\"223\" srcset=\"https:\/\/agora.xtec.cat\/ecaalfarras\/wp-content\/uploads\/usu2159\/2023\/09\/0-17-1024x768.jpg 1024w, https:\/\/agora.xtec.cat\/ecaalfarras\/wp-content\/uploads\/usu2159\/2023\/09\/0-17-300x225.jpg 300w, https:\/\/agora.xtec.cat\/ecaalfarras\/wp-content\/uploads\/usu2159\/2023\/09\/0-17-768x576.jpg 768w, https:\/\/agora.xtec.cat\/ecaalfarras\/wp-content\/uploads\/usu2159\/2023\/09\/0-17-200x150.jpg 200w, https:\/\/agora.xtec.cat\/ecaalfarras\/wp-content\/uploads\/usu2159\/2023\/09\/0-17.jpg 1153w\" sizes=\"auto, (max-width: 298px) 100vw, 298px\" \/><\/p>\n<p>&nbsp;<\/p>\n","protected":false},"excerpt":{"rendered":"<p>&nbsp;<br \/>\nUn any m\u00e9s comen\u00e7a un curs escolar carregat de ganes i il\u00b7lusi\u00f3 per atendre i ensenyar els nostres alumnes. Aquest any 23\/24 continuem amb el cicle formatiu de <a href=\"https:\/\/agora.xtec.cat\/ecaalfarras\/estudis\/cicle-formatiu-de-produccio-agroecologica-cfgm\/\">grau mitj\u00e0 en Producci\u00f3 agroecol\u00f2gica<\/a> i <a href=\"https:\/\/agora.xtec.cat\/ecaalfarras\/estudis\/cicle-formatiu-paisatgisme-i-medi-rural-cfgs\/\">el cicle formatiu de grau superior en Paisatgisme i&hellip;  <a href=\"https:\/\/agora.xtec.cat\/ecaalfarras\/general\/inici-curs-23-24\/\" title=\"Read Inici curs 23-24\">Llegeix m\u00e9s\u00bb<\/a><\/p>\n","protected":false},"author":1,"featured_media":2616,"comment_status":"open","ping_status":"closed","sticky":false,"template":"","format":"standard","meta":{"_bbp_topic_count":0,"_bbp_reply_count":0,"_bbp_total_topic_count":0,"_bbp_total_reply_count":0,"_bbp_voice_count":0,"_bbp_anonymous_reply_count":0,"_bbp_topic_count_hidden":0,"_bbp_reply_count_hidden":0,"_bbp_forum_subforum_count":0,"footnotes":""},"categories":[1,151,29],"tags":[186,185,159,140,141],"class_list":["post-2623","post","type-post","status-publish","format-standard","has-post-thumbnail","hentry","category-general","category-noticies","category-portada","tag-escolesagraries","tag-exalumesalfarras","tag-ccpae","tag-cicle-formatiu-produccio-agroecologica","tag-cicle-grau-superio-paisatgisme-i-medi-rural"],"post_mailing_queue_ids":[],"_links":{"self":[{"href":"https:\/\/agora.xtec.cat\/ecaalfarras\/wp-json\/wp\/v2\/posts\/2623","targetHints":{"allow":["GET"]}}],"collection":[{"href":"https:\/\/agora.xtec.cat\/ecaalfarras\/wp-json\/wp\/v2\/posts"}],"about":[{"href":"https:\/\/agora.xtec.cat\/ecaalfarras\/wp-json\/wp\/v2\/types\/post"}],"author":[{"embeddable":true,"href":"https:\/\/agora.xtec.cat\/ecaalfarras\/wp-json\/wp\/v2\/users\/1"}],"replies":[{"embeddable":true,"href":"https:\/\/agora.xtec.cat\/ecaalfarras\/wp-json\/wp\/v2\/comments?post=2623"}],"version-history":[{"count":3,"href":"https:\/\/agora.xtec.cat\/ecaalfarras\/wp-json\/wp\/v2\/posts\/2623\/revisions"}],"predecessor-version":[{"id":2630,"href":"https:\/\/agora.xtec.cat\/ecaalfarras\/wp-json\/wp\/v2\/posts\/2623\/revisions\/2630"}],"wp:featuredmedia":[{"embeddable":true,"href":"https:\/\/agora.xtec.cat\/ecaalfarras\/wp-json\/wp\/v2\/media\/2616"}],"wp:attachment":[{"href":"https:\/\/agora.xtec.cat\/ecaalfarras\/wp-json\/wp\/v2\/media?parent=2623"}],"wp:term":[{"taxonomy":"category","embeddable":true,"href":"https:\/\/agora.xtec.cat\/ecaalfarras\/wp-json\/wp\/v2\/categories?post=2623"},{"taxonomy":"post_tag","embeddable":true,"href":"https:\/\/agora.xtec.cat\/ecaalfarras\/wp-json\/wp\/v2\/tags?post=2623"}],"curies":[{"name":"wp","href":"https:\/\/api.w.org\/{rel}","templated":true}]}}