{"id":2428,"date":"2022-05-25T12:24:58","date_gmt":"2022-05-25T10:24:58","guid":{"rendered":"https:\/\/agora.xtec.cat\/ecaalfarras\/?p=2428"},"modified":"2022-05-26T09:45:21","modified_gmt":"2022-05-26T07:45:21","slug":"hotel-dinsectes-i-de-fauna-auxiliar","status":"publish","type":"post","link":"https:\/\/agora.xtec.cat\/ecaalfarras\/general\/hotel-dinsectes-i-de-fauna-auxiliar\/","title":{"rendered":"HOTEL D\u2019INSECTES I DE FAUNA AUXILIAR"},"content":{"rendered":"<p>&nbsp;<\/p>\n<p>Aquest <strong>\u00e9s un allotjament de diferents insectes pol\u00b7linitzadors i depredadors<\/strong> de plagues.<\/p>\n<p>La infraestructura creada pret\u00e9n <strong>acollir a diversa fauna<\/strong> que col\u00b7labora en dur a terme <strong>les tasques de control biol\u00f2gic i de quallat dels fruits de la finca.<\/strong><\/p>\n<p>Els diferents refugis estan dimensionats en funci\u00f3 del tipus d\u2019insectes que es poden instal\u00b7lar:<\/p>\n<ul>\n<li><strong>L\u2019esp\u00e8cie pol\u00b7linitzant que s\u2019allotja \u00e9s l\u2019<em>Osmia cornuta<\/em><\/strong>. \u00c9s un tipus d\u2019abella de mida superior a l&#8217;abella de la mel (<em>Apis mellifera<\/em>) amb una capacitat de fecundar un nombre de flors m\u00e9s elevada.<\/li>\n<\/ul>\n<p><img loading=\"lazy\" decoding=\"async\" class=\"alignnone wp-image-2429\" src=\"https:\/\/agora.xtec.cat\/ecaalfarras\/wp-content\/uploads\/usu2159\/2022\/05\/11.jpg\" alt=\"\" width=\"302\" height=\"201\" \/> <img loading=\"lazy\" decoding=\"async\" class=\"alignnone wp-image-2430\" src=\"https:\/\/agora.xtec.cat\/ecaalfarras\/wp-content\/uploads\/usu2159\/2022\/05\/22.jpg\" alt=\"\" width=\"134\" height=\"201\" srcset=\"https:\/\/agora.xtec.cat\/ecaalfarras\/wp-content\/uploads\/usu2159\/2022\/05\/22.jpg 261w, https:\/\/agora.xtec.cat\/ecaalfarras\/wp-content\/uploads\/usu2159\/2022\/05\/22-200x300.jpg 200w\" sizes=\"auto, (max-width: 134px) 100vw, 134px\" \/><\/p>\n<ul>\n<li>Les esp\u00e8cies per al control biol\u00f2gic de plagues s\u00f3n del g\u00e8nere:\n<ul>\n<li>S\u00edrfids<\/li>\n<li>Marietes<\/li>\n<li>Crisopes<\/li>\n<li>Parasitoides<\/li>\n<\/ul>\n<\/li>\n<\/ul>\n<p><img loading=\"lazy\" decoding=\"async\" class=\"alignnone wp-image-2431\" src=\"https:\/\/agora.xtec.cat\/ecaalfarras\/wp-content\/uploads\/usu2159\/2022\/05\/33.jpg\" alt=\"\" width=\"339\" height=\"229\" \/> <img loading=\"lazy\" decoding=\"async\" class=\"wp-image-2432 alignleft\" src=\"https:\/\/agora.xtec.cat\/ecaalfarras\/wp-content\/uploads\/usu2159\/2022\/05\/35.jpg\" alt=\"\" width=\"246\" height=\"216\" \/> <img loading=\"lazy\" decoding=\"async\" class=\"wp-image-2434 alignleft\" src=\"https:\/\/agora.xtec.cat\/ecaalfarras\/wp-content\/uploads\/usu2159\/2022\/05\/34.jpg\" alt=\"\" width=\"279\" height=\"212\" srcset=\"https:\/\/agora.xtec.cat\/ecaalfarras\/wp-content\/uploads\/usu2159\/2022\/05\/34.jpg 348w, https:\/\/agora.xtec.cat\/ecaalfarras\/wp-content\/uploads\/usu2159\/2022\/05\/34-300x228.jpg 300w\" sizes=\"auto, (max-width: 279px) 100vw, 279px\" \/><img loading=\"lazy\" decoding=\"async\" class=\"wp-image-2433 alignleft\" src=\"https:\/\/agora.xtec.cat\/ecaalfarras\/wp-content\/uploads\/usu2159\/2022\/05\/31.jpg\" alt=\"\" width=\"326\" height=\"218\" srcset=\"https:\/\/agora.xtec.cat\/ecaalfarras\/wp-content\/uploads\/usu2159\/2022\/05\/31.jpg 411w, https:\/\/agora.xtec.cat\/ecaalfarras\/wp-content\/uploads\/usu2159\/2022\/05\/31-300x200.jpg 300w\" sizes=\"auto, (max-width: 326px) 100vw, 326px\" \/><\/p>\n<p>&nbsp;<\/p>\n<p>&nbsp;<\/p>\n<p>&nbsp;<\/p>\n<p>&nbsp;<\/p>\n<p>&nbsp;<\/p>\n<p>&nbsp;<\/p>\n<p><em><strong>PL\u00c0NOL DE L&#8217;EXPLOTACI\u00d3<\/strong><\/em><\/p>\n<p>Exposici\u00f3 de les parcel\u00b7les productives que es troben en producci\u00f3 agr\u00e0ria ecol\u00f2gica a l\u2019Escola Agr\u00e0ria d\u2019Alfarr\u00e0s.<\/p>\n<p><strong>\u00c9s una mostra gr\u00e0fica<\/strong> on s\u2019indiquen cadascuna de les parcel\u00b7les agr\u00edcoles que presenta <strong>la finca de 20 ha de l\u2019escola. <\/strong>L\u2019explotaci\u00f3 es troba certificada pel<strong> Consell Catal\u00e0 de Producci\u00f3 Agr\u00e0ria Ecol\u00f2gica<\/strong>.<\/p>\n<p>Els cultius m\u00e9s representatius s\u00f3n:<\/p>\n<ul>\n<li><em><strong>Fruita dol\u00e7a,<\/strong>\u00a0\u00a0<a href=\"https:\/\/agora.xtec.cat\/ecaalfarras\/categoria\/els-nostres-productes\/\">els nostres productes i varietats :<\/a><\/em>\n<ul>\n<li>Poma<\/li>\n<li>Pera: <a href=\"https:\/\/agora.xtec.cat\/ecaalfarras\/pera-ercolini\/\">Ercolini <\/a>\u00a0&#8211; <a href=\"https:\/\/agora.xtec.cat\/ecaalfarras\/pera-blanquilla\/\">Blanquilla<\/a><\/li>\n<li>Pr\u00e9ssec : <a href=\"https:\/\/agora.xtec.cat\/ecaalfarras\/el-pressec-groc-de-lescola\/\">Pr\u00e8ssec groc de l&#8217;escola<\/a><\/li>\n<li>Nectarina<\/li>\n<li>Paraguai\u00e0<\/li>\n<li>Albercoc<em style=\"font-family: inherit; font-size: 1em;\">\u00a0<\/em><\/li>\n<\/ul>\n<\/li>\n<\/ul>\n<ul>\n<li><strong><em>Fruita seca<\/em><\/strong>\n<ul>\n<li>Ametlla<\/li>\n<li>Noguers<\/li>\n<\/ul>\n<\/li>\n<\/ul>\n<ul>\n<li><strong><em>Cereal d\u2019hivern<\/em><\/strong>\n<ul>\n<li>Ordi<\/li>\n<li>Adob en verd (Ve\u00e7a\/Civada)<\/li>\n<\/ul>\n<\/li>\n<\/ul>\n<ul>\n<li><strong><em>Cultius hort\u00edcoles<\/em><\/strong>\n<ul>\n<li>Horta d\u2019hivern\n<ul>\n<li>Enciams<\/li>\n<li>Bledes<\/li>\n<li>Cebes<\/li>\n<li>Alls<\/li>\n<li>Br\u00f2quil<\/li>\n<li>Coliflor<\/li>\n<\/ul>\n<\/li>\n<\/ul>\n<\/li>\n<li><strong><em>Plates arom\u00e0tiques<\/em> <\/strong>(alimentaci\u00f3 de l\u2019abellar)<\/li>\n<\/ul>\n<p>&nbsp;<\/p>\n<p><img loading=\"lazy\" decoding=\"async\" class=\" wp-image-2440 aligncenter\" src=\"https:\/\/agora.xtec.cat\/ecaalfarras\/wp-content\/uploads\/usu2159\/2022\/05\/Explotacio-mapa.png\" alt=\"\" width=\"417\" height=\"344\" \/><\/p>\n","protected":false},"excerpt":{"rendered":"<p>&nbsp;<br \/>\nAquest \u00e9s un allotjament de diferents insectes pol\u00b7linitzadors i depredadors de plagues.<br \/>\nLa infraestructura creada pret\u00e9n acollir a diversa fauna que col\u00b7labora en dur a terme les tasques de control biol\u00f2gic i de quallat dels fruits de la finca.<br \/>\nEls diferents refugis estan dimensionats en funci\u00f3 del&hellip;  <a href=\"https:\/\/agora.xtec.cat\/ecaalfarras\/general\/hotel-dinsectes-i-de-fauna-auxiliar\/\" title=\"Read HOTEL D\u2019INSECTES I DE FAUNA AUXILIAR\">Llegeix m\u00e9s\u00bb<\/a><\/p>\n","protected":false},"author":1,"featured_media":2429,"comment_status":"open","ping_status":"closed","sticky":false,"template":"","format":"standard","meta":{"_bbp_topic_count":0,"_bbp_reply_count":0,"_bbp_total_topic_count":0,"_bbp_total_reply_count":0,"_bbp_voice_count":0,"_bbp_anonymous_reply_count":0,"_bbp_topic_count_hidden":0,"_bbp_reply_count_hidden":0,"_bbp_forum_subforum_count":0,"footnotes":""},"categories":[1,151,157,29],"tags":[],"class_list":["post-2428","post","type-post","status-publish","format-standard","has-post-thumbnail","hentry","category-general","category-noticies","category-noticies-2","category-portada"],"post_mailing_queue_ids":[],"_links":{"self":[{"href":"https:\/\/agora.xtec.cat\/ecaalfarras\/wp-json\/wp\/v2\/posts\/2428","targetHints":{"allow":["GET"]}}],"collection":[{"href":"https:\/\/agora.xtec.cat\/ecaalfarras\/wp-json\/wp\/v2\/posts"}],"about":[{"href":"https:\/\/agora.xtec.cat\/ecaalfarras\/wp-json\/wp\/v2\/types\/post"}],"author":[{"embeddable":true,"href":"https:\/\/agora.xtec.cat\/ecaalfarras\/wp-json\/wp\/v2\/users\/1"}],"replies":[{"embeddable":true,"href":"https:\/\/agora.xtec.cat\/ecaalfarras\/wp-json\/wp\/v2\/comments?post=2428"}],"version-history":[{"count":3,"href":"https:\/\/agora.xtec.cat\/ecaalfarras\/wp-json\/wp\/v2\/posts\/2428\/revisions"}],"predecessor-version":[{"id":2441,"href":"https:\/\/agora.xtec.cat\/ecaalfarras\/wp-json\/wp\/v2\/posts\/2428\/revisions\/2441"}],"wp:featuredmedia":[{"embeddable":true,"href":"https:\/\/agora.xtec.cat\/ecaalfarras\/wp-json\/wp\/v2\/media\/2429"}],"wp:attachment":[{"href":"https:\/\/agora.xtec.cat\/ecaalfarras\/wp-json\/wp\/v2\/media?parent=2428"}],"wp:term":[{"taxonomy":"category","embeddable":true,"href":"https:\/\/agora.xtec.cat\/ecaalfarras\/wp-json\/wp\/v2\/categories?post=2428"},{"taxonomy":"post_tag","embeddable":true,"href":"https:\/\/agora.xtec.cat\/ecaalfarras\/wp-json\/wp\/v2\/tags?post=2428"}],"curies":[{"name":"wp","href":"https:\/\/api.w.org\/{rel}","templated":true}]}}