{"id":2299,"date":"2022-02-23T10:36:48","date_gmt":"2022-02-23T09:36:48","guid":{"rendered":"https:\/\/agora.xtec.cat\/ecaalfarras\/?p=2299"},"modified":"2022-02-28T08:51:33","modified_gmt":"2022-02-28T07:51:33","slug":"florainvasora","status":"publish","type":"post","link":"https:\/\/agora.xtec.cat\/ecaalfarras\/portada\/florainvasora\/","title":{"rendered":"Sabies que&#8230;? Hi ha v\u00e0ries esp\u00e8cies de flora ex\u00f2tica invasora"},"content":{"rendered":"<p>&nbsp;<\/p>\n<p style=\"text-align: justify;\"><strong>A Catalunya hi ha v\u00e0ries esp\u00e8cies de flora ex\u00f2tica invasora<\/strong><\/p>\n<p style=\"text-align: justify;\">La flora ex\u00f2tica invasora \u00e9s la que est\u00e0 fora de la seva \u00e0rea natural i t\u00e9 la capacitat de sobreviure, reproduir-se i escampar-se i pot produir impactes en els ecosistemes naturals i a d\u2019altres esp\u00e8cies.<\/p>\n<p style=\"text-align: justify;\">Les esp\u00e8cies ex\u00f2tiques invasores s\u00f3n un dels problemes m\u00e9s grans per a la conservaci\u00f3 de la biodiversitat. De vegades, s\u2019han introdu\u00eft accidentalment o per voluntat, s\u2019han escampat i s\u2019han naturalitzat. Llavors s\u00f3n molt dif\u00edcils d\u2019eradicar.<\/p>\n<figure class=\"figure wp-caption alignright\"><a href=\"https:\/\/agora.xtec.cat\/ecaalfarras\/wp-content\/uploads\/usu2159\/2022\/02\/pexels-arin-turkay-442652_opt.jpg\"><img loading=\"lazy\" decoding=\"async\" class=\"wp-image-2300 size-full\" src=\"https:\/\/agora.xtec.cat\/ecaalfarras\/wp-content\/uploads\/usu2159\/2022\/02\/pexels-arin-turkay-442652_opt.jpg\" alt=\"\" width=\"400\" height=\"400\" \/><\/a><figcaption class=\"wp-caption-text\">atzavara o figuerassa<\/figcaption><\/figure>\n<p style=\"text-align: justify;\">Aquests s\u00f3n alguns exemples:<\/p>\n<ul style=\"text-align: justify;\">\n<li>atzavara<\/li>\n<li>cua de rata<\/li>\n<li>enciam d\u2019aigua<\/li>\n<li>figuera de moro<\/li>\n<li>mimosa<\/li>\n<li>nen\u00fafar groc<\/li>\n<li>plomall de la pampa<\/li>\n<\/ul>\n<p style=\"text-align: justify;\">S\u2019ha publicat un recull de Fitxes per a la identificaci\u00f3 d\u2019aquesta flora, 36 fitxes en total, 26 de plantes terrestres i 16 d\u2019aqu\u00e0tiques, amb informaci\u00f3 gr\u00e0fica i descriptiva que podeu consultar en aquest enlla\u00e7:<\/p>\n<p style=\"text-align: justify;\"><em>Fitxes per a la identificaci\u00f3 de la <\/em><em>flora ex\u00f2tica invasora a Catalunya.<\/em><\/p>\n<p><a href=\"https:\/\/agora.xtec.cat\/ecaalfarras\/wp-content\/uploads\/usu2159\/2022\/02\/Fitxes-flora-invasora_compressed.pdf\">Fitxes flora invasora<\/a><\/p>\n<p><strong>Per saber-ne m\u00e9s.<\/strong><\/p>\n<p><a href=\"https:\/\/mediambient.gencat.cat\/ca\/05_ambits_dactuacio\/patrimoni_natural\/especies_exotiques_invasores\/\"><strong>https:\/\/mediambient.gencat.cat\/ca\/05_ambits_dactuacio\/patrimoni_natural\/especies_exotiques_invasores\/<\/strong><\/a><\/p>\n<p>&nbsp;<\/p>\n","protected":false},"excerpt":{"rendered":"<p>&nbsp;<br \/>\nA Catalunya hi ha v\u00e0ries esp\u00e8cies de flora ex\u00f2tica invasora<br \/>\nLa flora ex\u00f2tica invasora \u00e9s la que est\u00e0 fora de la seva \u00e0rea natural i t\u00e9 la capacitat de sobreviure, reproduir-se i escampar-se i pot produir impactes en els ecosistemes naturals i a d\u2019altres esp\u00e8cies.<br \/>\nLes esp\u00e8cies&hellip;  <a href=\"https:\/\/agora.xtec.cat\/ecaalfarras\/portada\/florainvasora\/\" title=\"Read Sabies que&#8230;? Hi ha v\u00e0ries esp\u00e8cies de flora ex\u00f2tica invasora\">Llegeix m\u00e9s\u00bb<\/a><\/p>\n","protected":false},"author":1,"featured_media":2300,"comment_status":"open","ping_status":"closed","sticky":false,"template":"","format":"standard","meta":{"_bbp_topic_count":0,"_bbp_reply_count":0,"_bbp_total_topic_count":0,"_bbp_total_reply_count":0,"_bbp_voice_count":0,"_bbp_anonymous_reply_count":0,"_bbp_topic_count_hidden":0,"_bbp_reply_count_hidden":0,"_bbp_forum_subforum_count":0,"footnotes":""},"categories":[29,121],"tags":[],"class_list":["post-2299","post","type-post","status-publish","format-standard","has-post-thumbnail","hentry","category-portada","category-sabies"],"post_mailing_queue_ids":[],"_links":{"self":[{"href":"https:\/\/agora.xtec.cat\/ecaalfarras\/wp-json\/wp\/v2\/posts\/2299","targetHints":{"allow":["GET"]}}],"collection":[{"href":"https:\/\/agora.xtec.cat\/ecaalfarras\/wp-json\/wp\/v2\/posts"}],"about":[{"href":"https:\/\/agora.xtec.cat\/ecaalfarras\/wp-json\/wp\/v2\/types\/post"}],"author":[{"embeddable":true,"href":"https:\/\/agora.xtec.cat\/ecaalfarras\/wp-json\/wp\/v2\/users\/1"}],"replies":[{"embeddable":true,"href":"https:\/\/agora.xtec.cat\/ecaalfarras\/wp-json\/wp\/v2\/comments?post=2299"}],"version-history":[{"count":3,"href":"https:\/\/agora.xtec.cat\/ecaalfarras\/wp-json\/wp\/v2\/posts\/2299\/revisions"}],"predecessor-version":[{"id":2308,"href":"https:\/\/agora.xtec.cat\/ecaalfarras\/wp-json\/wp\/v2\/posts\/2299\/revisions\/2308"}],"wp:featuredmedia":[{"embeddable":true,"href":"https:\/\/agora.xtec.cat\/ecaalfarras\/wp-json\/wp\/v2\/media\/2300"}],"wp:attachment":[{"href":"https:\/\/agora.xtec.cat\/ecaalfarras\/wp-json\/wp\/v2\/media?parent=2299"}],"wp:term":[{"taxonomy":"category","embeddable":true,"href":"https:\/\/agora.xtec.cat\/ecaalfarras\/wp-json\/wp\/v2\/categories?post=2299"},{"taxonomy":"post_tag","embeddable":true,"href":"https:\/\/agora.xtec.cat\/ecaalfarras\/wp-json\/wp\/v2\/tags?post=2299"}],"curies":[{"name":"wp","href":"https:\/\/api.w.org\/{rel}","templated":true}]}}