{"id":2290,"date":"2022-01-31T13:32:20","date_gmt":"2022-01-31T12:32:20","guid":{"rendered":"https:\/\/agora.xtec.cat\/ecaalfarras\/?p=2290"},"modified":"2022-05-09T11:25:51","modified_gmt":"2022-05-09T09:25:51","slug":"vii-marato-re-m-de-lenergia-a-lea-alfarras","status":"publish","type":"post","link":"https:\/\/agora.xtec.cat\/ecaalfarras\/general\/vii-marato-re-m-de-lenergia-a-lea-alfarras\/","title":{"rendered":"VII MARAT\u00d3 RE-M DE L\u2019ENERGIA A L\u2019EA ALFARR\u00c0S"},"content":{"rendered":"<p>&nbsp;<\/p>\n<p>La Marat\u00f3 RE-M de l&#8217;Energia \u00e9s una campanya de sensibilitzaci\u00f3 i de bones pr\u00e0ctiques en l&#8217;\u00fas i el consum eficient d&#8217;energia, que t\u00e9 la voluntat afegida de destinar l&#8217;estalvi econ\u00f2mic aconseguit a projectes de lluita contra la pobresa energ\u00e8tica i contra l&#8217;emerg\u00e8ncia clim\u00e0tica.<\/p>\n<p>La Marat\u00f3 RE-M de l&#8217;Energia s&#8217;adre\u00e7a als Ajuntaments i ens que vulguin mobilitzar una part dels seus equipaments per col\u00b7laborar en aquest projecte i a tots els equipaments p\u00fablics o privats que vulguin participar en una iniciativa que engloba sensibilitzaci\u00f3 sobre la transici\u00f3 energ\u00e8tica, la lluita contra el canvi clim\u00e0tic i l&#8217;adaptaci\u00f3 davant nous escenaris i que compta amb un component social associat. La Marat\u00f3 RE-M \u00e9s una creaci\u00f3 de L&#8217;ORIGEN, que s&#8217;encarrega de la seva organitzaci\u00f3 i coordinaci\u00f3, aplicant la metodologia RE-M i amb el suport i la col\u00b7laboraci\u00f3 dels diferents serveis t\u00e8cnics implicats en el control de la despesa i de la reducci\u00f3 dels consums.<\/p>\n<p>Durant el m\u00e9s de febrer, a l\u2019Escola Agr\u00e0ria d\u2019Alfarr\u00e0s, fem la nostra contribuci\u00f3 a l\u2019estalvi energ\u00e8tic i a la cura del medi ambient amb la Marat\u00f3 energ\u00e8tica.<\/p>\n<p>Us anirem informant!<\/p>\n<p><a href=\"https:\/\/agora.xtec.cat\/ecaalfarras\/wp-content\/uploads\/usu2159\/2022\/01\/1.png\"><img loading=\"lazy\" decoding=\"async\" class=\"aligncenter wp-image-2291 size-full\" src=\"https:\/\/agora.xtec.cat\/ecaalfarras\/wp-content\/uploads\/usu2159\/2022\/01\/1.png\" alt=\"\" width=\"646\" height=\"456\" \/><\/a><\/p>\n<p>&nbsp;<\/p>\n","protected":false},"excerpt":{"rendered":"<p>&nbsp;<br \/>\nLa Marat\u00f3 RE-M de l&#8217;Energia \u00e9s una campanya de sensibilitzaci\u00f3 i de bones pr\u00e0ctiques en l&#8217;\u00fas i el consum eficient d&#8217;energia, que t\u00e9 la voluntat afegida de destinar l&#8217;estalvi econ\u00f2mic aconseguit a projectes de lluita contra la pobresa energ\u00e8tica i contra l&#8217;emerg\u00e8ncia clim\u00e0tica.<br \/>\nLa Marat\u00f3 RE-M&hellip;  <a href=\"https:\/\/agora.xtec.cat\/ecaalfarras\/general\/vii-marato-re-m-de-lenergia-a-lea-alfarras\/\" title=\"Read VII MARAT\u00d3 RE-M DE L\u2019ENERGIA A L\u2019EA ALFARR\u00c0S\">Llegeix m\u00e9s\u00bb<\/a><\/p>\n","protected":false},"author":1,"featured_media":2291,"comment_status":"open","ping_status":"closed","sticky":false,"template":"","format":"standard","meta":{"_bbp_topic_count":0,"_bbp_reply_count":0,"_bbp_total_topic_count":0,"_bbp_total_reply_count":0,"_bbp_voice_count":0,"_bbp_anonymous_reply_count":0,"_bbp_topic_count_hidden":0,"_bbp_reply_count_hidden":0,"_bbp_forum_subforum_count":0,"footnotes":""},"categories":[1,157,29],"tags":[140,173,109,181],"class_list":["post-2290","post","type-post","status-publish","format-standard","has-post-thumbnail","hentry","category-general","category-noticies-2","category-portada","tag-cicle-formatiu-produccio-agroecologica","tag-cicle-matricules","tag-escoles-agraries","tag-marato-re-m"],"post_mailing_queue_ids":[],"_links":{"self":[{"href":"https:\/\/agora.xtec.cat\/ecaalfarras\/wp-json\/wp\/v2\/posts\/2290","targetHints":{"allow":["GET"]}}],"collection":[{"href":"https:\/\/agora.xtec.cat\/ecaalfarras\/wp-json\/wp\/v2\/posts"}],"about":[{"href":"https:\/\/agora.xtec.cat\/ecaalfarras\/wp-json\/wp\/v2\/types\/post"}],"author":[{"embeddable":true,"href":"https:\/\/agora.xtec.cat\/ecaalfarras\/wp-json\/wp\/v2\/users\/1"}],"replies":[{"embeddable":true,"href":"https:\/\/agora.xtec.cat\/ecaalfarras\/wp-json\/wp\/v2\/comments?post=2290"}],"version-history":[{"count":4,"href":"https:\/\/agora.xtec.cat\/ecaalfarras\/wp-json\/wp\/v2\/posts\/2290\/revisions"}],"predecessor-version":[{"id":2295,"href":"https:\/\/agora.xtec.cat\/ecaalfarras\/wp-json\/wp\/v2\/posts\/2290\/revisions\/2295"}],"wp:featuredmedia":[{"embeddable":true,"href":"https:\/\/agora.xtec.cat\/ecaalfarras\/wp-json\/wp\/v2\/media\/2291"}],"wp:attachment":[{"href":"https:\/\/agora.xtec.cat\/ecaalfarras\/wp-json\/wp\/v2\/media?parent=2290"}],"wp:term":[{"taxonomy":"category","embeddable":true,"href":"https:\/\/agora.xtec.cat\/ecaalfarras\/wp-json\/wp\/v2\/categories?post=2290"},{"taxonomy":"post_tag","embeddable":true,"href":"https:\/\/agora.xtec.cat\/ecaalfarras\/wp-json\/wp\/v2\/tags?post=2290"}],"curies":[{"name":"wp","href":"https:\/\/api.w.org\/{rel}","templated":true}]}}