{"id":2058,"date":"2021-06-22T10:44:09","date_gmt":"2021-06-22T08:44:09","guid":{"rendered":"https:\/\/agora.xtec.cat\/ecaalfarras\/?p=2058"},"modified":"2024-03-21T12:00:22","modified_gmt":"2024-03-21T11:00:22","slug":"video-promocio-19-21","status":"publish","type":"post","link":"https:\/\/agora.xtec.cat\/ecaalfarras\/general\/video-promocio-19-21\/","title":{"rendered":"V\u00eddeo Alumnes Promoci\u00f3 19\/21"},"content":{"rendered":"<p>&nbsp;<\/p>\n<p>Ha arribat final de curs i ens toca <strong>acomiadar als alumnes 19\/21 <\/strong>que han format part de l&#8217;escola els \u00faltims <span class=\"hiddenGreenError\">2<\/span> anys.<\/p>\n<p>Els desitgem que tinguin <strong>molta sort<\/strong> i que no deixin de visitar-nos i formar-se en la seva nova traject\u00f2ria.<\/p>\n<p>Com cada any fem un recordatori dels millors moments de la promoci\u00f3, fent aquest petit homenatge i agraint-los la seva confian\u00e7a i esfor\u00e7 durant aquests anys.<\/p>\n<h5 style=\"text-align: center;\"><strong><span style=\"color: #333300;\">Molta\u00a0<span class=\"hiddenGrammarError\" style=\"padding-bottom: 2px; background-image: url('..\/..\/..\/..\/..\/images\/squiggle.png'); background-repeat: repeat-x; background-position: left bottom; cursor: default; font-family: 'Open Sans', Helvetica, Arial, sans-serif; font-size: 16px; font-style: normal; font-variant-ligatures: normal; font-variant-caps: normal; letter-spacing: normal; orphans: 2; text-align: start; text-indent: 0px; text-transform: none; white-space: normal; widows: 2; word-spacing: 0px; -webkit-text-stroke-width: 0px;\">sort promoci\u00f3<\/span> !<\/span><em><span style=\"color: #333300;\">\u00a0 \u00a0<\/span><span style=\"color: #008000;\"> <a style=\"color: #008000;\" href=\"https:\/\/www.youtube.com\/watch?v=3RrZe6FOMnw&amp;t=20s\">V\u00eddeo Promoci\u00f3 19\/21<\/a><\/span><\/em><\/strong><\/h5>\n<p>&nbsp;<\/p>\n<p><a href=\"https:\/\/agora.xtec.cat\/ecaalfarras\/wp-content\/uploads\/usu2159\/2021\/06\/Imagen1.png\">\u00a0<img loading=\"lazy\" decoding=\"async\" class=\"aligncenter wp-image-2059 size-full\" src=\"https:\/\/agora.xtec.cat\/ecaalfarras\/wp-content\/uploads\/usu2159\/2021\/06\/Imagen1.png\" alt=\"\" width=\"543\" height=\"392\" srcset=\"https:\/\/agora.xtec.cat\/ecaalfarras\/wp-content\/uploads\/usu2159\/2021\/06\/Imagen1.png 543w, https:\/\/agora.xtec.cat\/ecaalfarras\/wp-content\/uploads\/usu2159\/2021\/06\/Imagen1-300x217.png 300w\" sizes=\"auto, (max-width: 543px) 100vw, 543px\" \/><\/a><\/p>\n","protected":false},"excerpt":{"rendered":"<p>&nbsp;<br \/>\nHa arribat final de curs i ens toca acomiadar als alumnes 19\/21 que han format part de l&#8217;escola els \u00faltims 2 anys.<br \/>\nEls desitgem que tinguin molta sort i que no deixin de visitar-nos i formar-se en la seva nova traject\u00f2ria.<br \/>\nCom cada any fem un recordatori&hellip;  <a href=\"https:\/\/agora.xtec.cat\/ecaalfarras\/general\/video-promocio-19-21\/\" title=\"Read V\u00eddeo Alumnes Promoci\u00f3 19\/21\">Llegeix m\u00e9s\u00bb<\/a><\/p>\n","protected":false},"author":1,"featured_media":2059,"comment_status":"open","ping_status":"closed","sticky":false,"template":"","format":"standard","meta":{"_bbp_topic_count":0,"_bbp_reply_count":0,"_bbp_total_topic_count":0,"_bbp_total_reply_count":0,"_bbp_voice_count":0,"_bbp_anonymous_reply_count":0,"_bbp_topic_count_hidden":0,"_bbp_reply_count_hidden":0,"_bbp_forum_subforum_count":0,"footnotes":""},"categories":[30,1,29],"tags":[140,141,110,109],"class_list":["post-2058","post","type-post","status-publish","format-standard","has-post-thumbnail","hentry","category-fi","category-general","category-portada","tag-cicle-formatiu-produccio-agroecologica","tag-cicle-grau-superio-paisatgisme-i-medi-rural","tag-escola-agraria","tag-escoles-agraries"],"post_mailing_queue_ids":[],"_links":{"self":[{"href":"https:\/\/agora.xtec.cat\/ecaalfarras\/wp-json\/wp\/v2\/posts\/2058","targetHints":{"allow":["GET"]}}],"collection":[{"href":"https:\/\/agora.xtec.cat\/ecaalfarras\/wp-json\/wp\/v2\/posts"}],"about":[{"href":"https:\/\/agora.xtec.cat\/ecaalfarras\/wp-json\/wp\/v2\/types\/post"}],"author":[{"embeddable":true,"href":"https:\/\/agora.xtec.cat\/ecaalfarras\/wp-json\/wp\/v2\/users\/1"}],"replies":[{"embeddable":true,"href":"https:\/\/agora.xtec.cat\/ecaalfarras\/wp-json\/wp\/v2\/comments?post=2058"}],"version-history":[{"count":4,"href":"https:\/\/agora.xtec.cat\/ecaalfarras\/wp-json\/wp\/v2\/posts\/2058\/revisions"}],"predecessor-version":[{"id":2688,"href":"https:\/\/agora.xtec.cat\/ecaalfarras\/wp-json\/wp\/v2\/posts\/2058\/revisions\/2688"}],"wp:featuredmedia":[{"embeddable":true,"href":"https:\/\/agora.xtec.cat\/ecaalfarras\/wp-json\/wp\/v2\/media\/2059"}],"wp:attachment":[{"href":"https:\/\/agora.xtec.cat\/ecaalfarras\/wp-json\/wp\/v2\/media?parent=2058"}],"wp:term":[{"taxonomy":"category","embeddable":true,"href":"https:\/\/agora.xtec.cat\/ecaalfarras\/wp-json\/wp\/v2\/categories?post=2058"},{"taxonomy":"post_tag","embeddable":true,"href":"https:\/\/agora.xtec.cat\/ecaalfarras\/wp-json\/wp\/v2\/tags?post=2058"}],"curies":[{"name":"wp","href":"https:\/\/api.w.org\/{rel}","templated":true}]}}