{"id":1997,"date":"2021-04-17T15:30:23","date_gmt":"2021-04-17T13:30:23","guid":{"rendered":"https:\/\/agora.xtec.cat\/ecaalfarras\/?p=1997"},"modified":"2021-07-03T14:01:44","modified_gmt":"2021-07-03T12:01:44","slug":"jornada-de-portes-obertes_-8-de-maig-2021","status":"publish","type":"post","link":"https:\/\/agora.xtec.cat\/ecaalfarras\/general\/jornada-de-portes-obertes_-8-de-maig-2021\/","title":{"rendered":"Jornada de PORTES OBERTES  a l&#8217; EA Alfarr\u00e0s el 8 de Maig 2021"},"content":{"rendered":"<p>A l\u2019Escola Agr\u00e0ria d\u2019Alfarr\u00e0s celebrem un any m\u00e9s la jornada de portes obertes de l\u2019escola. Aquest dia serveix per a qu\u00e8 els futurs alumnes i les seves fam\u00edlies puguin con\u00e8ixer el nostre centre.<\/p>\n<p>Aquest any us demanem que concerteu cita pr\u00e8via per tal d\u2019organitzar-nos i garantir les mesures sanit\u00e0ries a tothom.<\/p>\n<p>Tots els interessats en els nostre cicle formatiu de Grau Mitj\u00e0 en Producci\u00f3 Agroecol\u00f2gica, com els interessats en el Grau Superior de Paisatgisme i Medi Rural, poden demanar informaci\u00f3 per qualsevol de les vies per assistir a:<\/p>\n<h4><a href=\"http:\/\/www.eaalfarras.cat\">Escola Agr\u00e0ria d&#8217;Alfarr\u00e0s<\/a><\/h4>\n<p><span style=\"color: #008000;\">Ptda. Sot S\/N, 25120 Alfarr\u00e0s<\/span><\/p>\n<p><span style=\"color: #008000;\">973760100<\/span><\/p>\n<p><span style=\"color: #008000;\">aecaalf.daam@gencat.cat <\/span><\/p>\n<p>Tamb\u00e9 podeu veure la nostra escola al nostre\u00a0<strong><span style=\"color: #008000;\"><a style=\"color: #008000;\" href=\"https:\/\/www.escolaagrariaalfarras.com\/virtual\/\">Tour Virtual 2021<\/a><\/span><\/strong> o veure informaci\u00f3i dels cicles a la nostra p\u00e0gina<strong><span style=\"color: #008000;\"> <a style=\"color: #008000;\" href=\"https:\/\/www.escolaagrariaalfarras.com\/\">WEB!<\/a><\/span><\/strong><\/p>\n<p>Si no podeu assistir el dia de la jornada, podeu posar-vos en contacte per tal de concertar cita un altre dia.<\/p>\n<p>A m\u00e9s a m\u00e9s us donem l&#8217;oportunitat d&#8217;aconseguir un\u00a0<strong>lot de productes de l&#8217;Escola<\/strong>! Aquest es sortejar\u00e0 entre totes i tots els inscrits que assisteixin a la jornada de Portes Obertes, que ser\u00e0 on i quan s&#8217;anunciar\u00e0 el guanyador\/a!<\/p>\n<p>Molta sort i&#8230; Bon profit!<\/p>\n<h3 class=\"rtecenter\"><a href=\"https:\/\/www.lleida.com\/node\/105402\/noticies-web\/107632\/portes-obertes-lescola-agraria-dalfarras\"><strong>Inscripcions Portes Obertes<\/strong><\/a><\/h3>\n<p style=\"text-align: center;\"><a href=\"https:\/\/agora.xtec.cat\/ecaalfarras\/wp-content\/uploads\/usu2159\/2021\/04\/foto_lot_lleida_com-1.jpg\"><img loading=\"lazy\" decoding=\"async\" class=\"wp-image-2018 alignleft\" src=\"https:\/\/agora.xtec.cat\/ecaalfarras\/wp-content\/uploads\/usu2159\/2021\/04\/foto_lot_lleida_com-1.jpg\" alt=\"\" width=\"271\" height=\"203\" srcset=\"https:\/\/agora.xtec.cat\/ecaalfarras\/wp-content\/uploads\/usu2159\/2021\/04\/foto_lot_lleida_com-1.jpg 800w, https:\/\/agora.xtec.cat\/ecaalfarras\/wp-content\/uploads\/usu2159\/2021\/04\/foto_lot_lleida_com-1-300x225.jpg 300w, https:\/\/agora.xtec.cat\/ecaalfarras\/wp-content\/uploads\/usu2159\/2021\/04\/foto_lot_lleida_com-1-768x576.jpg 768w, https:\/\/agora.xtec.cat\/ecaalfarras\/wp-content\/uploads\/usu2159\/2021\/04\/foto_lot_lleida_com-1-200x150.jpg 200w\" sizes=\"auto, (max-width: 271px) 100vw, 271px\" \/><\/a><em><strong><span style=\"color: #00ff00;\">FORMA&#8217;T,\u00a0 VIU L&#8217;AGRICULTURA,\u00a0 <\/span><\/strong><\/em><em><strong><span style=\"color: #00ff00;\">SENT LA NATURA!<\/span><\/strong><\/em><\/p>\n<p>&nbsp;<\/p>\n<p>&nbsp;<\/p>\n<p style=\"font-weight: 400;\">\n","protected":false},"excerpt":{"rendered":"<p>A l\u2019Escola Agr\u00e0ria d\u2019Alfarr\u00e0s celebrem un any m\u00e9s la jornada de portes obertes de l\u2019escola. Aquest dia serveix per a qu\u00e8 els futurs alumnes i les seves fam\u00edlies puguin con\u00e8ixer el nostre centre.<br \/>\nAquest any us demanem que concerteu cita pr\u00e8via per tal d\u2019organitzar-nos i garantir&hellip;  <a href=\"https:\/\/agora.xtec.cat\/ecaalfarras\/general\/jornada-de-portes-obertes_-8-de-maig-2021\/\" title=\"Read Jornada de PORTES OBERTES  a l&#8217; EA Alfarr\u00e0s el 8 de Maig 2021\">Llegeix m\u00e9s\u00bb<\/a><\/p>\n","protected":false},"author":1,"featured_media":2016,"comment_status":"open","ping_status":"closed","sticky":false,"template":"","format":"standard","meta":{"_bbp_topic_count":0,"_bbp_reply_count":0,"_bbp_total_topic_count":0,"_bbp_total_reply_count":0,"_bbp_voice_count":0,"_bbp_anonymous_reply_count":0,"_bbp_topic_count_hidden":0,"_bbp_reply_count_hidden":0,"_bbp_forum_subforum_count":0,"footnotes":""},"categories":[1,151,29],"tags":[140,173,110,109,174,175,162],"class_list":["post-1997","post","type-post","status-publish","format-standard","has-post-thumbnail","hentry","category-general","category-noticies","category-portada","tag-cicle-formatiu-produccio-agroecologica","tag-cicle-matricules","tag-escola-agraria","tag-escoles-agraries","tag-matricula-cicles","tag-portes-obertes","tag-projecte-escola"],"post_mailing_queue_ids":[],"_links":{"self":[{"href":"https:\/\/agora.xtec.cat\/ecaalfarras\/wp-json\/wp\/v2\/posts\/1997","targetHints":{"allow":["GET"]}}],"collection":[{"href":"https:\/\/agora.xtec.cat\/ecaalfarras\/wp-json\/wp\/v2\/posts"}],"about":[{"href":"https:\/\/agora.xtec.cat\/ecaalfarras\/wp-json\/wp\/v2\/types\/post"}],"author":[{"embeddable":true,"href":"https:\/\/agora.xtec.cat\/ecaalfarras\/wp-json\/wp\/v2\/users\/1"}],"replies":[{"embeddable":true,"href":"https:\/\/agora.xtec.cat\/ecaalfarras\/wp-json\/wp\/v2\/comments?post=1997"}],"version-history":[{"count":4,"href":"https:\/\/agora.xtec.cat\/ecaalfarras\/wp-json\/wp\/v2\/posts\/1997\/revisions"}],"predecessor-version":[{"id":2036,"href":"https:\/\/agora.xtec.cat\/ecaalfarras\/wp-json\/wp\/v2\/posts\/1997\/revisions\/2036"}],"wp:featuredmedia":[{"embeddable":true,"href":"https:\/\/agora.xtec.cat\/ecaalfarras\/wp-json\/wp\/v2\/media\/2016"}],"wp:attachment":[{"href":"https:\/\/agora.xtec.cat\/ecaalfarras\/wp-json\/wp\/v2\/media?parent=1997"}],"wp:term":[{"taxonomy":"category","embeddable":true,"href":"https:\/\/agora.xtec.cat\/ecaalfarras\/wp-json\/wp\/v2\/categories?post=1997"},{"taxonomy":"post_tag","embeddable":true,"href":"https:\/\/agora.xtec.cat\/ecaalfarras\/wp-json\/wp\/v2\/tags?post=1997"}],"curies":[{"name":"wp","href":"https:\/\/api.w.org\/{rel}","templated":true}]}}