{"id":1912,"date":"2021-03-15T10:00:03","date_gmt":"2021-03-15T09:00:03","guid":{"rendered":"https:\/\/agora.xtec.cat\/ecaalfarras\/?p=1912"},"modified":"2021-05-04T10:24:42","modified_gmt":"2021-05-04T08:24:42","slug":"exit-en-la-jornada-en-linea-de-fructicultura-2021","status":"publish","type":"post","link":"https:\/\/agora.xtec.cat\/ecaalfarras\/general\/exit-en-la-jornada-en-linea-de-fructicultura-2021\/","title":{"rendered":"\u00c8xit en la Jornada en l\u00ednea de Fructicultura 2021"},"content":{"rendered":"<p>&nbsp;<\/p>\n<p><strong>L\u2019Escola Agr\u00e0ria d\u2019Alfarr\u00e0s<\/strong> va organitzar el 19 de febrer la segona <strong>Jornada de Transfer\u00e8ncia Tecnol\u00f2gica en l\u00ednia de Fructicultura,<\/strong> essent un \u00e8xit de convocat\u00f2ria i organitzaci\u00f3.<\/p>\n<p>Podeu visualitzar-la aqu\u00ed:<\/p>\n<h3 style=\"text-align: center;\"><a href=\"https:\/\/youtu.be\/RZzJ7PhUIFc\">V\u00eddeo de XIV JORNADA DE FRUCTICULTURA<\/a><\/h3>\n<p>&nbsp;<\/p>\n<p><a href=\"https:\/\/agora.xtec.cat\/ecaalfarras\/wp-content\/uploads\/usu2159\/2021\/02\/Imagen6.png\"><img loading=\"lazy\" decoding=\"async\" class=\"aligncenter wp-image-1913 size-medium\" src=\"https:\/\/agora.xtec.cat\/ecaalfarras\/wp-content\/uploads\/usu2159\/2021\/02\/Imagen6-300x157.png\" alt=\"\" width=\"300\" height=\"157\" srcset=\"https:\/\/agora.xtec.cat\/ecaalfarras\/wp-content\/uploads\/usu2159\/2021\/02\/Imagen6-300x157.png 300w, https:\/\/agora.xtec.cat\/ecaalfarras\/wp-content\/uploads\/usu2159\/2021\/02\/Imagen6.png 745w\" sizes=\"auto, (max-width: 300px) 100vw, 300px\" \/><\/a><\/p>\n<p>Els assistents van poder aprendre amb de les pon\u00e8ncies que es van centrar fonamentalment en 2 eixos:<\/p>\n<p><strong>1er eix-<\/strong> <em>Els problemes generats per la desaparici\u00f3 d\u2019alguns productes fitosanitaris:<\/em><\/p>\n<p>La L\u00eddia Sans i la N\u00faria Rius van fer una valoraci\u00f3 de les diferents estrat\u00e8gies fitosanit\u00e0ries, repassant les principals plagues i malalties dels nostres cultius. Actualment ens trobem en una manca i inefic\u00e0cia de mat\u00e8ries actives que puguin afrontar-les.<br \/>\nL\u2019Anna Salamero va explicar els mecanismes i requisits per a l\u2019autoritzaci\u00f3 de subst\u00e0ncies i ha repassat els usos menors, els usos secundaris i les autoritzacions excepcionals i especials de productes fitosanitaris.<\/p>\n<p><strong>2n eix<\/strong>&#8211;<em> La incorporaci\u00f3 de noves t\u00e8cniques de sistemes de reg.<\/em><\/p>\n<p>Josep Rufat va parlar de l\u2019efici\u00e8ncia de la utilitzaci\u00f3 de l\u2019aigua de reg a nivell de parcel\u00b7la tenint en compte el conreu, el s\u00f2l i el sistema de reg. Ha posat com exemple les experi\u00e8ncies dutes a terme al Canal d\u2019Urgell per avaluar la possibilitat de fer el canvi de reg a tesa a reg localitzat, els seus avantatges i els seus inconvenients.<br \/>\nAntonio Juanes va fer una an\u00e0lisi de les l\u00ednies de finan\u00e7ament de les infraestructures de regadius com a motor de desenvolupament agr\u00edcola i social.<br \/>\nAmb la colaboraci\u00f3 de Fernando Soler van presentar el Projecte de modernitzaci\u00f3 per millorar la xarxa de reg del Canal de Pinyana.<\/p>\n<p>Des de l\u2019Escola Agr\u00e0ria D\u2019Alfarr\u00e0s volem agrair la participaci\u00f3 del tots els ponents i als assistent.<\/p>\n<p><a href=\"https:\/\/agora.xtec.cat\/ecaalfarras\/wp-content\/uploads\/usu2159\/2021\/02\/aire-1-logo.jpg\"><img loading=\"lazy\" decoding=\"async\" class=\"alignleft wp-image-1914\" src=\"https:\/\/agora.xtec.cat\/ecaalfarras\/wp-content\/uploads\/usu2159\/2021\/02\/aire-1-logo-1024x576.jpg\" alt=\"\" width=\"500\" height=\"281\" srcset=\"https:\/\/agora.xtec.cat\/ecaalfarras\/wp-content\/uploads\/usu2159\/2021\/02\/aire-1-logo-1024x576.jpg 1024w, https:\/\/agora.xtec.cat\/ecaalfarras\/wp-content\/uploads\/usu2159\/2021\/02\/aire-1-logo-300x169.jpg 300w, https:\/\/agora.xtec.cat\/ecaalfarras\/wp-content\/uploads\/usu2159\/2021\/02\/aire-1-logo-768x432.jpg 768w, https:\/\/agora.xtec.cat\/ecaalfarras\/wp-content\/uploads\/usu2159\/2021\/02\/aire-1-logo.jpg 1280w\" sizes=\"auto, (max-width: 500px) 100vw, 500px\" \/><\/a> <a href=\"https:\/\/agora.xtec.cat\/ecaalfarras\/wp-content\/uploads\/usu2159\/2021\/02\/Imagen5.jpg\"><img loading=\"lazy\" decoding=\"async\" class=\"aligncenter size-medium wp-image-1915\" src=\"https:\/\/agora.xtec.cat\/ecaalfarras\/wp-content\/uploads\/usu2159\/2021\/02\/Imagen5-300x244.jpg\" alt=\"\" width=\"300\" height=\"244\" srcset=\"https:\/\/agora.xtec.cat\/ecaalfarras\/wp-content\/uploads\/usu2159\/2021\/02\/Imagen5-300x244.jpg 300w, https:\/\/agora.xtec.cat\/ecaalfarras\/wp-content\/uploads\/usu2159\/2021\/02\/Imagen5.jpg 545w\" sizes=\"auto, (max-width: 300px) 100vw, 300px\" \/><\/a><\/p>\n","protected":false},"excerpt":{"rendered":"<p>&nbsp;<br \/>\nL\u2019Escola Agr\u00e0ria d\u2019Alfarr\u00e0s va organitzar el 19 de febrer la segona Jornada de Transfer\u00e8ncia Tecnol\u00f2gica en l\u00ednia de Fructicultura, essent un \u00e8xit de convocat\u00f2ria i organitzaci\u00f3.<br \/>\nPodeu visualitzar-la aqu\u00ed:<br \/>\n<a href=\"https:\/\/youtu.be\/RZzJ7PhUIFc\">V\u00eddeo de XIV JORNADA DE FRUCTICULTURA<\/a><br \/>\n&nbsp;<br \/>\n<a href=\"https:\/\/agora.xtec.cat\/ecaalfarras\/wp-content\/uploads\/usu2159\/2021\/02\/Imagen6.png\"><\/a><br \/>\nEls assistents van poder aprendre amb de les pon\u00e8ncies que es&hellip;  <a href=\"https:\/\/agora.xtec.cat\/ecaalfarras\/general\/exit-en-la-jornada-en-linea-de-fructicultura-2021\/\" title=\"Read \u00c8xit en la Jornada en l\u00ednea de Fructicultura 2021\">Llegeix m\u00e9s\u00bb<\/a><\/p>\n","protected":false},"author":1,"featured_media":1913,"comment_status":"open","ping_status":"closed","sticky":false,"template":"","format":"standard","meta":{"_bbp_topic_count":0,"_bbp_reply_count":0,"_bbp_total_topic_count":0,"_bbp_total_reply_count":0,"_bbp_voice_count":0,"_bbp_anonymous_reply_count":0,"_bbp_topic_count_hidden":0,"_bbp_reply_count_hidden":0,"_bbp_forum_subforum_count":0,"footnotes":""},"categories":[1,119,157,29],"tags":[110,109,148,162],"class_list":["post-1912","post","type-post","status-publish","format-standard","has-post-thumbnail","hentry","category-general","category-jornades-patt","category-noticies-2","category-portada","tag-escola-agraria","tag-escoles-agraries","tag-jornades","tag-projecte-escola"],"post_mailing_queue_ids":[],"_links":{"self":[{"href":"https:\/\/agora.xtec.cat\/ecaalfarras\/wp-json\/wp\/v2\/posts\/1912","targetHints":{"allow":["GET"]}}],"collection":[{"href":"https:\/\/agora.xtec.cat\/ecaalfarras\/wp-json\/wp\/v2\/posts"}],"about":[{"href":"https:\/\/agora.xtec.cat\/ecaalfarras\/wp-json\/wp\/v2\/types\/post"}],"author":[{"embeddable":true,"href":"https:\/\/agora.xtec.cat\/ecaalfarras\/wp-json\/wp\/v2\/users\/1"}],"replies":[{"embeddable":true,"href":"https:\/\/agora.xtec.cat\/ecaalfarras\/wp-json\/wp\/v2\/comments?post=1912"}],"version-history":[{"count":3,"href":"https:\/\/agora.xtec.cat\/ecaalfarras\/wp-json\/wp\/v2\/posts\/1912\/revisions"}],"predecessor-version":[{"id":1918,"href":"https:\/\/agora.xtec.cat\/ecaalfarras\/wp-json\/wp\/v2\/posts\/1912\/revisions\/1918"}],"wp:featuredmedia":[{"embeddable":true,"href":"https:\/\/agora.xtec.cat\/ecaalfarras\/wp-json\/wp\/v2\/media\/1913"}],"wp:attachment":[{"href":"https:\/\/agora.xtec.cat\/ecaalfarras\/wp-json\/wp\/v2\/media?parent=1912"}],"wp:term":[{"taxonomy":"category","embeddable":true,"href":"https:\/\/agora.xtec.cat\/ecaalfarras\/wp-json\/wp\/v2\/categories?post=1912"},{"taxonomy":"post_tag","embeddable":true,"href":"https:\/\/agora.xtec.cat\/ecaalfarras\/wp-json\/wp\/v2\/tags?post=1912"}],"curies":[{"name":"wp","href":"https:\/\/api.w.org\/{rel}","templated":true}]}}