{"id":1903,"date":"2021-03-01T08:00:36","date_gmt":"2021-03-01T07:00:36","guid":{"rendered":"https:\/\/agora.xtec.cat\/ecaalfarras\/?p=1903"},"modified":"2021-05-04T10:25:03","modified_gmt":"2021-05-04T08:25:03","slug":"1o-curs-basic-daplicador-de-fertilitzants-a-l-ea-alfarras","status":"publish","type":"post","link":"https:\/\/agora.xtec.cat\/ecaalfarras\/general\/1o-curs-basic-daplicador-de-fertilitzants-a-l-ea-alfarras\/","title":{"rendered":"1\u00ba Curs B\u00e0sic d\u2019Aplicador de Fertilitzants a l&#8217; EA Alfarr\u00e0s"},"content":{"rendered":"<p><a href=\"https:\/\/agora.xtec.cat\/ecaalfarras\/wp-content\/uploads\/usu2159\/2021\/02\/Imagen2.jpg\"><img loading=\"lazy\" decoding=\"async\" class=\"aligncenter size-full wp-image-1907\" src=\"https:\/\/agora.xtec.cat\/ecaalfarras\/wp-content\/uploads\/usu2159\/2021\/02\/Imagen2.jpg\" alt=\"\" width=\"804\" height=\"228\" srcset=\"https:\/\/agora.xtec.cat\/ecaalfarras\/wp-content\/uploads\/usu2159\/2021\/02\/Imagen2.jpg 804w, https:\/\/agora.xtec.cat\/ecaalfarras\/wp-content\/uploads\/usu2159\/2021\/02\/Imagen2-300x85.jpg 300w, https:\/\/agora.xtec.cat\/ecaalfarras\/wp-content\/uploads\/usu2159\/2021\/02\/Imagen2-768x218.jpg 768w\" sizes=\"auto, (max-width: 804px) 100vw, 804px\" \/><\/a><\/p>\n<p>Des de <strong><span style=\"color: #008000;\">l\u2019Escola Agr\u00e0ria d\u2019Alfarr\u00e0s<\/span> <\/strong>iniciem el <strong>primer curs d\u2019aplicador de productes fertilitzants<\/strong>. Aquest curs tracta de l\u2019aplicaci\u00f3 de fertilitzants i de la seva regulaci\u00f3 ja que \u00e9s una pr\u00e0ctica habitual de les explotacions agr\u00e0ries.<\/p>\n<p>L\u2019aplicaci\u00f3 dels adobs, ja siguin minerals o d\u2019origen org\u00e0nic, ha de procurar ser el m\u00e0xim precisa possible per tal d\u2019assimilar-se a la dosi te\u00f2rica determinada amb anterioritat.<\/p>\n<p>No obstant aix\u00f2, sovint descuidem una de les parts m\u00e9s importants de la pr\u00e0ctica de la fertilitzaci\u00f3: l\u2019aplicaci\u00f3 al camp.<\/p>\n<p><strong>Programa:<\/strong><\/p>\n<h4 style=\"text-align: center;\"><strong><a href=\"file:\/\/\/C:\/Users\/Usuari\/Desktop\/ALF_Fertilitzacio_curs.pdf\"><span style=\"color: #008000;\">PROGRAMA DEL CURS<\/span> <\/a><\/strong><\/h4>\n<p>&nbsp;<\/p>\n<p><strong>Durada del curs:<\/strong><br \/>\n25 h. Semi presencial<\/p>\n<p><strong>Cost de la inscripci\u00f3:<\/strong><br \/>\n32,00 \u20ac* \/ *ORDRE ARP\/45\/2017, de 24 de mar\u00e7, per la qual s\u2019aproven els preus p\u00fablics de les escoles agr\u00e0ries<\/p>\n<p><a href=\"https:\/\/agora.xtec.cat\/ecaalfarras\/wp-content\/uploads\/usu2159\/2021\/02\/Imagen4-1.jpg\"><img loading=\"lazy\" decoding=\"async\" class=\"alignleft wp-image-1905 size-medium\" src=\"https:\/\/agora.xtec.cat\/ecaalfarras\/wp-content\/uploads\/usu2159\/2021\/02\/Imagen4-1-300x227.jpg\" alt=\"\" width=\"300\" height=\"227\" srcset=\"https:\/\/agora.xtec.cat\/ecaalfarras\/wp-content\/uploads\/usu2159\/2021\/02\/Imagen4-1-300x227.jpg 300w, https:\/\/agora.xtec.cat\/ecaalfarras\/wp-content\/uploads\/usu2159\/2021\/02\/Imagen4-1-200x150.jpg 200w, https:\/\/agora.xtec.cat\/ecaalfarras\/wp-content\/uploads\/usu2159\/2021\/02\/Imagen4-1.jpg 561w\" sizes=\"auto, (max-width: 300px) 100vw, 300px\" \/><\/a> <a href=\"https:\/\/agora.xtec.cat\/ecaalfarras\/wp-content\/uploads\/usu2159\/2021\/02\/Imagen3.jpg\"><img loading=\"lazy\" decoding=\"async\" class=\"wp-image-1906 size-medium alignleft\" src=\"https:\/\/agora.xtec.cat\/ecaalfarras\/wp-content\/uploads\/usu2159\/2021\/02\/Imagen3-235x300.jpg\" alt=\"\" width=\"235\" height=\"300\" srcset=\"https:\/\/agora.xtec.cat\/ecaalfarras\/wp-content\/uploads\/usu2159\/2021\/02\/Imagen3-235x300.jpg 235w, https:\/\/agora.xtec.cat\/ecaalfarras\/wp-content\/uploads\/usu2159\/2021\/02\/Imagen3.jpg 349w\" sizes=\"auto, (max-width: 235px) 100vw, 235px\" \/><\/a><\/p>\n","protected":false},"excerpt":{"rendered":"<p><a href=\"https:\/\/agora.xtec.cat\/ecaalfarras\/wp-content\/uploads\/usu2159\/2021\/02\/Imagen2.jpg\"><\/a><br \/>\nDes de l\u2019Escola Agr\u00e0ria d\u2019Alfarr\u00e0s iniciem el primer curs d\u2019aplicador de productes fertilitzants. Aquest curs tracta de l\u2019aplicaci\u00f3 de fertilitzants i de la seva regulaci\u00f3 ja que \u00e9s una pr\u00e0ctica habitual de les explotacions agr\u00e0ries.<br \/>\nL\u2019aplicaci\u00f3 dels adobs, ja siguin minerals o d\u2019origen org\u00e0nic, ha&hellip;  <a href=\"https:\/\/agora.xtec.cat\/ecaalfarras\/general\/1o-curs-basic-daplicador-de-fertilitzants-a-l-ea-alfarras\/\" title=\"Read 1\u00ba Curs B\u00e0sic d\u2019Aplicador de Fertilitzants a l&#8217; EA Alfarr\u00e0s\">Llegeix m\u00e9s\u00bb<\/a><\/p>\n","protected":false},"author":1,"featured_media":0,"comment_status":"open","ping_status":"closed","sticky":false,"template":"","format":"standard","meta":{"_bbp_topic_count":0,"_bbp_reply_count":0,"_bbp_total_topic_count":0,"_bbp_total_reply_count":0,"_bbp_voice_count":0,"_bbp_anonymous_reply_count":0,"_bbp_topic_count_hidden":0,"_bbp_reply_count_hidden":0,"_bbp_forum_subforum_count":0,"footnotes":""},"categories":[1,157,29],"tags":[],"class_list":["post-1903","post","type-post","status-publish","format-standard","hentry","category-general","category-noticies-2","category-portada"],"post_mailing_queue_ids":[],"_links":{"self":[{"href":"https:\/\/agora.xtec.cat\/ecaalfarras\/wp-json\/wp\/v2\/posts\/1903","targetHints":{"allow":["GET"]}}],"collection":[{"href":"https:\/\/agora.xtec.cat\/ecaalfarras\/wp-json\/wp\/v2\/posts"}],"about":[{"href":"https:\/\/agora.xtec.cat\/ecaalfarras\/wp-json\/wp\/v2\/types\/post"}],"author":[{"embeddable":true,"href":"https:\/\/agora.xtec.cat\/ecaalfarras\/wp-json\/wp\/v2\/users\/1"}],"replies":[{"embeddable":true,"href":"https:\/\/agora.xtec.cat\/ecaalfarras\/wp-json\/wp\/v2\/comments?post=1903"}],"version-history":[{"count":3,"href":"https:\/\/agora.xtec.cat\/ecaalfarras\/wp-json\/wp\/v2\/posts\/1903\/revisions"}],"predecessor-version":[{"id":1911,"href":"https:\/\/agora.xtec.cat\/ecaalfarras\/wp-json\/wp\/v2\/posts\/1903\/revisions\/1911"}],"wp:attachment":[{"href":"https:\/\/agora.xtec.cat\/ecaalfarras\/wp-json\/wp\/v2\/media?parent=1903"}],"wp:term":[{"taxonomy":"category","embeddable":true,"href":"https:\/\/agora.xtec.cat\/ecaalfarras\/wp-json\/wp\/v2\/categories?post=1903"},{"taxonomy":"post_tag","embeddable":true,"href":"https:\/\/agora.xtec.cat\/ecaalfarras\/wp-json\/wp\/v2\/tags?post=1903"}],"curies":[{"name":"wp","href":"https:\/\/api.w.org\/{rel}","templated":true}]}}