{"id":1894,"date":"2021-03-08T08:00:17","date_gmt":"2021-03-08T07:00:17","guid":{"rendered":"https:\/\/agora.xtec.cat\/ecaalfarras\/?p=1894"},"modified":"2021-03-11T10:58:25","modified_gmt":"2021-03-11T09:58:25","slug":"les-dones-i-el-camp-dia-8-de-marc","status":"publish","type":"post","link":"https:\/\/agora.xtec.cat\/ecaalfarras\/general\/les-dones-i-el-camp-dia-8-de-marc\/","title":{"rendered":"Les Dones i el Camp.   Dia 8 de mar\u00e7"},"content":{"rendered":"<p><a href=\"https:\/\/agora.xtec.cat\/ecaalfarras\/wp-content\/uploads\/usu2159\/2021\/03\/f6c79133-4cd8-4175-a9a4-6becc809c5f0.jpg\"><img loading=\"lazy\" decoding=\"async\" class=\"alignright wp-image-1962\" src=\"https:\/\/agora.xtec.cat\/ecaalfarras\/wp-content\/uploads\/usu2159\/2021\/03\/f6c79133-4cd8-4175-a9a4-6becc809c5f0-1024x768.jpg\" alt=\"\" width=\"500\" height=\"375\" srcset=\"https:\/\/agora.xtec.cat\/ecaalfarras\/wp-content\/uploads\/usu2159\/2021\/03\/f6c79133-4cd8-4175-a9a4-6becc809c5f0.jpg 1024w, https:\/\/agora.xtec.cat\/ecaalfarras\/wp-content\/uploads\/usu2159\/2021\/03\/f6c79133-4cd8-4175-a9a4-6becc809c5f0-300x225.jpg 300w, https:\/\/agora.xtec.cat\/ecaalfarras\/wp-content\/uploads\/usu2159\/2021\/03\/f6c79133-4cd8-4175-a9a4-6becc809c5f0-768x576.jpg 768w, https:\/\/agora.xtec.cat\/ecaalfarras\/wp-content\/uploads\/usu2159\/2021\/03\/f6c79133-4cd8-4175-a9a4-6becc809c5f0-200x150.jpg 200w\" sizes=\"auto, (max-width: 500px) 100vw, 500px\" \/><\/a><\/p>\n<p><strong>El dia 8 de mar\u00e7 \u00e9s el dia \u00e9s el Dia Internacional de la Dona Treballadora,<\/strong> com reconeix l&#8217;Organitzaci\u00f3 de les Nacions Unides (l&#8217;ONU). Aquest dia commemora la lluita de les dones per la seva participaci\u00f3, juntament amb els homes, en l&#8217;\u00e0mbit laboral, i per tant pel dret a la independ\u00e8ncia econ\u00f2mica.<\/p>\n<p>En l\u2019agricultura i la ramaderia les dones estan cada dia m\u00e9s presents representant al voltant del 40% de les persones que treballen al sector agroalimentari a Catalunya. Aix\u00ed ho indica l\u2019informe encarregat pel Departament d\u2019Agricultura a la Universitat de Girona que descriu i analitza la situaci\u00f3 femenina a la ind\u00fastria aliment\u00e0ria al pa\u00eds. <strong>La taxa de feminitzaci\u00f3 al conjunt de l\u2019Estat \u00e9s del 37%<\/strong> (segons dades de l\u2019INE del 2019).<br \/>\nTot i aix\u00ed la desigualtat de g\u00e8nere continua ben present al camp. Veiem que la titularitat d\u2019una de cada quatre explotacions agr\u00e0ries a Catalunya est\u00e0 en mans de dones i \u00e9s que nom\u00e9s el<strong> 20% dels pagesos de Catalunya s\u00f3n dones.<\/strong><\/p>\n<p>Entitats com Dones del M\u00f3n Rural o Ramaderes de Catalunya treballen per donar visibilitat a la seva feina, per aconseguir la igualtat dins del sector i per ser tractades com a expertes.<br \/>\nCom a dada positiva \u00e9s que les dones que \u00e9s volen dedicar al camp es preparen amb una major formaci\u00f3, afavorint les seves expectatives empresarials, millor percepci\u00f3 i valoraci\u00f3 social.<\/p>\n<p><a href=\"https:\/\/agora.xtec.cat\/ecaalfarras\/wp-content\/uploads\/usu2159\/2021\/03\/b73a79bb-c8e5-44a9-a65b-333746e0ff84-1.jpg\"><img loading=\"lazy\" decoding=\"async\" class=\"aligncenter wp-image-1964 size-medium\" src=\"https:\/\/agora.xtec.cat\/ecaalfarras\/wp-content\/uploads\/usu2159\/2021\/03\/b73a79bb-c8e5-44a9-a65b-333746e0ff84-1-300x225.jpg\" alt=\"\" width=\"300\" height=\"225\" srcset=\"https:\/\/agora.xtec.cat\/ecaalfarras\/wp-content\/uploads\/usu2159\/2021\/03\/b73a79bb-c8e5-44a9-a65b-333746e0ff84-1-300x225.jpg 300w, https:\/\/agora.xtec.cat\/ecaalfarras\/wp-content\/uploads\/usu2159\/2021\/03\/b73a79bb-c8e5-44a9-a65b-333746e0ff84-1-768x576.jpg 768w, https:\/\/agora.xtec.cat\/ecaalfarras\/wp-content\/uploads\/usu2159\/2021\/03\/b73a79bb-c8e5-44a9-a65b-333746e0ff84-1.jpg 1024w, https:\/\/agora.xtec.cat\/ecaalfarras\/wp-content\/uploads\/usu2159\/2021\/03\/b73a79bb-c8e5-44a9-a65b-333746e0ff84-1-200x150.jpg 200w\" sizes=\"auto, (max-width: 300px) 100vw, 300px\" \/><\/a><\/p>\n<p>&nbsp;<\/p>\n<p>&nbsp;<\/p>\n<p><strong><em>Incorporaci\u00f3 de joves agricultores<\/em><\/strong><\/p>\n<p><strong>En la incorporaci\u00f3 de nous joves agricultors, a l\u2019Escola Agr\u00e0ria d\u2019Alfarr\u00e0s,<\/strong> veiem un l\u2019increment de dones exercint de titulars de les explotacions que demanen aquest tipus d\u2019ajuts.<\/p>\n<p>Com a exemple tenim a <strong>l\u2019Ana Pa\u00fcls de 32 anys,<\/strong> ella \u00e9s la titular d\u2019una finca de fruiters a Corbins. \u00c9s una jove soci\u00f2loga que va voler donar un gir a la seva vida <strong>dedicant-se a la pagesia com a projecte de futur.<\/strong><br \/>\nVa demanar un ajut de primera instal\u00b7laci\u00f3 i va formar-se amb un itinerari formatiu personalitat i adaptat a les seves necessitats laborals. A l\u2019escola vam fer-li el seguiment de la seva formaci\u00f3 i incorporaci\u00f3.<\/p>\n<p><strong>A l\u2019Escola Agr\u00e0ria d\u2019Alfarr\u00e0s volem un m\u00f3n agrari paritari i obert a les dones,<\/strong> i aix\u00ed ho fomentem entre tots, desenvolupant la igualtat en el nostre centre, on les dones tenen pres\u00e8ncia en totes les categories, tant exercint de docents com de personal de suport, incl\u00f2s l\u2019equip directiu.<\/p>\n<p>&nbsp;<\/p>\n<p><a href=\"https:\/\/www.youtube.com\/watch?v=sGdoF3jlm90\">Lleida \u00e9s nom de dona, per Anna Pa\u00fcls<\/a><\/p>\n<p><a href=\"https:\/\/agora.xtec.cat\/ecaalfarras\/wp-content\/uploads\/usu2159\/2021\/02\/Imagen1.png\"><img loading=\"lazy\" decoding=\"async\" class=\"wp-image-1896 size-medium aligncenter\" src=\"https:\/\/agora.xtec.cat\/ecaalfarras\/wp-content\/uploads\/usu2159\/2021\/02\/Imagen1-300x125.png\" alt=\"\" width=\"300\" height=\"125\" srcset=\"https:\/\/agora.xtec.cat\/ecaalfarras\/wp-content\/uploads\/usu2159\/2021\/02\/Imagen1-300x125.png 300w, https:\/\/agora.xtec.cat\/ecaalfarras\/wp-content\/uploads\/usu2159\/2021\/02\/Imagen1.png 565w\" sizes=\"auto, (max-width: 300px) 100vw, 300px\" \/><\/a><\/p>\n<p>&nbsp;<\/p>\n","protected":false},"excerpt":{"rendered":"<p><a href=\"https:\/\/agora.xtec.cat\/ecaalfarras\/wp-content\/uploads\/usu2159\/2021\/03\/f6c79133-4cd8-4175-a9a4-6becc809c5f0.jpg\"><\/a><br \/>\nEl dia 8 de mar\u00e7 \u00e9s el dia \u00e9s el Dia Internacional de la Dona Treballadora, com reconeix l&#8217;Organitzaci\u00f3 de les Nacions Unides (l&#8217;ONU). Aquest dia commemora la lluita de les dones per la seva participaci\u00f3, juntament amb els homes, en l&#8217;\u00e0mbit laboral, i&hellip;  <a href=\"https:\/\/agora.xtec.cat\/ecaalfarras\/general\/les-dones-i-el-camp-dia-8-de-marc\/\" title=\"Read Les Dones i el Camp.   Dia 8 de mar\u00e7\">Llegeix m\u00e9s\u00bb<\/a><\/p>\n","protected":false},"author":1,"featured_media":1962,"comment_status":"open","ping_status":"closed","sticky":false,"template":"","format":"standard","meta":{"_bbp_topic_count":0,"_bbp_reply_count":0,"_bbp_total_topic_count":0,"_bbp_total_reply_count":0,"_bbp_voice_count":0,"_bbp_anonymous_reply_count":0,"_bbp_topic_count_hidden":0,"_bbp_reply_count_hidden":0,"_bbp_forum_subforum_count":0,"footnotes":""},"categories":[1,157,29],"tags":[170,168,169,167,109,171],"class_list":["post-1894","post","type-post","status-publish","format-standard","has-post-thumbnail","hentry","category-general","category-noticies-2","category-portada","tag-agricultores","tag-donesdelmonrural","tag-donesicamp","tag-ea-alfarras","tag-escoles-agraries","tag-ramaderes"],"post_mailing_queue_ids":[],"_links":{"self":[{"href":"https:\/\/agora.xtec.cat\/ecaalfarras\/wp-json\/wp\/v2\/posts\/1894","targetHints":{"allow":["GET"]}}],"collection":[{"href":"https:\/\/agora.xtec.cat\/ecaalfarras\/wp-json\/wp\/v2\/posts"}],"about":[{"href":"https:\/\/agora.xtec.cat\/ecaalfarras\/wp-json\/wp\/v2\/types\/post"}],"author":[{"embeddable":true,"href":"https:\/\/agora.xtec.cat\/ecaalfarras\/wp-json\/wp\/v2\/users\/1"}],"replies":[{"embeddable":true,"href":"https:\/\/agora.xtec.cat\/ecaalfarras\/wp-json\/wp\/v2\/comments?post=1894"}],"version-history":[{"count":3,"href":"https:\/\/agora.xtec.cat\/ecaalfarras\/wp-json\/wp\/v2\/posts\/1894\/revisions"}],"predecessor-version":[{"id":1966,"href":"https:\/\/agora.xtec.cat\/ecaalfarras\/wp-json\/wp\/v2\/posts\/1894\/revisions\/1966"}],"wp:featuredmedia":[{"embeddable":true,"href":"https:\/\/agora.xtec.cat\/ecaalfarras\/wp-json\/wp\/v2\/media\/1962"}],"wp:attachment":[{"href":"https:\/\/agora.xtec.cat\/ecaalfarras\/wp-json\/wp\/v2\/media?parent=1894"}],"wp:term":[{"taxonomy":"category","embeddable":true,"href":"https:\/\/agora.xtec.cat\/ecaalfarras\/wp-json\/wp\/v2\/categories?post=1894"},{"taxonomy":"post_tag","embeddable":true,"href":"https:\/\/agora.xtec.cat\/ecaalfarras\/wp-json\/wp\/v2\/tags?post=1894"}],"curies":[{"name":"wp","href":"https:\/\/api.w.org\/{rel}","templated":true}]}}