{"id":1883,"date":"2021-04-19T08:08:23","date_gmt":"2021-04-19T06:08:23","guid":{"rendered":"https:\/\/agora.xtec.cat\/ecaalfarras\/?p=1883"},"modified":"2021-07-03T14:03:25","modified_gmt":"2021-07-03T12:03:25","slug":"labellar-de-ea-alfarras","status":"publish","type":"post","link":"https:\/\/agora.xtec.cat\/ecaalfarras\/portada\/labellar-de-ea-alfarras\/","title":{"rendered":"L&#8217; Abellar de EA Alfarr\u00e0s"},"content":{"rendered":"<p>&nbsp;<\/p>\n<p><strong><span style=\"color: #008000;\">L&#8217;abellar, a l&#8217;Escola Agr\u00e0ria d&#8217;Alfarr\u00e0s<\/span>, <\/strong>ens ajuda a fer la tasca docent de la UF d&#8217;Apicultura ecol\u00f2gica.<\/p>\n<p>El nostre alumnat pot fer les pr\u00e0ctiques sense sortir de l&#8217;explotaci\u00f3 de l&#8217;escola.<\/p>\n<p>Tamb\u00e9 \u00e9s un punt important per a la gesti\u00f3 de l&#8217;explotaci\u00f3 de l&#8217;escola perqu\u00e8 afavoreix la millora de la biodiversitat i ajuda a la pol\u00b7linitzaci\u00f3 dels nostres cultius.<\/p>\n<p>El <em>maneig i manteniment de l&#8217;abellar \u00e9s c\u00e0rrec del personal del centre i de l&#8217;alumnat<\/em>. El curs passat es van arranjar les instal\u00b7lacions i es van millorar donat que ja portaven anys en funcionament.<\/p>\n<p><a href=\"https:\/\/agora.xtec.cat\/ecaalfarras\/wp-content\/uploads\/usu2159\/2021\/02\/IMG_8904.jpg\"><img loading=\"lazy\" decoding=\"async\" class=\"aligncenter wp-image-1884 size-medium\" src=\"https:\/\/agora.xtec.cat\/ecaalfarras\/wp-content\/uploads\/usu2159\/2021\/02\/IMG_8904-200x300.jpg\" alt=\"\" width=\"200\" height=\"300\" srcset=\"https:\/\/agora.xtec.cat\/ecaalfarras\/wp-content\/uploads\/usu2159\/2021\/02\/IMG_8904-200x300.jpg 200w, https:\/\/agora.xtec.cat\/ecaalfarras\/wp-content\/uploads\/usu2159\/2021\/02\/IMG_8904-682x1024.jpg 682w, https:\/\/agora.xtec.cat\/ecaalfarras\/wp-content\/uploads\/usu2159\/2021\/02\/IMG_8904.jpg 749w\" sizes=\"auto, (max-width: 200px) 100vw, 200px\" \/><\/a><\/p>\n","protected":false},"excerpt":{"rendered":"<p>&nbsp;<br \/>\nL&#8217;abellar, a l&#8217;Escola Agr\u00e0ria d&#8217;Alfarr\u00e0s, ens ajuda a fer la tasca docent de la UF d&#8217;Apicultura ecol\u00f2gica.<br \/>\nEl nostre alumnat pot fer les pr\u00e0ctiques sense sortir de l&#8217;explotaci\u00f3 de l&#8217;escola.<br \/>\nTamb\u00e9 \u00e9s un punt important per a la gesti\u00f3 de l&#8217;explotaci\u00f3 de l&#8217;escola perqu\u00e8 afavoreix la millora&hellip;  <a href=\"https:\/\/agora.xtec.cat\/ecaalfarras\/portada\/labellar-de-ea-alfarras\/\" title=\"Read L&#8217; Abellar de EA Alfarr\u00e0s\">Llegeix m\u00e9s\u00bb<\/a><\/p>\n","protected":false},"author":1,"featured_media":1886,"comment_status":"open","ping_status":"closed","sticky":false,"template":"","format":"standard","meta":{"_bbp_topic_count":0,"_bbp_reply_count":0,"_bbp_total_topic_count":0,"_bbp_total_reply_count":0,"_bbp_voice_count":0,"_bbp_anonymous_reply_count":0,"_bbp_topic_count_hidden":0,"_bbp_reply_count_hidden":0,"_bbp_forum_subforum_count":0,"footnotes":""},"categories":[150,29],"tags":[166,167,110,109,111],"class_list":["post-1883","post","type-post","status-publish","format-standard","has-post-thumbnail","hentry","category-activitas","category-portada","tag-abellar","tag-ea-alfarras","tag-escola-agraria","tag-escoles-agraries","tag-produccio-ecologica"],"post_mailing_queue_ids":[],"_links":{"self":[{"href":"https:\/\/agora.xtec.cat\/ecaalfarras\/wp-json\/wp\/v2\/posts\/1883","targetHints":{"allow":["GET"]}}],"collection":[{"href":"https:\/\/agora.xtec.cat\/ecaalfarras\/wp-json\/wp\/v2\/posts"}],"about":[{"href":"https:\/\/agora.xtec.cat\/ecaalfarras\/wp-json\/wp\/v2\/types\/post"}],"author":[{"embeddable":true,"href":"https:\/\/agora.xtec.cat\/ecaalfarras\/wp-json\/wp\/v2\/users\/1"}],"replies":[{"embeddable":true,"href":"https:\/\/agora.xtec.cat\/ecaalfarras\/wp-json\/wp\/v2\/comments?post=1883"}],"version-history":[{"count":4,"href":"https:\/\/agora.xtec.cat\/ecaalfarras\/wp-json\/wp\/v2\/posts\/1883\/revisions"}],"predecessor-version":[{"id":2073,"href":"https:\/\/agora.xtec.cat\/ecaalfarras\/wp-json\/wp\/v2\/posts\/1883\/revisions\/2073"}],"wp:featuredmedia":[{"embeddable":true,"href":"https:\/\/agora.xtec.cat\/ecaalfarras\/wp-json\/wp\/v2\/media\/1886"}],"wp:attachment":[{"href":"https:\/\/agora.xtec.cat\/ecaalfarras\/wp-json\/wp\/v2\/media?parent=1883"}],"wp:term":[{"taxonomy":"category","embeddable":true,"href":"https:\/\/agora.xtec.cat\/ecaalfarras\/wp-json\/wp\/v2\/categories?post=1883"},{"taxonomy":"post_tag","embeddable":true,"href":"https:\/\/agora.xtec.cat\/ecaalfarras\/wp-json\/wp\/v2\/tags?post=1883"}],"curies":[{"name":"wp","href":"https:\/\/api.w.org\/{rel}","templated":true}]}}