{"id":1876,"date":"2021-05-03T10:00:36","date_gmt":"2021-05-03T08:00:36","guid":{"rendered":"https:\/\/agora.xtec.cat\/ecaalfarras\/?p=1876"},"modified":"2021-05-04T10:22:57","modified_gmt":"2021-05-04T08:22:57","slug":"els-primers-anys-de-lescola-agraria-dalfarras","status":"publish","type":"post","link":"https:\/\/agora.xtec.cat\/ecaalfarras\/portada\/els-primers-anys-de-lescola-agraria-dalfarras\/","title":{"rendered":"Els primers anys de l\u2019Escola Agr\u00e0ria d&#8217;Alfarr\u00e0s"},"content":{"rendered":"<p>&nbsp;<\/p>\n<p>L\u2019Escola Agr\u00e0ria d\u2019Alfarr\u00e0s, des dels seus inicis, s\u2019ha caracteritzat per la seva voluntat de col\u00b7laboraci\u00f3 amb el seu entorn geogr\u00e0fic i amb la resta de d\u2019escoles del SFA i d\u2019altres zones de l\u2019estat espanyol. Com a exemples d\u2019aquestes col\u00b7laboracions en els primers anys de l\u2019escola podem assenyalar:<\/p>\n<p>&nbsp;<\/p>\n<ul>\n<li>Cursos de reciclatge per a guardes forestals de Catalunya, Arag\u00f3 i Balears. Coincidint amb l\u2019obertura de l\u2019escola a l\u2019any 1972, un numero important d\u2019agents forestals de Catalunya, Arag\u00f3 i Balears van participar en activitats de reciclatge a l\u2019escola.<\/li>\n<\/ul>\n<p>&nbsp;<\/p>\n<ul>\n<li>Seminaris intensius en maquin\u00e0ria i fructicultura per a alumnes d\u2019altres centres. Les instal\u00b7lacions i personal especialitzat de qu\u00e8 disposava l\u2019escola, van fer que diferents centres CECA de Catalunya i Balears utilitzessin l\u2019EA d\u2019Alfarr\u00e0s per a la realitzaci\u00f3 de pr\u00e0ctiques de maquin\u00e0ria i fructicultura, durant una setmana o 15 dies. En el cas de qu\u00e8 l\u2019activitat dur\u00e9s 15 dies, s\u2019aprofitava el cap de setmana per fer sortides pel Pirineu i comarques lim\u00edtrofes de l\u2019escola.<\/li>\n<\/ul>\n<p>&nbsp;<\/p>\n<ul>\n<li>Organitzaci\u00f3 de Concursos comarcals de llaurada.- Durant anys l\u2019escola va col\u00b7laborar amb l\u2019Ajuntament d\u2019Alfarr\u00e0s i entitats agr\u00e0ries del municipi en l\u2019organitzaci\u00f3 del Concurs comarcal de llaurada. L\u2019escola, a part de cedir les seves instal\u00b7lacions, participava amb alumnes i professors com a concursants; en aquest sentit podem destacar que el professor de l\u2019escola Sr Antonio Ter\u00e9s va guanyar dos anys la fase comarcal, participant despr\u00e9s en la fase provincial.<\/li>\n<\/ul>\n<p>&nbsp;<\/p>\n<ul>\n<li>Cursos de carnet de conduir per a persones grans. Per la zona hi havia una demanda important de persones que necessitaven obtenir la llic\u00e8ncia administrativa per a conduir vehicles agr\u00edcoles. L\u2019escola, amb la col\u00b7laboraci\u00f3 de la DGT, va organitzar diferents edicions d\u2019aquest curs que va permetre a molts agricultors obtenir aquesta llic\u00e8ncia.<\/li>\n<\/ul>\n<p>&nbsp;<\/p>\n<ul>\n<li>Intercanvis amb l\u2019IES Montearag\u00f3n. Amb la finalitat de fomentar l\u2019intercanvi d\u2019experi\u00e8ncies i coneixements entre els seus alumnes l\u2019EA d\u2019Alfarr\u00e0s i l\u2019ECA de Huesca, (actual IES Montearagon) van organitzar jornades de conviv\u00e8ncia entre els seus alumnes que es realitzaven anualment, alternativament, un any a cada centre. Com a complement d\u2019aquestes trobades alumnes d\u2019Alfarr\u00e0s anaven a Osca a fer pr\u00e0ctiques de ramaderia, i els d\u2019Osca venien a Alfarr\u00e0s a fer pr\u00e0ctiques de fructicultura.<\/li>\n<\/ul>\n<p><a href=\"https:\/\/agora.xtec.cat\/ecaalfarras\/wp-content\/uploads\/usu2159\/2021\/02\/Imagen4.png\"><img loading=\"lazy\" decoding=\"async\" class=\"aligncenter size-full wp-image-1877\" src=\"https:\/\/agora.xtec.cat\/ecaalfarras\/wp-content\/uploads\/usu2159\/2021\/02\/Imagen4.png\" alt=\"\" width=\"371\" height=\"237\" srcset=\"https:\/\/agora.xtec.cat\/ecaalfarras\/wp-content\/uploads\/usu2159\/2021\/02\/Imagen4.png 371w, https:\/\/agora.xtec.cat\/ecaalfarras\/wp-content\/uploads\/usu2159\/2021\/02\/Imagen4-300x192.png 300w\" sizes=\"auto, (max-width: 371px) 100vw, 371px\" \/><\/a><\/p>\n<p><a href=\"https:\/\/agora.xtec.cat\/ecaalfarras\/wp-content\/uploads\/usu2159\/2021\/02\/Imagen5.png\"><img loading=\"lazy\" decoding=\"async\" class=\"aligncenter size-full wp-image-1878\" src=\"https:\/\/agora.xtec.cat\/ecaalfarras\/wp-content\/uploads\/usu2159\/2021\/02\/Imagen5.png\" alt=\"\" width=\"359\" height=\"214\" srcset=\"https:\/\/agora.xtec.cat\/ecaalfarras\/wp-content\/uploads\/usu2159\/2021\/02\/Imagen5.png 359w, https:\/\/agora.xtec.cat\/ecaalfarras\/wp-content\/uploads\/usu2159\/2021\/02\/Imagen5-300x179.png 300w\" sizes=\"auto, (max-width: 359px) 100vw, 359px\" \/><\/a><a href=\"https:\/\/agora.xtec.cat\/ecaalfarras\/wp-content\/uploads\/usu2159\/2021\/02\/Imagen5.png\"><img loading=\"lazy\" decoding=\"async\" class=\"aligncenter size-full wp-image-1878\" src=\"https:\/\/agora.xtec.cat\/ecaalfarras\/wp-content\/uploads\/usu2159\/2021\/02\/Imagen5.png\" alt=\"\" width=\"359\" height=\"214\" srcset=\"https:\/\/agora.xtec.cat\/ecaalfarras\/wp-content\/uploads\/usu2159\/2021\/02\/Imagen5.png 359w, https:\/\/agora.xtec.cat\/ecaalfarras\/wp-content\/uploads\/usu2159\/2021\/02\/Imagen5-300x179.png 300w\" sizes=\"auto, (max-width: 359px) 100vw, 359px\" \/><\/a><\/p>\n<p>Primeres trobades a l\u2019escola<\/p>\n<p>&nbsp;<\/p>\n","protected":false},"excerpt":{"rendered":"<p>&nbsp;<br \/>\nL\u2019Escola Agr\u00e0ria d\u2019Alfarr\u00e0s, des dels seus inicis, s\u2019ha caracteritzat per la seva voluntat de col\u00b7laboraci\u00f3 amb el seu entorn geogr\u00e0fic i amb la resta de d\u2019escoles del SFA i d\u2019altres zones de l\u2019estat espanyol. Com a exemples d\u2019aquestes col\u00b7laboracions en els primers anys de l\u2019escola&hellip;  <a href=\"https:\/\/agora.xtec.cat\/ecaalfarras\/portada\/els-primers-anys-de-lescola-agraria-dalfarras\/\" title=\"Read Els primers anys de l\u2019Escola Agr\u00e0ria d&#8217;Alfarr\u00e0s\">Llegeix m\u00e9s\u00bb<\/a><\/p>\n","protected":false},"author":1,"featured_media":1878,"comment_status":"open","ping_status":"closed","sticky":false,"template":"","format":"standard","meta":{"_bbp_topic_count":0,"_bbp_reply_count":0,"_bbp_total_topic_count":0,"_bbp_total_reply_count":0,"_bbp_voice_count":0,"_bbp_anonymous_reply_count":0,"_bbp_topic_count_hidden":0,"_bbp_reply_count_hidden":0,"_bbp_forum_subforum_count":0,"footnotes":""},"categories":[150,29],"tags":[140,141,110,139,162],"class_list":["post-1876","post","type-post","status-publish","format-standard","has-post-thumbnail","hentry","category-activitas","category-portada","tag-cicle-formatiu-produccio-agroecologica","tag-cicle-grau-superio-paisatgisme-i-medi-rural","tag-escola-agraria","tag-formacio","tag-projecte-escola"],"post_mailing_queue_ids":[],"_links":{"self":[{"href":"https:\/\/agora.xtec.cat\/ecaalfarras\/wp-json\/wp\/v2\/posts\/1876","targetHints":{"allow":["GET"]}}],"collection":[{"href":"https:\/\/agora.xtec.cat\/ecaalfarras\/wp-json\/wp\/v2\/posts"}],"about":[{"href":"https:\/\/agora.xtec.cat\/ecaalfarras\/wp-json\/wp\/v2\/types\/post"}],"author":[{"embeddable":true,"href":"https:\/\/agora.xtec.cat\/ecaalfarras\/wp-json\/wp\/v2\/users\/1"}],"replies":[{"embeddable":true,"href":"https:\/\/agora.xtec.cat\/ecaalfarras\/wp-json\/wp\/v2\/comments?post=1876"}],"version-history":[{"count":2,"href":"https:\/\/agora.xtec.cat\/ecaalfarras\/wp-json\/wp\/v2\/posts\/1876\/revisions"}],"predecessor-version":[{"id":1880,"href":"https:\/\/agora.xtec.cat\/ecaalfarras\/wp-json\/wp\/v2\/posts\/1876\/revisions\/1880"}],"wp:featuredmedia":[{"embeddable":true,"href":"https:\/\/agora.xtec.cat\/ecaalfarras\/wp-json\/wp\/v2\/media\/1878"}],"wp:attachment":[{"href":"https:\/\/agora.xtec.cat\/ecaalfarras\/wp-json\/wp\/v2\/media?parent=1876"}],"wp:term":[{"taxonomy":"category","embeddable":true,"href":"https:\/\/agora.xtec.cat\/ecaalfarras\/wp-json\/wp\/v2\/categories?post=1876"},{"taxonomy":"post_tag","embeddable":true,"href":"https:\/\/agora.xtec.cat\/ecaalfarras\/wp-json\/wp\/v2\/tags?post=1876"}],"curies":[{"name":"wp","href":"https:\/\/api.w.org\/{rel}","templated":true}]}}