{"id":1864,"date":"2021-04-26T10:00:13","date_gmt":"2021-04-26T08:00:13","guid":{"rendered":"https:\/\/agora.xtec.cat\/ecaalfarras\/?p=1864"},"modified":"2021-04-12T12:47:56","modified_gmt":"2021-04-12T10:47:56","slug":"les-primeres-plantacions-de-lescola","status":"publish","type":"post","link":"https:\/\/agora.xtec.cat\/ecaalfarras\/portada\/les-primeres-plantacions-de-lescola\/","title":{"rendered":"Les primeres plantacions de l\u2019Escola"},"content":{"rendered":"<p>&nbsp;<\/p>\n<p>Quan l\u2019escola va comen\u00e7ar la seva activitat a la finca de l\u2019escola existia una plantaci\u00f3 de presseguers amb m\u00e9s de 25 anys d\u2019edat que estava situada a la parcel\u00b7la compresa entre el cam\u00ed de l\u2019horta i els magatzems, P1. Una de les primeres operacions de cultiu va ser la preparaci\u00f3 d\u2019una parcel\u00b7la, P4, per a noves plantacions; es van eliminar els cultius anteriors i es va anivellar. \u00c9s en aquesta parcel\u00b7la de gaireb\u00e9 3 hect\u00e0rees on es realitza la primera plantaci\u00f3, amb una doble finalitat:<\/p>\n<ul>\n<li>Disposar d\u2019una parcel\u00b7la on els alumnes poguessin fer les seves pr\u00e0ctiques de fructicultura.<\/li>\n<li>Veure l\u2019adaptaci\u00f3 a la zona fruitera del Segri\u00e0 de varietats, portaempelts i sistemes de formaci\u00f3. Dins de la parcel\u00b7la es van plantar tres especies diferents:<\/li>\n<\/ul>\n<ol>\n<li>Diferents varietats de prunera europea (Cl\u00e0udies, D\u2019Agen, Stanley) i japonesa (Golden Japan, Santa Rosa) sobre el portaempelts Mirobolan. El sistema de formaci\u00f3 era palmeta.<\/li>\n<li>Formada per de la col\u00b7lecci\u00f3 de varietats de tardor-hivern, on, sobre diferents portaempelts (Codonyer com\u00fa, Codonyer Angers i Codonyer Provence) pod\u00edem trobar una gran quantitat de varietats, bastants de les quals, encara avui en dia, gaireb\u00e9 50 anys despr\u00e8s, podem trobar al mercat (Abate Fetel, Passa Crassana, Mantecosa Hardy, Mantecosa Aremberg, Doyenne de Comice, Flor d\u2019Hivern). El sistema de formaci\u00f3 era palmeta.<\/li>\n<li>Dins d\u2019aquesta esp\u00e8cie es combinaven les dues varietats m\u00e9s cultivades en aquell moment\u00a0 (Golden Delicious, Starking Delicious) sobre diferents portaempelts de la s\u00e8rie EM (EMII, EM25, EMIX), formades en diferents sistemes d\u2019esporga (Drapeau, Palmeta, Spindelbusch, aquest \u00faltim sistema sol sobre el portaempelts EMIX.<\/li>\n<\/ol>\n<p>Posteriorment, ja entre els cursos 1973-1976, es van realitzar\u00a0 noves plantacions a una de les subparcel\u00b7les de la parcel\u00b7la P3, i a P6. All\u00ed es va fer un assaig de diferents varietats de pr\u00e9ssec americ\u00e0 (Redhaven, JH Hale, Shasta, Fairhaven, Velvet, Topred, Washigthon, Vesubio) sobre diferents portaempelts de prunera a la P3 (Damas, Sant Juli\u00e0 Gf-655-2, Brompton) i GF 677 a la P6.<\/p>\n<p><a href=\"https:\/\/agora.xtec.cat\/ecaalfarras\/wp-content\/uploads\/usu2159\/2021\/02\/Imagen2.png\"><img loading=\"lazy\" decoding=\"async\" class=\"aligncenter wp-image-1865 size-full\" src=\"https:\/\/agora.xtec.cat\/ecaalfarras\/wp-content\/uploads\/usu2159\/2021\/02\/Imagen2.png\" alt=\"\" width=\"272\" height=\"266\" \/><\/a><\/p>\n<p><a href=\"https:\/\/agora.xtec.cat\/ecaalfarras\/wp-content\/uploads\/usu2159\/2021\/02\/Imagen3.png\"><img loading=\"lazy\" decoding=\"async\" class=\"aligncenter wp-image-1866 size-full\" src=\"https:\/\/agora.xtec.cat\/ecaalfarras\/wp-content\/uploads\/usu2159\/2021\/02\/Imagen3.png\" alt=\"\" width=\"271\" height=\"263\" \/><\/a><\/p>\n<p>&nbsp;<\/p>\n<p>Evoluci\u00f3 de l\u2019explotaci\u00f3 de l\u2019escola entre 1956 i 1987<\/p>\n<p><a href=\"http:\/\/www.icc.cat\/vissir3\/\">ICGC &#8211; Vissir3 &#8211; Institut Cartogr\u00e0fic i Geol\u00f2gic de Catalunya<\/a><\/p>\n","protected":false},"excerpt":{"rendered":"<p>&nbsp;<br \/>\nQuan l\u2019escola va comen\u00e7ar la seva activitat a la finca de l\u2019escola existia una plantaci\u00f3 de presseguers amb m\u00e9s de 25 anys d\u2019edat que estava situada a la parcel\u00b7la compresa entre el cam\u00ed de l\u2019horta i els magatzems, P1. Una de les primeres operacions de&hellip;  <a href=\"https:\/\/agora.xtec.cat\/ecaalfarras\/portada\/les-primeres-plantacions-de-lescola\/\" title=\"Read Les primeres plantacions de l\u2019Escola\">Llegeix m\u00e9s\u00bb<\/a><\/p>\n","protected":false},"author":1,"featured_media":1865,"comment_status":"open","ping_status":"closed","sticky":false,"template":"","format":"standard","meta":{"_bbp_topic_count":0,"_bbp_reply_count":0,"_bbp_total_topic_count":0,"_bbp_total_reply_count":0,"_bbp_voice_count":0,"_bbp_anonymous_reply_count":0,"_bbp_topic_count_hidden":0,"_bbp_reply_count_hidden":0,"_bbp_forum_subforum_count":0,"footnotes":""},"categories":[150,29],"tags":[110,109,162,163],"class_list":["post-1864","post","type-post","status-publish","format-standard","has-post-thumbnail","hentry","category-activitas","category-portada","tag-escola-agraria","tag-escoles-agraries","tag-projecte-escola","tag-varietats-de-fruita"],"post_mailing_queue_ids":[],"_links":{"self":[{"href":"https:\/\/agora.xtec.cat\/ecaalfarras\/wp-json\/wp\/v2\/posts\/1864","targetHints":{"allow":["GET"]}}],"collection":[{"href":"https:\/\/agora.xtec.cat\/ecaalfarras\/wp-json\/wp\/v2\/posts"}],"about":[{"href":"https:\/\/agora.xtec.cat\/ecaalfarras\/wp-json\/wp\/v2\/types\/post"}],"author":[{"embeddable":true,"href":"https:\/\/agora.xtec.cat\/ecaalfarras\/wp-json\/wp\/v2\/users\/1"}],"replies":[{"embeddable":true,"href":"https:\/\/agora.xtec.cat\/ecaalfarras\/wp-json\/wp\/v2\/comments?post=1864"}],"version-history":[{"count":3,"href":"https:\/\/agora.xtec.cat\/ecaalfarras\/wp-json\/wp\/v2\/posts\/1864\/revisions"}],"predecessor-version":[{"id":1869,"href":"https:\/\/agora.xtec.cat\/ecaalfarras\/wp-json\/wp\/v2\/posts\/1864\/revisions\/1869"}],"wp:featuredmedia":[{"embeddable":true,"href":"https:\/\/agora.xtec.cat\/ecaalfarras\/wp-json\/wp\/v2\/media\/1865"}],"wp:attachment":[{"href":"https:\/\/agora.xtec.cat\/ecaalfarras\/wp-json\/wp\/v2\/media?parent=1864"}],"wp:term":[{"taxonomy":"category","embeddable":true,"href":"https:\/\/agora.xtec.cat\/ecaalfarras\/wp-json\/wp\/v2\/categories?post=1864"},{"taxonomy":"post_tag","embeddable":true,"href":"https:\/\/agora.xtec.cat\/ecaalfarras\/wp-json\/wp\/v2\/tags?post=1864"}],"curies":[{"name":"wp","href":"https:\/\/api.w.org\/{rel}","templated":true}]}}