{"id":1861,"date":"2021-02-22T10:00:29","date_gmt":"2021-02-22T09:00:29","guid":{"rendered":"https:\/\/agora.xtec.cat\/ecaalfarras\/?p=1861"},"modified":"2021-02-22T15:06:42","modified_gmt":"2021-02-22T14:06:42","slug":"la-formacio-i-els-estudis-antics-de-capatas","status":"publish","type":"post","link":"https:\/\/agora.xtec.cat\/ecaalfarras\/portada\/la-formacio-i-els-estudis-antics-de-capatas\/","title":{"rendered":"La formaci\u00f3 i els estudis antics de capat\u00e0s"},"content":{"rendered":"<p>&nbsp;<\/p>\n<p>La llavors coneguda com <em>Escuela de Capacitaci\u00f3n Agraria<\/em> va comen\u00e7ar la seva activitat el curs 1972\/73, concretament les classes es van iniciar el dia 1 de desembre de 1972, si b\u00e9 la inauguraci\u00f3 oficial de l\u2019escola i del curs no es va fer fins la primavera de 1973.<\/p>\n<p><a href=\"https:\/\/agora.xtec.cat\/ecaalfarras\/wp-content\/uploads\/usu2159\/2021\/02\/Imagen4.png\"><img loading=\"lazy\" decoding=\"async\" class=\"aligncenter size-full wp-image-1877\" src=\"https:\/\/agora.xtec.cat\/ecaalfarras\/wp-content\/uploads\/usu2159\/2021\/02\/Imagen4.png\" alt=\"\" width=\"371\" height=\"237\" srcset=\"https:\/\/agora.xtec.cat\/ecaalfarras\/wp-content\/uploads\/usu2159\/2021\/02\/Imagen4.png 371w, https:\/\/agora.xtec.cat\/ecaalfarras\/wp-content\/uploads\/usu2159\/2021\/02\/Imagen4-300x192.png 300w\" sizes=\"auto, (max-width: 371px) 100vw, 371px\" \/><\/a><\/p>\n<p>En aquest curs i els seg\u00fcents, l\u2019escola va impartir els estudis de Capataz Agr\u00edcola, especialitat hortofruct\u00edcola que, a difer\u00e8ncia d\u2019altres especialitats d\u2019aquests estudis, solament durava un curs acad\u00e8mic (la normativa que regulava els estudis indicava que el curs havia de durar un m\u00ednim de 220 dies lectius).<\/p>\n<p>En aquests cursos les classes es desenvolupaven de dilluns a dissabte a migdia, en jornada de mat\u00ed i tarda.<\/p>\n<p>Les mat\u00e8ries es dividien en tres grans blocs:<\/p>\n<ul>\n<li>\u00c0rea Te\u00f2rica amb classes de 9-13 hores de dilluns a dissabte.<\/li>\n<li>\u00c0rea de pr\u00e0ctiques amb classes de 15-18 hores, dilluns, dimarts, dimecres i divendres.<\/li>\n<li>La tarda del dijous es dedicava a activitats complement\u00e0ries, f\u00edsiques i formaci\u00f3 complement\u00e0ria de l\u2019\u00e0mbit no agrari.<\/li>\n<\/ul>\n<p>Dins de l\u2019\u00e0rea te\u00f2rica s\u2019impartien mat\u00e8ries com: Fructicultura, Horticultura, Maquin\u00e0ria, S\u00f2ls i Adobs, Plagues i malalties.<\/p>\n<p>A l\u2019\u00e0rea de pr\u00e0ctiques els alumnes es dividien en 5 grups de pr\u00e0ctiques amb rotaci\u00f3 setmanal (Fructicultura, Horticultura, Taller, Maquin\u00e0ria i Serveis (aquest grup realitzava una tasca transversal de suport a la resta de grups o de manteniment de les instal\u00b7lacions del centre).<\/p>\n<p>En els cursos inicials, l\u2019escola comptava amb una plantilla de professors formada per 3 enginyers agr\u00f2noms, 1 enginyer t\u00e8cnic agr\u00edcola, un moss\u00e8n, un mestre nacional, entre 5 i 7 capatassos agr\u00edcoles o monitors del SEA, dels quals un desenvolupava tasques de Cap de Resid\u00e8ncia. A m\u00e9s per impartir determinats temes es comptava amb la participaci\u00f3 de T\u00e8cnics i Especialistes del SEA.<\/p>\n<p>A m\u00e9s del professorat l\u2019escola comptava amb personal de servei format per un cuiner, una governanta, 6 auxiliars d\u2019internat, un ajudant de cuina, un oficial 1\u00aa mec\u00e0nic i 2 oficials\u00a0 agraris.<\/p>\n<p>&nbsp;<\/p>\n<p>&nbsp;<\/p>\n","protected":false},"excerpt":{"rendered":"<p>&nbsp;<br \/>\nLa llavors coneguda com Escuela de Capacitaci\u00f3n Agraria va comen\u00e7ar la seva activitat el curs 1972\/73, concretament les classes es van iniciar el dia 1 de desembre de 1972, si b\u00e9 la inauguraci\u00f3 oficial de l\u2019escola i del curs no es va fer fins la&hellip;  <a href=\"https:\/\/agora.xtec.cat\/ecaalfarras\/portada\/la-formacio-i-els-estudis-antics-de-capatas\/\" title=\"Read La formaci\u00f3 i els estudis antics de capat\u00e0s\">Llegeix m\u00e9s\u00bb<\/a><\/p>\n","protected":false},"author":1,"featured_media":1877,"comment_status":"open","ping_status":"closed","sticky":false,"template":"","format":"standard","meta":{"_bbp_topic_count":0,"_bbp_reply_count":0,"_bbp_total_topic_count":0,"_bbp_total_reply_count":0,"_bbp_voice_count":0,"_bbp_anonymous_reply_count":0,"_bbp_topic_count_hidden":0,"_bbp_reply_count_hidden":0,"_bbp_forum_subforum_count":0,"footnotes":""},"categories":[150,29],"tags":[108,140,141,109,139,162],"class_list":["post-1861","post","type-post","status-publish","format-standard","has-post-thumbnail","hentry","category-activitas","category-portada","tag-agraria","tag-cicle-formatiu-produccio-agroecologica","tag-cicle-grau-superio-paisatgisme-i-medi-rural","tag-escoles-agraries","tag-formacio","tag-projecte-escola"],"post_mailing_queue_ids":[],"_links":{"self":[{"href":"https:\/\/agora.xtec.cat\/ecaalfarras\/wp-json\/wp\/v2\/posts\/1861","targetHints":{"allow":["GET"]}}],"collection":[{"href":"https:\/\/agora.xtec.cat\/ecaalfarras\/wp-json\/wp\/v2\/posts"}],"about":[{"href":"https:\/\/agora.xtec.cat\/ecaalfarras\/wp-json\/wp\/v2\/types\/post"}],"author":[{"embeddable":true,"href":"https:\/\/agora.xtec.cat\/ecaalfarras\/wp-json\/wp\/v2\/users\/1"}],"replies":[{"embeddable":true,"href":"https:\/\/agora.xtec.cat\/ecaalfarras\/wp-json\/wp\/v2\/comments?post=1861"}],"version-history":[{"count":3,"href":"https:\/\/agora.xtec.cat\/ecaalfarras\/wp-json\/wp\/v2\/posts\/1861\/revisions"}],"predecessor-version":[{"id":1882,"href":"https:\/\/agora.xtec.cat\/ecaalfarras\/wp-json\/wp\/v2\/posts\/1861\/revisions\/1882"}],"wp:featuredmedia":[{"embeddable":true,"href":"https:\/\/agora.xtec.cat\/ecaalfarras\/wp-json\/wp\/v2\/media\/1877"}],"wp:attachment":[{"href":"https:\/\/agora.xtec.cat\/ecaalfarras\/wp-json\/wp\/v2\/media?parent=1861"}],"wp:term":[{"taxonomy":"category","embeddable":true,"href":"https:\/\/agora.xtec.cat\/ecaalfarras\/wp-json\/wp\/v2\/categories?post=1861"},{"taxonomy":"post_tag","embeddable":true,"href":"https:\/\/agora.xtec.cat\/ecaalfarras\/wp-json\/wp\/v2\/tags?post=1861"}],"curies":[{"name":"wp","href":"https:\/\/api.w.org\/{rel}","templated":true}]}}