{"id":1857,"date":"2021-02-09T10:30:44","date_gmt":"2021-02-09T09:30:44","guid":{"rendered":"https:\/\/agora.xtec.cat\/ecaalfarras\/?p=1857"},"modified":"2021-02-09T10:30:44","modified_gmt":"2021-02-09T09:30:44","slug":"el-nostre-laberint","status":"publish","type":"post","link":"https:\/\/agora.xtec.cat\/ecaalfarras\/activitas\/el-nostre-laberint\/","title":{"rendered":"El nostre laberint"},"content":{"rendered":"<header class=\"entry-header\">\n<h1 class=\"entry-title\"><\/h1>\n<\/header>\n<div class=\"entry-content\">\n<p>El marqu\u00e9s d\u2019Alfarr\u00e0s, Antoni Desvalls, va fer construir al segle XIX un laberint al barri d\u2019Horta de Barcelona tot seguint les tend\u00e8ncies vigents a altres pa\u00efsos europeus. Avui en dia \u00e9s un jard\u00ed museu que recull diferents estils paisatg\u00edstics i diferents esp\u00e8cies.<\/p>\n<p>A l\u2019any 2016 l\u2019Escola d\u2019Alfarr\u00e0s, dins del cicle de Paisatgisme, es va comen\u00e7ar el disseny i la instal\u00b7laci\u00f3 d\u2019un laberint inspirat en aquell de la fam\u00edlia Desvalls.<\/p>\n<p><a href=\"https:\/\/agora.xtec.cat\/ecaalfarras\/wp-content\/uploads\/usu2159\/2020\/05\/laberint_eagrarialfarras.jpg\"><img loading=\"lazy\" decoding=\"async\" class=\"aligncenter size-full wp-image-728\" src=\"https:\/\/agora.xtec.cat\/ecaalfarras\/wp-content\/uploads\/usu2159\/2020\/05\/laberint_eagrarialfarras.jpg\" sizes=\"auto, (max-width: 1264px) 100vw, 1264px\" srcset=\"https:\/\/agora.xtec.cat\/ecaalfarras\/wp-content\/uploads\/usu2159\/2020\/05\/laberint_eagrarialfarras.jpg 1264w, https:\/\/agora.xtec.cat\/ecaalfarras\/wp-content\/uploads\/usu2159\/2020\/05\/laberint_eagrarialfarras-300x146.jpg 300w, https:\/\/agora.xtec.cat\/ecaalfarras\/wp-content\/uploads\/usu2159\/2020\/05\/laberint_eagrarialfarras-768x373.jpg 768w, https:\/\/agora.xtec.cat\/ecaalfarras\/wp-content\/uploads\/usu2159\/2020\/05\/laberint_eagrarialfarras-1024x497.jpg 1024w\" alt=\"\" width=\"1264\" height=\"614\" \/><\/a><\/p>\n<p class=\"align left\">\u00a0\u00a0\u00a0\u00a0<em>Disseny del laberint<\/em><\/p>\n<div><em>Vista a\u00e8ria del laberint<\/em><\/div>\n<div><\/div>\n<div><\/div>\n<div><\/div>\n<p>A partir del disseny ideat pel professor Pepe Esquerda amb la col\u00b7laboraci\u00f3 dels alumnes de 1\u00baCFGS, es va realitzar un primer aixecament taquim\u00e8tric per distribuir la bardissa de xiprers sobre una parcel\u00b7la de jard\u00ed existent de 1.800 m2. En les m\u00f2dul de Disseny de jardins, es van disposar els xiprers amb el\u00b7lipses conc\u00e8ntriques. Es van preveure a les zones interiors jardins d\u2019estil japon\u00e8s, franc\u00e8s, angl\u00e8s i mediterrani.<\/p>\n<p>&nbsp;<\/p>\n<p><a href=\"https:\/\/agora.xtec.cat\/ecaalfarras\/wp-content\/uploads\/usu2159\/2020\/05\/laberint_xipres_eagrarialfarras.jpg\"><img loading=\"lazy\" decoding=\"async\" class=\"aligncenter size-full wp-image-737\" src=\"https:\/\/agora.xtec.cat\/ecaalfarras\/wp-content\/uploads\/usu2159\/2020\/05\/laberint_xipres_eagrarialfarras.jpg\" sizes=\"auto, (max-width: 666px) 100vw, 666px\" srcset=\"https:\/\/agora.xtec.cat\/ecaalfarras\/wp-content\/uploads\/usu2159\/2020\/05\/laberint_xipres_eagrarialfarras.jpg 666w, https:\/\/agora.xtec.cat\/ecaalfarras\/wp-content\/uploads\/usu2159\/2020\/05\/laberint_xipres_eagrarialfarras-300x225.jpg 300w, https:\/\/agora.xtec.cat\/ecaalfarras\/wp-content\/uploads\/usu2159\/2020\/05\/laberint_xipres_eagrarialfarras-200x150.jpg 200w\" alt=\"Xipr\u00e8s del laberint\" width=\"666\" height=\"500\" \/><\/a><\/p>\n<p><em>Xiprers laberint<\/em><\/p>\n<p>A partir de llavors i fins a la actualitat, s\u2019han anat incorporant nous elements vegetals i no vegetals -banc central, bassa, tanca perimetrals-. Un punt clau, sempre susceptible de millora, \u00e9s el sistema de reg, que ara combina reg localitzat i reg per aspersi\u00f3.<\/p>\n<p><a href=\"https:\/\/agora.xtec.cat\/ecaalfarras\/wp-content\/uploads\/usu2159\/2020\/05\/laberint_elementsdefusta_eagrarialfarras.jpg\"><img loading=\"lazy\" decoding=\"async\" class=\"aligncenter size-full wp-image-738\" src=\"https:\/\/agora.xtec.cat\/ecaalfarras\/wp-content\/uploads\/usu2159\/2020\/05\/laberint_elementsdefusta_eagrarialfarras.jpg\" sizes=\"auto, (max-width: 1263px) 100vw, 1263px\" srcset=\"https:\/\/agora.xtec.cat\/ecaalfarras\/wp-content\/uploads\/usu2159\/2020\/05\/laberint_elementsdefusta_eagrarialfarras.jpg 1263w, https:\/\/agora.xtec.cat\/ecaalfarras\/wp-content\/uploads\/usu2159\/2020\/05\/laberint_elementsdefusta_eagrarialfarras-300x104.jpg 300w, https:\/\/agora.xtec.cat\/ecaalfarras\/wp-content\/uploads\/usu2159\/2020\/05\/laberint_elementsdefusta_eagrarialfarras-768x266.jpg 768w, https:\/\/agora.xtec.cat\/ecaalfarras\/wp-content\/uploads\/usu2159\/2020\/05\/laberint_elementsdefusta_eagrarialfarras-1024x354.jpg 1024w\" alt=\"\" width=\"1263\" height=\"437\" \/><\/a><\/p>\n<p><em>Elements de fusta del laberint<\/em><\/p>\n<p>En aquest moment, encara en per\u00edode de creixement i formaci\u00f3, el laberint \u00e9s un marc immillorable per fer les classes pr\u00e0ctiques entre d\u2019altres, d\u2019enjardinament, regs i bot\u00e0nica i per tenir la visi\u00f3 d\u2019una instal\u00b7laci\u00f3 de l\u2019escola projectada a llarg termini.<\/p>\n<div class=\"addtoany_share_save_container addtoany_content addtoany_content_bottom\">\n<div class=\"a2a_kit a2a_kit_size_25 addtoany_list\" data-a2a-url=\"https:\/\/agora.xtec.cat\/ecaalfarras\/activitats\/el-nostre-laberint\/\" data-a2a-title=\"El nostre laberint\"><\/div>\n<\/div>\n<\/div>\n","protected":false},"excerpt":{"rendered":"<p>El marqu\u00e9s d\u2019Alfarr\u00e0s, Antoni Desvalls, va fer construir al segle XIX un laberint al barri d\u2019Horta de Barcelona tot seguint les tend\u00e8ncies vigents a altres pa\u00efsos europeus. Avui en dia \u00e9s un jard\u00ed museu que recull diferents estils paisatg\u00edstics i diferents esp\u00e8cies.<br \/>\nA l\u2019any 2016 l\u2019Escola&hellip;  <a href=\"https:\/\/agora.xtec.cat\/ecaalfarras\/activitas\/el-nostre-laberint\/\" title=\"Read El nostre laberint\">Llegeix m\u00e9s\u00bb<\/a><\/p>\n","protected":false},"author":1,"featured_media":0,"comment_status":"open","ping_status":"closed","sticky":false,"template":"","format":"standard","meta":{"_bbp_topic_count":0,"_bbp_reply_count":0,"_bbp_total_topic_count":0,"_bbp_total_reply_count":0,"_bbp_voice_count":0,"_bbp_anonymous_reply_count":0,"_bbp_topic_count_hidden":0,"_bbp_reply_count_hidden":0,"_bbp_forum_subforum_count":0,"footnotes":""},"categories":[150],"tags":[140,141,109,161,162],"class_list":["post-1857","post","type-post","status-publish","format-standard","hentry","category-activitas","tag-cicle-formatiu-produccio-agroecologica","tag-cicle-grau-superio-paisatgisme-i-medi-rural","tag-escoles-agraries","tag-laberint","tag-projecte-escola"],"post_mailing_queue_ids":[],"_links":{"self":[{"href":"https:\/\/agora.xtec.cat\/ecaalfarras\/wp-json\/wp\/v2\/posts\/1857","targetHints":{"allow":["GET"]}}],"collection":[{"href":"https:\/\/agora.xtec.cat\/ecaalfarras\/wp-json\/wp\/v2\/posts"}],"about":[{"href":"https:\/\/agora.xtec.cat\/ecaalfarras\/wp-json\/wp\/v2\/types\/post"}],"author":[{"embeddable":true,"href":"https:\/\/agora.xtec.cat\/ecaalfarras\/wp-json\/wp\/v2\/users\/1"}],"replies":[{"embeddable":true,"href":"https:\/\/agora.xtec.cat\/ecaalfarras\/wp-json\/wp\/v2\/comments?post=1857"}],"version-history":[{"count":1,"href":"https:\/\/agora.xtec.cat\/ecaalfarras\/wp-json\/wp\/v2\/posts\/1857\/revisions"}],"predecessor-version":[{"id":1858,"href":"https:\/\/agora.xtec.cat\/ecaalfarras\/wp-json\/wp\/v2\/posts\/1857\/revisions\/1858"}],"wp:attachment":[{"href":"https:\/\/agora.xtec.cat\/ecaalfarras\/wp-json\/wp\/v2\/media?parent=1857"}],"wp:term":[{"taxonomy":"category","embeddable":true,"href":"https:\/\/agora.xtec.cat\/ecaalfarras\/wp-json\/wp\/v2\/categories?post=1857"},{"taxonomy":"post_tag","embeddable":true,"href":"https:\/\/agora.xtec.cat\/ecaalfarras\/wp-json\/wp\/v2\/tags?post=1857"}],"curies":[{"name":"wp","href":"https:\/\/api.w.org\/{rel}","templated":true}]}}