{"id":1823,"date":"2021-02-09T13:30:50","date_gmt":"2021-02-09T12:30:50","guid":{"rendered":"https:\/\/agora.xtec.cat\/ecaalfarras\/?p=1823"},"modified":"2021-03-01T12:11:15","modified_gmt":"2021-03-01T11:11:15","slug":"xiv-jornada-de-fructicultura","status":"publish","type":"post","link":"https:\/\/agora.xtec.cat\/ecaalfarras\/general\/xiv-jornada-de-fructicultura\/","title":{"rendered":"XIV JORNADA DE FRUCTICULTURA"},"content":{"rendered":"<h4><strong><span style=\"color: #003300;\">Jornada t\u00e8cnica en l\u00ednia<\/span> <\/strong><\/h4>\n<h5><\/h5>\n<h6><em><strong>&#8211; Divendres 19 de febrer de 2021 &#8211;<\/strong><\/em><\/h6>\n<p><a href=\"https:\/\/agora.xtec.cat\/ecaalfarras\/wp-content\/uploads\/usu2159\/2021\/01\/port.jpg\"><img loading=\"lazy\" decoding=\"async\" class=\"aligncenter size-full wp-image-1824\" src=\"https:\/\/agora.xtec.cat\/ecaalfarras\/wp-content\/uploads\/usu2159\/2021\/01\/port.jpg\" alt=\"\" width=\"1196\" height=\"321\" srcset=\"https:\/\/agora.xtec.cat\/ecaalfarras\/wp-content\/uploads\/usu2159\/2021\/01\/port.jpg 1196w, https:\/\/agora.xtec.cat\/ecaalfarras\/wp-content\/uploads\/usu2159\/2021\/01\/port-300x81.jpg 300w, https:\/\/agora.xtec.cat\/ecaalfarras\/wp-content\/uploads\/usu2159\/2021\/01\/port-768x206.jpg 768w, https:\/\/agora.xtec.cat\/ecaalfarras\/wp-content\/uploads\/usu2159\/2021\/01\/port-1024x275.jpg 1024w\" sizes=\"auto, (max-width: 1196px) 100vw, 1196px\" \/><\/a><\/p>\n<p>L\u2019Escola Agr\u00e0ria d\u2019Alfarr\u00e0s juntament amb l\u2019Ajuntament de Benavent i l\u2019associaci\u00f3 de t\u00e8cnics de L\u2019ADV organitza la catorzena jornada en fructicultura. Aquesta jornada \u00e9s una de les m\u00e9s exitoses de l\u2019escola en el sector de la fructicultura.<\/p>\n<p>Aquest any s\u2019innova a la jornada realitzant-la en l\u00ednia per garantir totes les mesures de seguretat sanit\u00e0ria.<\/p>\n<p style=\"text-align: left;\">Podeu veure l\u2019horari i el programa de la Jornada en el seg\u00fcent enlla\u00e7:<\/p>\n<p style=\"text-align: center;\"><strong><a href=\"https:\/\/agora.xtec.cat\/ecaalfarras\/wp-content\/uploads\/usu2159\/2021\/01\/En-l%C3%ADnia_Fructicultura_190221.pdf\">Programa de la Jornada<\/a><\/strong><\/p>\n<p>La jornada d\u2019aquest any es dividir\u00e0 en 2 blocs:<\/p>\n<p>\u2022 El primer bloc, s\u2019abordar\u00e0 un dels temes que m\u00e9s amo\u00efnen als agricultors en general i als fructicultors en particular, la manca de medis de lluita per al control de pat\u00f2gens, a causa de les restriccions de la normativa europea I que, aquests darrers anys, encara s\u2019ha accentuat m\u00e9s. Es descriuran els principals problemes fitosanitaris dels fruiters d\u2019os i llavor i les seves limitacions en el seu control i es parlar\u00e0 de la possibilitat d\u2019emprar productes que no estan en el ROPMF mitjan\u00e7ant els mecanismes permesos per la legislaci\u00f3 vigent.<\/p>\n<p style=\"text-align: left;\">\u2022 En el segon bloc es tractar\u00e0 sobre el pla de modernitzaci\u00f3 que el DARP i la Comunitat General del Canal de Pinyana estan duent a terme als diferents sectors de la zona regable i sobre la transformaci\u00f3 de reg a tesa a reg localitzat.<\/p>\n<p>Aquesta jornada es realitza en l\u00ednia. Us hi podeu inscriure mitjan\u00e7ant l\u2019enlla\u00e7 que trobareu a l\u2019apartat <a href=\"https:\/\/ruralcat.gencat.cat\/web\/guest\/transferencia\/preinscripcio-jornada-tecnica\">Inscripcions<\/a><\/p>\n<p>El dia abans de la jornada rebreu l\u2019enlla\u00e7 d\u2019acc\u00e9s a l\u2019aula virtual des d\u2019on podreu seguir-la.<br \/>\nPodeu consultar els vostres dubtes trucant a l\u2019Escola Agr\u00e0ria d\u2019Alfarr\u00e0s (Tel.: 973 76 01 00 \u2013 A\/e: jaume.castells@gencat.cat)<\/p>\n<p>Desitgem que us animeu a participar en la Jornada que tant d\u2019\u00e8xit t\u00e9 tots els anys.<\/p>\n","protected":false},"excerpt":{"rendered":"<p>Jornada t\u00e8cnica en l\u00ednia <\/p>\n<p>&#8211; Divendres 19 de febrer de 2021 &#8211;<br \/>\n<a href=\"https:\/\/agora.xtec.cat\/ecaalfarras\/wp-content\/uploads\/usu2159\/2021\/01\/port.jpg\"><\/a><br \/>\nL\u2019Escola Agr\u00e0ria d\u2019Alfarr\u00e0s juntament amb l\u2019Ajuntament de Benavent i l\u2019associaci\u00f3 de t\u00e8cnics de L\u2019ADV organitza la catorzena jornada en fructicultura. Aquesta jornada \u00e9s una de les m\u00e9s exitoses de l\u2019escola en el sector&hellip;  <a href=\"https:\/\/agora.xtec.cat\/ecaalfarras\/general\/xiv-jornada-de-fructicultura\/\" title=\"Read XIV JORNADA DE FRUCTICULTURA\">Llegeix m\u00e9s\u00bb<\/a><\/p>\n","protected":false},"author":1,"featured_media":1824,"comment_status":"open","ping_status":"closed","sticky":false,"template":"","format":"standard","meta":{"_bbp_topic_count":0,"_bbp_reply_count":0,"_bbp_total_topic_count":0,"_bbp_total_reply_count":0,"_bbp_voice_count":0,"_bbp_anonymous_reply_count":0,"_bbp_topic_count_hidden":0,"_bbp_reply_count_hidden":0,"_bbp_forum_subforum_count":0,"footnotes":""},"categories":[1,151,29],"tags":[110,156,148],"class_list":["post-1823","post","type-post","status-publish","format-standard","has-post-thumbnail","hentry","category-general","category-noticies","category-portada","tag-escola-agraria","tag-fructicultura","tag-jornades"],"post_mailing_queue_ids":[],"_links":{"self":[{"href":"https:\/\/agora.xtec.cat\/ecaalfarras\/wp-json\/wp\/v2\/posts\/1823","targetHints":{"allow":["GET"]}}],"collection":[{"href":"https:\/\/agora.xtec.cat\/ecaalfarras\/wp-json\/wp\/v2\/posts"}],"about":[{"href":"https:\/\/agora.xtec.cat\/ecaalfarras\/wp-json\/wp\/v2\/types\/post"}],"author":[{"embeddable":true,"href":"https:\/\/agora.xtec.cat\/ecaalfarras\/wp-json\/wp\/v2\/users\/1"}],"replies":[{"embeddable":true,"href":"https:\/\/agora.xtec.cat\/ecaalfarras\/wp-json\/wp\/v2\/comments?post=1823"}],"version-history":[{"count":3,"href":"https:\/\/agora.xtec.cat\/ecaalfarras\/wp-json\/wp\/v2\/posts\/1823\/revisions"}],"predecessor-version":[{"id":1860,"href":"https:\/\/agora.xtec.cat\/ecaalfarras\/wp-json\/wp\/v2\/posts\/1823\/revisions\/1860"}],"wp:featuredmedia":[{"embeddable":true,"href":"https:\/\/agora.xtec.cat\/ecaalfarras\/wp-json\/wp\/v2\/media\/1824"}],"wp:attachment":[{"href":"https:\/\/agora.xtec.cat\/ecaalfarras\/wp-json\/wp\/v2\/media?parent=1823"}],"wp:term":[{"taxonomy":"category","embeddable":true,"href":"https:\/\/agora.xtec.cat\/ecaalfarras\/wp-json\/wp\/v2\/categories?post=1823"},{"taxonomy":"post_tag","embeddable":true,"href":"https:\/\/agora.xtec.cat\/ecaalfarras\/wp-json\/wp\/v2\/tags?post=1823"}],"curies":[{"name":"wp","href":"https:\/\/api.w.org\/{rel}","templated":true}]}}