{"id":1755,"date":"2021-01-10T17:43:47","date_gmt":"2021-01-10T16:43:47","guid":{"rendered":"https:\/\/agora.xtec.cat\/ecaalfarras\/?p=1755"},"modified":"2021-02-08T12:05:01","modified_gmt":"2021-02-08T11:05:01","slug":"alejandro-espuna","status":"publish","type":"post","link":"https:\/\/agora.xtec.cat\/ecaalfarras\/general\/alejandro-espuna\/","title":{"rendered":"Alejandro Espu\u00f1a"},"content":{"rendered":"<p style=\"text-align: justify;\"><a href=\"https:\/\/agora.xtec.cat\/ecaalfarras\/wp-content\/uploads\/usu2159\/2021\/01\/IMG_20201222_114607_opt.jpg\"><img loading=\"lazy\" decoding=\"async\" class=\"alignleft wp-image-1756 size-medium\" src=\"https:\/\/agora.xtec.cat\/ecaalfarras\/wp-content\/uploads\/usu2159\/2021\/01\/IMG_20201222_114607_opt-225x300.jpg\" alt=\"\" width=\"225\" height=\"300\" srcset=\"https:\/\/agora.xtec.cat\/ecaalfarras\/wp-content\/uploads\/usu2159\/2021\/01\/IMG_20201222_114607_opt-225x300.jpg 225w, https:\/\/agora.xtec.cat\/ecaalfarras\/wp-content\/uploads\/usu2159\/2021\/01\/IMG_20201222_114607_opt.jpg 400w\" sizes=\"auto, (max-width: 225px) 100vw, 225px\" \/><\/a>Alejandro Espu\u00f1a<br \/>\nNach\u00e1<\/p>\n<p style=\"text-align: justify;\"><span style=\"color: #ff6600;\"><em>\u201cQuan comences un projecte com el nostre amb molt esfor\u00e7 i molta il\u00b7lusi\u00f3 ning\u00fa t\u2019assegura la viabilitat ni l\u2019\u00e8xit, per\u00f2 fent les coses ben fetes hi ha molt de guanyat! Cal fer un bon treball.\u201d<\/em><\/span><\/p>\n<p style=\"text-align: justify;\">L\u2019Alejandro Espu\u00f1a va estar a l\u2019Escola Agr\u00e0ria d\u2019Alfarr\u00e0s durant 4 anys. \u00c9s T\u00e8cnic en Explotacions agr\u00edcoles intensives i T\u00e8cnic superior en Gesti\u00f3 i organitzaci\u00f3 d\u2019empreses agropecu\u00e0ries. Durant el seu per\u00edode de formaci\u00f3 es va interessar pel cultiu de la t\u00f2fona i va encarar les seves pr\u00e0ctiques per formar-se i informar-se en diferents empreses i entitats.<\/p>\n<p style=\"text-align: justify;\">Avui en dia aquest inter\u00e8s ja s\u2019ha materialitzat. Gran part de la seva feina com a pag\u00e8s la dedica a aquest cultiu. Ja ha collit les primeres t\u00f2fones implantades per ell i d\u2019aix\u00f2 n\u2019est\u00e0 for\u00e7a orgull\u00f3s. Ha creat fins i tot la seva pr\u00f2pia marca, Blacko, amb una imatge estudiada i impecable.<\/p>\n<p><a href=\"https:\/\/agora.xtec.cat\/ecaalfarras\/wp-content\/uploads\/usu2159\/2021\/01\/IMG_20201222_114417_opt.jpg\"><img loading=\"lazy\" decoding=\"async\" class=\"aligncenter size-full wp-image-1757\" src=\"https:\/\/agora.xtec.cat\/ecaalfarras\/wp-content\/uploads\/usu2159\/2021\/01\/IMG_20201222_114417_opt.jpg\" alt=\"\" width=\"400\" height=\"300\" srcset=\"https:\/\/agora.xtec.cat\/ecaalfarras\/wp-content\/uploads\/usu2159\/2021\/01\/IMG_20201222_114417_opt.jpg 400w, https:\/\/agora.xtec.cat\/ecaalfarras\/wp-content\/uploads\/usu2159\/2021\/01\/IMG_20201222_114417_opt-300x225.jpg 300w, https:\/\/agora.xtec.cat\/ecaalfarras\/wp-content\/uploads\/usu2159\/2021\/01\/IMG_20201222_114417_opt-200x150.jpg 200w\" sizes=\"auto, (max-width: 400px) 100vw, 400px\" \/><\/a><\/p>\n","protected":false},"excerpt":{"rendered":"<p><a href=\"https:\/\/agora.xtec.cat\/ecaalfarras\/wp-content\/uploads\/usu2159\/2021\/01\/IMG_20201222_114607_opt.jpg\"><\/a>Alejandro Espu\u00f1a<br \/>\nNach\u00e1<br \/>\n\u201cQuan comences un projecte com el nostre amb molt esfor\u00e7 i molta il\u00b7lusi\u00f3 ning\u00fa t\u2019assegura la viabilitat ni l\u2019\u00e8xit, per\u00f2 fent les coses ben fetes hi ha molt de guanyat! Cal fer un bon treball.\u201d<br \/>\nL\u2019Alejandro Espu\u00f1a va estar a l\u2019Escola Agr\u00e0ria d\u2019Alfarr\u00e0s durant&hellip;  <a href=\"https:\/\/agora.xtec.cat\/ecaalfarras\/general\/alejandro-espuna\/\" title=\"Read Alejandro Espu\u00f1a\">Llegeix m\u00e9s\u00bb<\/a><\/p>\n","protected":false},"author":1,"featured_media":0,"comment_status":"open","ping_status":"closed","sticky":false,"template":"","format":"standard","meta":{"_bbp_topic_count":0,"_bbp_reply_count":0,"_bbp_total_topic_count":0,"_bbp_total_reply_count":0,"_bbp_voice_count":0,"_bbp_anonymous_reply_count":0,"_bbp_topic_count_hidden":0,"_bbp_reply_count_hidden":0,"_bbp_forum_subforum_count":0,"footnotes":""},"categories":[120,1,29],"tags":[110,134],"class_list":["post-1755","post","type-post","status-publish","format-standard","hentry","category-exalumnes","category-general","category-portada","tag-escola-agraria","tag-exalumnes"],"post_mailing_queue_ids":[],"_links":{"self":[{"href":"https:\/\/agora.xtec.cat\/ecaalfarras\/wp-json\/wp\/v2\/posts\/1755","targetHints":{"allow":["GET"]}}],"collection":[{"href":"https:\/\/agora.xtec.cat\/ecaalfarras\/wp-json\/wp\/v2\/posts"}],"about":[{"href":"https:\/\/agora.xtec.cat\/ecaalfarras\/wp-json\/wp\/v2\/types\/post"}],"author":[{"embeddable":true,"href":"https:\/\/agora.xtec.cat\/ecaalfarras\/wp-json\/wp\/v2\/users\/1"}],"replies":[{"embeddable":true,"href":"https:\/\/agora.xtec.cat\/ecaalfarras\/wp-json\/wp\/v2\/comments?post=1755"}],"version-history":[{"count":3,"href":"https:\/\/agora.xtec.cat\/ecaalfarras\/wp-json\/wp\/v2\/posts\/1755\/revisions"}],"predecessor-version":[{"id":1761,"href":"https:\/\/agora.xtec.cat\/ecaalfarras\/wp-json\/wp\/v2\/posts\/1755\/revisions\/1761"}],"wp:attachment":[{"href":"https:\/\/agora.xtec.cat\/ecaalfarras\/wp-json\/wp\/v2\/media?parent=1755"}],"wp:term":[{"taxonomy":"category","embeddable":true,"href":"https:\/\/agora.xtec.cat\/ecaalfarras\/wp-json\/wp\/v2\/categories?post=1755"},{"taxonomy":"post_tag","embeddable":true,"href":"https:\/\/agora.xtec.cat\/ecaalfarras\/wp-json\/wp\/v2\/tags?post=1755"}],"curies":[{"name":"wp","href":"https:\/\/api.w.org\/{rel}","templated":true}]}}