{"id":1729,"date":"2020-12-17T19:16:09","date_gmt":"2020-12-17T18:16:09","guid":{"rendered":"https:\/\/agora.xtec.cat\/ecaalfarras\/?p=1729"},"modified":"2021-02-08T12:04:37","modified_gmt":"2021-02-08T11:04:37","slug":"bon-nadal-i-felic-2021","status":"publish","type":"post","link":"https:\/\/agora.xtec.cat\/ecaalfarras\/general\/bon-nadal-i-felic-2021\/","title":{"rendered":"Bon Nadal i Feli\u00e7 2021!"},"content":{"rendered":"<p>&nbsp;<\/p>\n<h2 style=\"text-align: center;\"><span style=\"color: #008000;\"><strong><u>L&#8217;any 2020:\u00a0 \u00a0 <\/u><\/strong><\/span><em><span style=\"color: #008000;\"><strong><u>L\u2019ESCOLA AGR\u00c0RIA D\u2019ALFARR\u00c0S<\/u><\/strong><\/span><\/em><\/h2>\n<p>&nbsp;<\/p>\n<p><a href=\"https:\/\/agora.xtec.cat\/ecaalfarras\/wp-content\/uploads\/usu2159\/2020\/12\/Bon-Nadal-i-Feli\u00e7-2021_2.jpg\"><img loading=\"lazy\" decoding=\"async\" class=\"aligncenter wp-image-1748\" src=\"https:\/\/agora.xtec.cat\/ecaalfarras\/wp-content\/uploads\/usu2159\/2020\/12\/Bon-Nadal-i-Feli\u00e7-2021_2.jpg\" alt=\"\" width=\"468\" height=\"332\" srcset=\"https:\/\/agora.xtec.cat\/ecaalfarras\/wp-content\/uploads\/usu2159\/2020\/12\/Bon-Nadal-i-Feli\u00e7-2021_2.jpg 1747w, https:\/\/agora.xtec.cat\/ecaalfarras\/wp-content\/uploads\/usu2159\/2020\/12\/Bon-Nadal-i-Feli\u00e7-2021_2-300x213.jpg 300w, https:\/\/agora.xtec.cat\/ecaalfarras\/wp-content\/uploads\/usu2159\/2020\/12\/Bon-Nadal-i-Feli\u00e7-2021_2-768x545.jpg 768w, https:\/\/agora.xtec.cat\/ecaalfarras\/wp-content\/uploads\/usu2159\/2020\/12\/Bon-Nadal-i-Feli\u00e7-2021_2-1024x727.jpg 1024w\" sizes=\"auto, (max-width: 468px) 100vw, 468px\" \/><\/a><\/p>\n<p style=\"text-align: justify;\">Dins d\u2019aquest any at\u00edpic,<strong> l\u2019Escola Agr\u00e0ria d\u2019Alfarr\u00e0s<\/strong>, s\u2019ha continuat reinventant, m\u00e9s que mai, per oferir la millor versi\u00f3 en la formaci\u00f3 i doc\u00e8ncia per als nostres alumnes.<\/p>\n<p style=\"text-align: justify;\">L\u2019equip directiu i professorat ha fet un gran esfor\u00e7 per dur ha terme un model d\u2019educaci\u00f3 h\u00edbrid, de manera provisional, amb motiu de la situaci\u00f3 sanit\u00e0ria, fent classes presencials i en l\u00ednia, tant en la formaci\u00f3 inicial com en cont\u00ednua. Ho podeu veure al nostre v\u00eddeo\u00a0<strong><a href=\"https:\/\/drive.google.com\/file\/d\/1rVbPfQl1dDjDjFkk-yfCMHTB_GwvvAWg\/view\">Diari de confinament!.<\/a><\/strong><\/p>\n<p style=\"text-align: justify;\">Hem creat una<strong> <a href=\"https:\/\/agora.xtec.cat\/ecaalfarras\/\">Web<\/a> <\/strong>nova de l\u2019escola, per informar-vos del que fem i tamb\u00e9 hem treballat en base a la plataforma e-learning que ja ten\u00edem incorporada al nostre model educatiu. A m\u00e9s a m\u00e9s, s&#8217;ha creat una<strong> <a href=\"https:\/\/www.escolaagrariaalfarras.com\/\">Landingpage<\/a> <\/strong>per a nous alumnes dels cicles formatiu.<\/p>\n<p><a href=\"https:\/\/agora.xtec.cat\/ecaalfarras\/wp-content\/uploads\/usu2159\/2020\/12\/IMG-20200402-WA0030.jpg\"><img loading=\"lazy\" decoding=\"async\" class=\"wp-image-1730 size-medium alignleft\" src=\"https:\/\/agora.xtec.cat\/ecaalfarras\/wp-content\/uploads\/usu2159\/2020\/12\/IMG-20200402-WA0030-300x225.jpg\" alt=\"\" width=\"300\" height=\"225\" srcset=\"https:\/\/agora.xtec.cat\/ecaalfarras\/wp-content\/uploads\/usu2159\/2020\/12\/IMG-20200402-WA0030-300x225.jpg 300w, https:\/\/agora.xtec.cat\/ecaalfarras\/wp-content\/uploads\/usu2159\/2020\/12\/IMG-20200402-WA0030-768x576.jpg 768w, https:\/\/agora.xtec.cat\/ecaalfarras\/wp-content\/uploads\/usu2159\/2020\/12\/IMG-20200402-WA0030.jpg 1024w, https:\/\/agora.xtec.cat\/ecaalfarras\/wp-content\/uploads\/usu2159\/2020\/12\/IMG-20200402-WA0030-200x150.jpg 200w\" sizes=\"auto, (max-width: 300px) 100vw, 300px\" \/><\/a><\/p>\n<p style=\"text-align: justify;\">Tamb\u00e9 hem innovat realitzant la primera <a href=\"https:\/\/agora.xtec.cat\/ecaalfarras\/general\/i-jornada-tecnica-en-linia-comercialitzacio-de-productes-ecologics\/\"><strong>Jornada T\u00e8cnica online<\/strong>\u00a0<\/a>en l\u00ednia, que podeu <strong><a href=\"https:\/\/www.youtube.com\/watch?v=9q_n_e6ZHlQ&amp;feature=youtu.be\">visualitzar a youtube<\/a> <\/strong>, dins de la setmana Bio amb el t\u00edtol Comercialitzaci\u00f3 de Productes Ecol\u00f2gics amb ponents com el Sr. David Torrelles, president del CCPAE.<\/p>\n<p style=\"text-align: justify;\">Aquest any tamb\u00e9 hem iniciat, com a pioners a la prov\u00edncia, els\u00a0 <a href=\"https:\/\/agora.xtec.cat\/ecaalfarras\/general\/seminaris-despecialitzacio-en-agricultura-biodinamica\/\"><strong>Seminaris d\u2019especialitzaci\u00f3 en agricultura<\/strong> <strong>biodin\u00e0mica<\/strong><\/a><strong> \u00a0<\/strong>que han estat tot un \u00e8xit de participaci\u00f3. Els assistents han pogut elaborar preparats biodin\u00e0mics, aquests s\u00f3n els que els habiliten per tramitar la certificaci\u00f3 Dem\u00e8ter, molt prestigiada en biodin\u00e0mica.<\/p>\n<p style=\"text-align: justify;\">S\u2019han fet tamb\u00e9 m\u00faltiples visites, formacions i jornades amb la col\u00b7laboraci\u00f3 de les empreses i entitats m\u00e9s destacades del sector ecol\u00f2gic i agroramaderes de la comunitat.<\/p>\n<p style=\"text-align: justify;\">Hem comptat amb visites a les instal\u00b7lacions a <strong>Verdcamp fruits<\/strong> (Cambrils), empresa amb m\u00e9s de 300 ha de cultiu ecol\u00f2gic, altres col\u00b7laboracions formatives amb tem\u00e0tica en maquin\u00e0ria i manteniment de gespes amb empreses com <strong>Mecanocamp<\/strong>. Altres visites t\u00e8cniques van ser a les instal\u00b7lacions del centre d\u2019investigaci\u00f3 <strong>Fruitcentre, <\/strong>del<strong> IRTA<\/strong>, un dels centres d\u2019investigaci\u00f3 agroramadera de m\u00e9s prestigi a nivell europeu. Entre moltes altres, les quals agra\u00efm la seva col\u00b7laboraci\u00f3.<\/p>\n<p style=\"text-align: justify;\">Hem realitzat cursos destacats com el de T\u00e8cniques de Poda en noves plantacions amb el <strong>Docto<\/strong>r <strong>Davide Neri<\/strong>, professor i director de la granja experimental de la Universitat Polit\u00e8cnica de les Marques, It\u00e0lia.<\/p>\n<p style=\"text-align: justify;\">Cal destacar l\u2019acollida al febrer als alumnes d\u2019intercanvi del <strong>Lyc\u00e9e agr\u00edcola franc\u00e8s de Sully<\/strong>, intercanviant coneixements i fent germanor amb altres escoles europees.<\/p>\n<p style=\"text-align: justify;\">Esperem que aquest any 2021 es presenti ple de novetats i formaci\u00f3 que us donaran impuls per a seguir treballant amb for\u00e7a en el sector. Sempre trobareu l\u2019ajut i el recolzament que necessiteu per millorar els vostres coneixements i les vostres empreses.<\/p>\n<blockquote>\n<h3 style=\"text-align: center;\"><span style=\"color: #003300;\"><strong><em>&#8220;Des de l\u2019Escola Agr\u00e0ria d\u2019Alfarr\u00e0s us donem les gr\u00e0cies a tots, per seguir-nos en aquest any&#8221;<\/em><\/strong><\/span><\/h3>\n<\/blockquote>\n<p><a href=\"https:\/\/agora.xtec.cat\/ecaalfarras\/wp-content\/uploads\/usu2159\/2020\/12\/0.jpg\"><img loading=\"lazy\" decoding=\"async\" class=\"wp-image-1733 alignright\" src=\"https:\/\/agora.xtec.cat\/ecaalfarras\/wp-content\/uploads\/usu2159\/2020\/12\/0-150x150.jpg\" alt=\"\" width=\"189\" height=\"189\" \/><\/a><a href=\"https:\/\/agora.xtec.cat\/ecaalfarras\/wp-content\/uploads\/usu2159\/2020\/10\/odiseum.png\"><img loading=\"lazy\" decoding=\"async\" class=\"alignleft wp-image-1588 \" src=\"https:\/\/agora.xtec.cat\/ecaalfarras\/wp-content\/uploads\/usu2159\/2020\/10\/odiseum-300x225.png\" alt=\"\" width=\"243\" height=\"182\" srcset=\"https:\/\/agora.xtec.cat\/ecaalfarras\/wp-content\/uploads\/usu2159\/2020\/10\/odiseum-300x225.png 300w, https:\/\/agora.xtec.cat\/ecaalfarras\/wp-content\/uploads\/usu2159\/2020\/10\/odiseum-200x150.png 200w, https:\/\/agora.xtec.cat\/ecaalfarras\/wp-content\/uploads\/usu2159\/2020\/10\/odiseum.png 400w\" sizes=\"auto, (max-width: 243px) 100vw, 243px\" \/>\u00a0\u00a0\u00a0\u00a0<\/a><\/p>\n<p>&nbsp;<\/p>\n<p>&nbsp;<\/p>\n","protected":false},"excerpt":{"rendered":"<p>&nbsp;<br \/>\nL&#8217;any 2020:\u00a0 \u00a0 L\u2019ESCOLA AGR\u00c0RIA D\u2019ALFARR\u00c0S<br \/>\n&nbsp;<br \/>\n<a href=\"https:\/\/agora.xtec.cat\/ecaalfarras\/wp-content\/uploads\/usu2159\/2020\/12\/Bon-Nadal-i-Feli\u00e7-2021_2.jpg\"><\/a><br \/>\nDins d\u2019aquest any at\u00edpic, l\u2019Escola Agr\u00e0ria d\u2019Alfarr\u00e0s, s\u2019ha continuat reinventant, m\u00e9s que mai, per oferir la millor versi\u00f3 en la formaci\u00f3 i doc\u00e8ncia per als nostres alumnes.<br \/>\nL\u2019equip directiu i professorat ha fet un gran esfor\u00e7 per dur ha terme&hellip;  <a href=\"https:\/\/agora.xtec.cat\/ecaalfarras\/general\/bon-nadal-i-felic-2021\/\" title=\"Read Bon Nadal i Feli\u00e7 2021!\">Llegeix m\u00e9s\u00bb<\/a><\/p>\n","protected":false},"author":1,"featured_media":1733,"comment_status":"open","ping_status":"closed","sticky":false,"template":"","format":"standard","meta":{"_bbp_topic_count":0,"_bbp_reply_count":0,"_bbp_total_topic_count":0,"_bbp_total_reply_count":0,"_bbp_voice_count":0,"_bbp_anonymous_reply_count":0,"_bbp_topic_count_hidden":0,"_bbp_reply_count_hidden":0,"_bbp_forum_subforum_count":0,"footnotes":""},"categories":[1,151,29],"tags":[],"class_list":["post-1729","post","type-post","status-publish","format-standard","has-post-thumbnail","hentry","category-general","category-noticies","category-portada"],"post_mailing_queue_ids":[],"_links":{"self":[{"href":"https:\/\/agora.xtec.cat\/ecaalfarras\/wp-json\/wp\/v2\/posts\/1729","targetHints":{"allow":["GET"]}}],"collection":[{"href":"https:\/\/agora.xtec.cat\/ecaalfarras\/wp-json\/wp\/v2\/posts"}],"about":[{"href":"https:\/\/agora.xtec.cat\/ecaalfarras\/wp-json\/wp\/v2\/types\/post"}],"author":[{"embeddable":true,"href":"https:\/\/agora.xtec.cat\/ecaalfarras\/wp-json\/wp\/v2\/users\/1"}],"replies":[{"embeddable":true,"href":"https:\/\/agora.xtec.cat\/ecaalfarras\/wp-json\/wp\/v2\/comments?post=1729"}],"version-history":[{"count":3,"href":"https:\/\/agora.xtec.cat\/ecaalfarras\/wp-json\/wp\/v2\/posts\/1729\/revisions"}],"predecessor-version":[{"id":1752,"href":"https:\/\/agora.xtec.cat\/ecaalfarras\/wp-json\/wp\/v2\/posts\/1729\/revisions\/1752"}],"wp:featuredmedia":[{"embeddable":true,"href":"https:\/\/agora.xtec.cat\/ecaalfarras\/wp-json\/wp\/v2\/media\/1733"}],"wp:attachment":[{"href":"https:\/\/agora.xtec.cat\/ecaalfarras\/wp-json\/wp\/v2\/media?parent=1729"}],"wp:term":[{"taxonomy":"category","embeddable":true,"href":"https:\/\/agora.xtec.cat\/ecaalfarras\/wp-json\/wp\/v2\/categories?post=1729"},{"taxonomy":"post_tag","embeddable":true,"href":"https:\/\/agora.xtec.cat\/ecaalfarras\/wp-json\/wp\/v2\/tags?post=1729"}],"curies":[{"name":"wp","href":"https:\/\/api.w.org\/{rel}","templated":true}]}}