{"id":1650,"date":"2020-10-29T15:00:29","date_gmt":"2020-10-29T14:00:29","guid":{"rendered":"https:\/\/agora.xtec.cat\/ecaalfarras\/?p=1650"},"modified":"2021-02-08T17:46:48","modified_gmt":"2021-02-08T16:46:48","slug":"i-jornada-tecnica-en-linia-comercialitzacio-de-productes-ecologics","status":"publish","type":"post","link":"https:\/\/agora.xtec.cat\/ecaalfarras\/general\/i-jornada-tecnica-en-linia-comercialitzacio-de-productes-ecologics\/","title":{"rendered":"I Jornada T\u00e8cnica en l\u00ednia de l&#8217;EA Alfarr\u00e0s       &#8211; Comercialitzaci\u00f3 de productes ecol\u00f2gics-"},"content":{"rendered":"<h5><em>\u00a0I Jornada T\u00e8cnica en L\u00ednia a l&#8217;Escola Agr\u00e0ria d&#8217;Alfarr\u00e0s<\/em><\/h5>\n<h5><strong><em>Tem\u00e0tica: Comercialitzaci\u00f3 de productes Ecol\u00f2gics\u00a0 en el\u00a0 marc de la <\/em><\/strong><strong><em>Setmana Bio per l\u2019alimentaci\u00f3 ecol\u00f2gica<\/em><\/strong><\/h5>\n<p><a href=\"https:\/\/agora.xtec.cat\/ecaalfarras\/wp-content\/uploads\/usu2159\/2020\/10\/the-market-place-821843_1920.jpg\"><img loading=\"lazy\" decoding=\"async\" class=\"alignleft wp-image-1651 size-medium\" src=\"https:\/\/agora.xtec.cat\/ecaalfarras\/wp-content\/uploads\/usu2159\/2020\/10\/the-market-place-821843_1920-300x204.jpg\" alt=\"\" width=\"300\" height=\"204\" srcset=\"https:\/\/agora.xtec.cat\/ecaalfarras\/wp-content\/uploads\/usu2159\/2020\/10\/the-market-place-821843_1920-300x204.jpg 300w, https:\/\/agora.xtec.cat\/ecaalfarras\/wp-content\/uploads\/usu2159\/2020\/10\/the-market-place-821843_1920-768x522.jpg 768w, https:\/\/agora.xtec.cat\/ecaalfarras\/wp-content\/uploads\/usu2159\/2020\/10\/the-market-place-821843_1920-1024x697.jpg 1024w, https:\/\/agora.xtec.cat\/ecaalfarras\/wp-content\/uploads\/usu2159\/2020\/10\/the-market-place-821843_1920.jpg 1920w\" sizes=\"auto, (max-width: 300px) 100vw, 300px\" \/><\/a>L\u2019Escola Agr\u00e0ria d\u2019Alfarr\u00e0s va organitzar 23 d\u2019octubre la primera Jornada de Transfer\u00e8ncia Tecnol\u00f2gica en l\u00ednia en el marc se la Setmana Bio per l\u2019alimentaci\u00f3 ecol\u00f2gica.<br \/>\nEls assistents van poder gaudir de les pon\u00e8ncies del president del CCPAE el senyor David Torrelles de manera conjunta amb l\u2019inspector del CCPAE, L\u2019Oriol Ferrer.<\/p>\n<p>Les pon\u00e8ncies van tractar de com comercialitzar productes ecol\u00f2gics i quin \u00e9s el seu procediment per la seva correcta certificaci\u00f3. Per con\u00e8ixer les seg\u00fcents jornades busca al men\u00fa l&#8217;apartat de Formaci\u00f3 Cont\u00ednua.<\/p>\n<p style=\"text-align: center;\">Si esteu interessats podeu visualitzar la Jornada PATT en el seg\u00fcent enlla\u00e7:<\/p>\n<p>&nbsp;<\/p>\n<h4 style=\"text-align: center;\"><strong><a href=\"https:\/\/youtu.be\/9q_n_e6ZHlQ\">Visualitza la JORNADA <\/a><\/strong><\/h4>\n<p>&nbsp;<\/p>\n<p>&nbsp;<\/p>\n","protected":false},"excerpt":{"rendered":"<p>\u00a0I Jornada T\u00e8cnica en L\u00ednia a l&#8217;Escola Agr\u00e0ria d&#8217;Alfarr\u00e0s<br \/>\nTem\u00e0tica: Comercialitzaci\u00f3 de productes Ecol\u00f2gics\u00a0 en el\u00a0 marc de la Setmana Bio per l\u2019alimentaci\u00f3 ecol\u00f2gica<br \/>\n<a href=\"https:\/\/agora.xtec.cat\/ecaalfarras\/wp-content\/uploads\/usu2159\/2020\/10\/the-market-place-821843_1920.jpg\"><\/a>L\u2019Escola Agr\u00e0ria d\u2019Alfarr\u00e0s va organitzar 23 d\u2019octubre la primera Jornada de Transfer\u00e8ncia Tecnol\u00f2gica en l\u00ednia en el marc se la Setmana Bio&hellip;  <a href=\"https:\/\/agora.xtec.cat\/ecaalfarras\/general\/i-jornada-tecnica-en-linia-comercialitzacio-de-productes-ecologics\/\" title=\"Read I Jornada T\u00e8cnica en l\u00ednia de l&#8217;EA Alfarr\u00e0s       &#8211; Comercialitzaci\u00f3 de productes ecol\u00f2gics-\">Llegeix m\u00e9s\u00bb<\/a><\/p>\n","protected":false},"author":1,"featured_media":1652,"comment_status":"open","ping_status":"closed","sticky":false,"template":"","format":"standard","meta":{"_bbp_topic_count":0,"_bbp_reply_count":0,"_bbp_total_topic_count":0,"_bbp_total_reply_count":0,"_bbp_voice_count":0,"_bbp_anonymous_reply_count":0,"_bbp_topic_count_hidden":0,"_bbp_reply_count_hidden":0,"_bbp_forum_subforum_count":0,"footnotes":""},"categories":[1,151,29],"tags":[106,159,158,109,148],"class_list":["post-1650","post","type-post","status-publish","format-standard","has-post-thumbnail","hentry","category-general","category-noticies","category-portada","tag-alfarras","tag-ccpae","tag-comercialitzacio","tag-escoles-agraries","tag-jornades"],"post_mailing_queue_ids":[],"_links":{"self":[{"href":"https:\/\/agora.xtec.cat\/ecaalfarras\/wp-json\/wp\/v2\/posts\/1650","targetHints":{"allow":["GET"]}}],"collection":[{"href":"https:\/\/agora.xtec.cat\/ecaalfarras\/wp-json\/wp\/v2\/posts"}],"about":[{"href":"https:\/\/agora.xtec.cat\/ecaalfarras\/wp-json\/wp\/v2\/types\/post"}],"author":[{"embeddable":true,"href":"https:\/\/agora.xtec.cat\/ecaalfarras\/wp-json\/wp\/v2\/users\/1"}],"replies":[{"embeddable":true,"href":"https:\/\/agora.xtec.cat\/ecaalfarras\/wp-json\/wp\/v2\/comments?post=1650"}],"version-history":[{"count":3,"href":"https:\/\/agora.xtec.cat\/ecaalfarras\/wp-json\/wp\/v2\/posts\/1650\/revisions"}],"predecessor-version":[{"id":1661,"href":"https:\/\/agora.xtec.cat\/ecaalfarras\/wp-json\/wp\/v2\/posts\/1650\/revisions\/1661"}],"wp:featuredmedia":[{"embeddable":true,"href":"https:\/\/agora.xtec.cat\/ecaalfarras\/wp-json\/wp\/v2\/media\/1652"}],"wp:attachment":[{"href":"https:\/\/agora.xtec.cat\/ecaalfarras\/wp-json\/wp\/v2\/media?parent=1650"}],"wp:term":[{"taxonomy":"category","embeddable":true,"href":"https:\/\/agora.xtec.cat\/ecaalfarras\/wp-json\/wp\/v2\/categories?post=1650"},{"taxonomy":"post_tag","embeddable":true,"href":"https:\/\/agora.xtec.cat\/ecaalfarras\/wp-json\/wp\/v2\/tags?post=1650"}],"curies":[{"name":"wp","href":"https:\/\/api.w.org\/{rel}","templated":true}]}}