{"id":1605,"date":"2020-10-21T13:06:29","date_gmt":"2020-10-21T11:06:29","guid":{"rendered":"https:\/\/agora.xtec.cat\/ecaalfarras\/?p=1605"},"modified":"2021-01-11T13:40:37","modified_gmt":"2021-01-11T12:40:37","slug":"m-carme-arjo-i-jaume-punal","status":"publish","type":"post","link":"https:\/\/agora.xtec.cat\/ecaalfarras\/general\/m-carme-arjo-i-jaume-punal\/","title":{"rendered":"Els nostres exalumnes: M.Carme Arj\u00f3 i Jaume Pu\u00f1al"},"content":{"rendered":"<h4><\/h4>\n<h4 style=\"text-align: center;\"><span style=\"color: #ff6600;\">\u201cL\u2019agricultura i la ramaderia s\u00f3n el meu estil de vida!\u201d<\/span><\/h4>\n<p>&nbsp;<\/p>\n<p><a href=\"https:\/\/agora.xtec.cat\/ecaalfarras\/wp-content\/uploads\/usu2159\/2020\/10\/1.png\"><img loading=\"lazy\" decoding=\"async\" class=\"aligncenter size-full wp-image-1461\" src=\"https:\/\/agora.xtec.cat\/ecaalfarras\/wp-content\/uploads\/usu2159\/2020\/10\/1.png\" alt=\"\" width=\"725\" height=\"353\" srcset=\"https:\/\/agora.xtec.cat\/ecaalfarras\/wp-content\/uploads\/usu2159\/2020\/10\/1.png 725w, https:\/\/agora.xtec.cat\/ecaalfarras\/wp-content\/uploads\/usu2159\/2020\/10\/1-300x146.png 300w\" sizes=\"auto, (max-width: 725px) 100vw, 725px\" \/><\/a><\/p>\n<p>El Jordi i la M. Carme el 2015 vam decidir canviar el seu rumb laboral i van apostar per un projecte de joves agricultors.<br \/>\nLa M. Carme \u00e9s filla de pag\u00e8s i ramader, i tot hi haver ajudat a casa sempre, no s&#8217;havia plantejat mai seguir amb l&#8217;explotaci\u00f3, per\u00f2 la situaci\u00f3 laboral d&#8217;aquell moment i l\u2019empenta del Jordi va fer-la decidir a fer-se jove agricultora.<br \/>\nEl Jordi sempre havia estat un apassionat de la terra i la maquin\u00e0ria agr\u00edcola i el 2015 va decidir que volia dedicar-se professionalment a l&#8217;agricultura i la ramaderia.<br \/>\nComparteixen tamb\u00e9 una empresa de serveis agraris.<\/p>\n","protected":false},"excerpt":{"rendered":"<p>\u201cL\u2019agricultura i la ramaderia s\u00f3n el meu estil de vida!\u201d<br \/>\n&nbsp;<br \/>\n<a href=\"https:\/\/agora.xtec.cat\/ecaalfarras\/wp-content\/uploads\/usu2159\/2020\/10\/1.png\"><\/a><br \/>\nEl Jordi i la M. Carme el 2015 vam decidir canviar el seu rumb laboral i van apostar per un projecte de joves agricultors.<br \/>\nLa M. Carme \u00e9s filla de pag\u00e8s i ramader, i tot hi&hellip;  <a href=\"https:\/\/agora.xtec.cat\/ecaalfarras\/general\/m-carme-arjo-i-jaume-punal\/\" title=\"Read Els nostres exalumnes: M.Carme Arj\u00f3 i Jaume Pu\u00f1al\">Llegeix m\u00e9s\u00bb<\/a><\/p>\n","protected":false},"author":1,"featured_media":0,"comment_status":"open","ping_status":"closed","sticky":false,"template":"","format":"standard","meta":{"_bbp_topic_count":0,"_bbp_reply_count":0,"_bbp_total_topic_count":0,"_bbp_total_reply_count":0,"_bbp_voice_count":0,"_bbp_anonymous_reply_count":0,"_bbp_topic_count_hidden":0,"_bbp_reply_count_hidden":0,"_bbp_forum_subforum_count":0,"footnotes":""},"categories":[120,1,29],"tags":[106,110,134,139],"class_list":["post-1605","post","type-post","status-publish","format-standard","hentry","category-exalumnes","category-general","category-portada","tag-alfarras","tag-escola-agraria","tag-exalumnes","tag-formacio"],"post_mailing_queue_ids":[],"_links":{"self":[{"href":"https:\/\/agora.xtec.cat\/ecaalfarras\/wp-json\/wp\/v2\/posts\/1605","targetHints":{"allow":["GET"]}}],"collection":[{"href":"https:\/\/agora.xtec.cat\/ecaalfarras\/wp-json\/wp\/v2\/posts"}],"about":[{"href":"https:\/\/agora.xtec.cat\/ecaalfarras\/wp-json\/wp\/v2\/types\/post"}],"author":[{"embeddable":true,"href":"https:\/\/agora.xtec.cat\/ecaalfarras\/wp-json\/wp\/v2\/users\/1"}],"replies":[{"embeddable":true,"href":"https:\/\/agora.xtec.cat\/ecaalfarras\/wp-json\/wp\/v2\/comments?post=1605"}],"version-history":[{"count":3,"href":"https:\/\/agora.xtec.cat\/ecaalfarras\/wp-json\/wp\/v2\/posts\/1605\/revisions"}],"predecessor-version":[{"id":1801,"href":"https:\/\/agora.xtec.cat\/ecaalfarras\/wp-json\/wp\/v2\/posts\/1605\/revisions\/1801"}],"wp:attachment":[{"href":"https:\/\/agora.xtec.cat\/ecaalfarras\/wp-json\/wp\/v2\/media?parent=1605"}],"wp:term":[{"taxonomy":"category","embeddable":true,"href":"https:\/\/agora.xtec.cat\/ecaalfarras\/wp-json\/wp\/v2\/categories?post=1605"},{"taxonomy":"post_tag","embeddable":true,"href":"https:\/\/agora.xtec.cat\/ecaalfarras\/wp-json\/wp\/v2\/tags?post=1605"}],"curies":[{"name":"wp","href":"https:\/\/api.w.org\/{rel}","templated":true}]}}