{"id":1576,"date":"2020-10-09T16:35:03","date_gmt":"2020-10-09T14:35:03","guid":{"rendered":"https:\/\/agora.xtec.cat\/ecaalfarras\/?p=1576"},"modified":"2020-10-28T14:28:23","modified_gmt":"2020-10-28T13:28:23","slug":"miquel-aige","status":"publish","type":"post","link":"https:\/\/agora.xtec.cat\/ecaalfarras\/general\/miquel-aige\/","title":{"rendered":"Els nostres exalumnes:Miquel Aige"},"content":{"rendered":"<h4>Andan\u00ed<\/h4>\n<p><em>\u201cFem hortalissa km 0 i treballem for\u00e7a perqu\u00e8 tot estigui b\u00e9 per a qu\u00e8 quan la gent vingui gaudeixi, a m\u00e9s, d\u2019una experi\u00e8ncia\u201d.<\/em><\/p>\n<p><a href=\"https:\/\/agora.xtec.cat\/ecaalfarras\/wp-content\/uploads\/usu2159\/2020\/10\/Miquel.jpg\"><img loading=\"lazy\" decoding=\"async\" class=\"aligncenter wp-image-1577 size-medium\" src=\"https:\/\/agora.xtec.cat\/ecaalfarras\/wp-content\/uploads\/usu2159\/2020\/10\/Miquel-300x214.jpg\" alt=\"\" width=\"300\" height=\"214\" srcset=\"https:\/\/agora.xtec.cat\/ecaalfarras\/wp-content\/uploads\/usu2159\/2020\/10\/Miquel-300x214.jpg 300w, https:\/\/agora.xtec.cat\/ecaalfarras\/wp-content\/uploads\/usu2159\/2020\/10\/Miquel-768x548.jpg 768w, https:\/\/agora.xtec.cat\/ecaalfarras\/wp-content\/uploads\/usu2159\/2020\/10\/Miquel-1024x731.jpg 1024w\" sizes=\"auto, (max-width: 300px) 100vw, 300px\" \/><\/a><br \/>\nMai m\u00e9s ben dit! El Miquel Aige \u00e9s pag\u00e8s d\u2019idees i de fets. Ha fet de la seva explotaci\u00f3 i de la seva botiga un lloc agradable on comprar a peu de finca. Diu que el comprador vol veure com es conrea i quan passa per la vora, ho veu i s\u2019atura.<br \/>\nAmb el seu soci Pau comercialitzen el que produeixen, tomates, melons, carabasses, s\u00edndries pr\u00e9ssecs i altres productes que els subministren pagesos de proximitat, sab\u00f3, vi, confitures, etc. Miren de ser respectuosos amb el medi ambient, eviten els tractaments amb fitosanitaris sint\u00e8tics i intenten treure partit de tots els recursos. En s\u00f3n testimoni les gallines que presideixen l\u2019hort.<br \/>\nA m\u00e9s, a l\u2019obrador que hi ha al darrere de la botiga, elaboren la seva kombutxa La Fresca, amb canyella, nabius, te verd, gingebre o safr\u00e0.<br \/>\nEl Miquel va realitzar el seu itinerari formatiu com a jove agricultor a l\u2019Escola Agr\u00e0ria d\u2019Alfarr\u00e0s.<\/p>\n<p><a href=\"https:\/\/agora.xtec.cat\/ecaalfarras\/wp-content\/uploads\/usu2159\/2020\/10\/IMG_20200905_192704-min.jpg\"><img loading=\"lazy\" decoding=\"async\" class=\"wp-image-1578 size-medium aligncenter\" src=\"https:\/\/agora.xtec.cat\/ecaalfarras\/wp-content\/uploads\/usu2159\/2020\/10\/IMG_20200905_192704-min-300x225.jpg\" alt=\"\" width=\"300\" height=\"225\" srcset=\"https:\/\/agora.xtec.cat\/ecaalfarras\/wp-content\/uploads\/usu2159\/2020\/10\/IMG_20200905_192704-min-300x225.jpg 300w, https:\/\/agora.xtec.cat\/ecaalfarras\/wp-content\/uploads\/usu2159\/2020\/10\/IMG_20200905_192704-min-768x576.jpg 768w, https:\/\/agora.xtec.cat\/ecaalfarras\/wp-content\/uploads\/usu2159\/2020\/10\/IMG_20200905_192704-min-1024x768.jpg 1024w, https:\/\/agora.xtec.cat\/ecaalfarras\/wp-content\/uploads\/usu2159\/2020\/10\/IMG_20200905_192704-min-200x150.jpg 200w\" sizes=\"auto, (max-width: 300px) 100vw, 300px\" \/><\/a><\/p>\n<p><a href=\"https:\/\/agora.xtec.cat\/ecaalfarras\/wp-content\/uploads\/usu2159\/2020\/10\/IMG_20200905_192926-min.jpg\"><img loading=\"lazy\" decoding=\"async\" class=\"alignright wp-image-1579 size-medium\" src=\"https:\/\/agora.xtec.cat\/ecaalfarras\/wp-content\/uploads\/usu2159\/2020\/10\/IMG_20200905_192926-min-300x225.jpg\" alt=\"\" width=\"300\" height=\"225\" srcset=\"https:\/\/agora.xtec.cat\/ecaalfarras\/wp-content\/uploads\/usu2159\/2020\/10\/IMG_20200905_192926-min-300x225.jpg 300w, https:\/\/agora.xtec.cat\/ecaalfarras\/wp-content\/uploads\/usu2159\/2020\/10\/IMG_20200905_192926-min-768x576.jpg 768w, https:\/\/agora.xtec.cat\/ecaalfarras\/wp-content\/uploads\/usu2159\/2020\/10\/IMG_20200905_192926-min-1024x768.jpg 1024w, https:\/\/agora.xtec.cat\/ecaalfarras\/wp-content\/uploads\/usu2159\/2020\/10\/IMG_20200905_192926-min-200x150.jpg 200w\" sizes=\"auto, (max-width: 300px) 100vw, 300px\" \/><\/a><a href=\"https:\/\/agora.xtec.cat\/ecaalfarras\/wp-content\/uploads\/usu2159\/2020\/10\/IMG_20200905_193049-min.jpg\"><img loading=\"lazy\" decoding=\"async\" class=\"wp-image-1580 size-medium alignleft\" src=\"https:\/\/agora.xtec.cat\/ecaalfarras\/wp-content\/uploads\/usu2159\/2020\/10\/IMG_20200905_193049-min-300x225.jpg\" alt=\"\" width=\"300\" height=\"225\" srcset=\"https:\/\/agora.xtec.cat\/ecaalfarras\/wp-content\/uploads\/usu2159\/2020\/10\/IMG_20200905_193049-min-300x225.jpg 300w, https:\/\/agora.xtec.cat\/ecaalfarras\/wp-content\/uploads\/usu2159\/2020\/10\/IMG_20200905_193049-min-768x576.jpg 768w, https:\/\/agora.xtec.cat\/ecaalfarras\/wp-content\/uploads\/usu2159\/2020\/10\/IMG_20200905_193049-min-1024x768.jpg 1024w, https:\/\/agora.xtec.cat\/ecaalfarras\/wp-content\/uploads\/usu2159\/2020\/10\/IMG_20200905_193049-min-200x150.jpg 200w\" sizes=\"auto, (max-width: 300px) 100vw, 300px\" \/><\/a><\/p>\n","protected":false},"excerpt":{"rendered":"<p>Andan\u00ed<br \/>\n\u201cFem hortalissa km 0 i treballem for\u00e7a perqu\u00e8 tot estigui b\u00e9 per a qu\u00e8 quan la gent vingui gaudeixi, a m\u00e9s, d\u2019una experi\u00e8ncia\u201d.<br \/>\n<a href=\"https:\/\/agora.xtec.cat\/ecaalfarras\/wp-content\/uploads\/usu2159\/2020\/10\/Miquel.jpg\"><\/a><br \/>\nMai m\u00e9s ben dit! El Miquel Aige \u00e9s pag\u00e8s d\u2019idees i de fets. Ha fet de la seva explotaci\u00f3 i de la&hellip;  <a href=\"https:\/\/agora.xtec.cat\/ecaalfarras\/general\/miquel-aige\/\" title=\"Read Els nostres exalumnes:Miquel Aige\">Llegeix m\u00e9s\u00bb<\/a><\/p>\n","protected":false},"author":1,"featured_media":1577,"comment_status":"open","ping_status":"closed","sticky":false,"template":"","format":"standard","meta":{"_bbp_topic_count":0,"_bbp_reply_count":0,"_bbp_total_topic_count":0,"_bbp_total_reply_count":0,"_bbp_voice_count":0,"_bbp_anonymous_reply_count":0,"_bbp_topic_count_hidden":0,"_bbp_reply_count_hidden":0,"_bbp_forum_subforum_count":0,"footnotes":""},"categories":[120,1,29],"tags":[106,110,134],"class_list":["post-1576","post","type-post","status-publish","format-standard","has-post-thumbnail","hentry","category-exalumnes","category-general","category-portada","tag-alfarras","tag-escola-agraria","tag-exalumnes"],"post_mailing_queue_ids":[],"_links":{"self":[{"href":"https:\/\/agora.xtec.cat\/ecaalfarras\/wp-json\/wp\/v2\/posts\/1576","targetHints":{"allow":["GET"]}}],"collection":[{"href":"https:\/\/agora.xtec.cat\/ecaalfarras\/wp-json\/wp\/v2\/posts"}],"about":[{"href":"https:\/\/agora.xtec.cat\/ecaalfarras\/wp-json\/wp\/v2\/types\/post"}],"author":[{"embeddable":true,"href":"https:\/\/agora.xtec.cat\/ecaalfarras\/wp-json\/wp\/v2\/users\/1"}],"replies":[{"embeddable":true,"href":"https:\/\/agora.xtec.cat\/ecaalfarras\/wp-json\/wp\/v2\/comments?post=1576"}],"version-history":[{"count":3,"href":"https:\/\/agora.xtec.cat\/ecaalfarras\/wp-json\/wp\/v2\/posts\/1576\/revisions"}],"predecessor-version":[{"id":1632,"href":"https:\/\/agora.xtec.cat\/ecaalfarras\/wp-json\/wp\/v2\/posts\/1576\/revisions\/1632"}],"wp:featuredmedia":[{"embeddable":true,"href":"https:\/\/agora.xtec.cat\/ecaalfarras\/wp-json\/wp\/v2\/media\/1577"}],"wp:attachment":[{"href":"https:\/\/agora.xtec.cat\/ecaalfarras\/wp-json\/wp\/v2\/media?parent=1576"}],"wp:term":[{"taxonomy":"category","embeddable":true,"href":"https:\/\/agora.xtec.cat\/ecaalfarras\/wp-json\/wp\/v2\/categories?post=1576"},{"taxonomy":"post_tag","embeddable":true,"href":"https:\/\/agora.xtec.cat\/ecaalfarras\/wp-json\/wp\/v2\/tags?post=1576"}],"curies":[{"name":"wp","href":"https:\/\/api.w.org\/{rel}","templated":true}]}}