{"id":1275,"date":"2020-07-12T12:39:21","date_gmt":"2020-07-12T10:39:21","guid":{"rendered":"https:\/\/agora.xtec.cat\/ecaalfarras\/?p=1275"},"modified":"2020-10-28T13:59:32","modified_gmt":"2020-10-28T12:59:32","slug":"entrevista-a-margarida-aige-propietaria-de-lestabiliment-espigol","status":"publish","type":"post","link":"https:\/\/agora.xtec.cat\/ecaalfarras\/general\/entrevista-a-margarida-aige-propietaria-de-lestabiliment-espigol\/","title":{"rendered":"Entrevista a Margarida Aige propiet\u00e0ria de l&#8217;estabiliment Esp\u00edgol"},"content":{"rendered":"<div id=\"column1\">\n<p style=\"float:left;\" class=\"p_entrevistes\">\n<i class=\"fa fa-user taronja\" aria-hidden=\"true\"><\/i> Margarida Aige Garc\u00eda<br \/>\n<i class=\"fa fa-chevron-circle-right taronja\" aria-hidden=\"true\"><\/i> Propiet\u00e0ria d\u2019establiment de productes relacionats amb la salut i l\u2019alimentaci\u00f3<br \/>\n<i class=\"fa fa-envelope taronja\" aria-hidden=\"true\"><\/i> esp\u00edgolnatura@gmail.com\n<\/p>\n<\/div>\n<div id=\"column3\">\n<p style=\"float:left;\" class=\"p_entrevistesfoto\">\n<a href=\"https:\/\/agora.xtec.cat\/ecaalfarras\/wp-content\/uploads\/usu2159\/2020\/07\/margarita_aige.jpg\"><img loading=\"lazy\" decoding=\"async\" src=\"https:\/\/agora.xtec.cat\/ecaalfarras\/wp-content\/uploads\/usu2159\/2020\/07\/margarita_aige.jpg\" alt=\"\" width=\"150\" height=\"150\" class=\"aligncenter size-full wp-image-1276\" \/><\/a>\n<\/p>\n<\/div>\n<p style=\"float:left;\">\n<div style=\"clear:left;\"><\/div>\n<p class=\"p_entrevistestexte\">\n<strong>Pregunta-<\/strong> Quines dificultats tens per adquirir producte ecol\u00f2gic durant tot l\u2019any?<\/p>\n<p><strong class=\"taronja\">Resposta-<\/strong> Cada vegada hi ha m\u00e9s oferta de productes ecol\u00f2gics en botigues especialitzades, venda directa del pagesos amb cistelles obertes  o  tancades, per internet,  en les grans superf\u00edcies. Moltes ja disposen de la seva l\u00ednia de productes ecol\u00f2gics.<\/p>\n<p><strong>P-<\/strong> Tens dubtes de l\u2019autenticitat dels productes ecol\u00f2gics que compres? <\/p>\n<p><strong class=\"taronja\">R-<\/strong> De vegades s\u00ed, no obstant has de fer un vot de confian\u00e7a amb el producte, si t\u2019agrada el continues comprant. Per a mi \u00e9s molt important que el producte sigui de proximitat i con\u00e8ixer al productor. <\/p>\n<p><strong>P-<\/strong> Compres productes a granel? <\/p>\n<p><strong class=\"taronja\">R-<\/strong> No ho acostumo a fer, a les persones ens agrada el producte envasat ja que porta el segell d\u2019identificaci\u00f3 eco. <\/p>\n<p><strong>P-<\/strong> Perqu\u00e8 compres producte ecol\u00f2gic si \u00e9s m\u00e9s car? <\/p>\n<p><strong class=\"taronja\">R-<\/strong> Em d\u00f3na m\u00e9s garanties sanit\u00e0ries, no estan contaminats amb pesticides i productes qu\u00edmics. S\u00f3n m\u00e9s de temporada i s\u00f3n gustosos, a m\u00e9s s\u00f3n de casa nostra. <\/p>\n<p><strong>P-<\/strong> Creus que els pol\u00edtics i la pr\u00f2pia Administraci\u00f3 aposten per l\u2019agricultura ecol\u00f2gica ? <\/p>\n<p><strong class=\"taronja\">R-<\/strong> No, els pagesos que volen fer agricultura ecol\u00f2gica tenen moltes dificultats. <\/p>\n<p><strong>P-<\/strong> T\u2019agradaria rebre formaci\u00f3 sobre com consumir productes ecol\u00f2gics amb garanties? <\/p>\n<p><strong class=\"taronja\">R-<\/strong> S\u00ed, m\u2019agradaria rebre formaci\u00f3 de com interpretar les etiquetes dels envasos. <\/p>\n<p><strong>P-<\/strong> Qu\u00e8 t\u2019agradaria per als  productes ecol\u00f2gics?<\/p>\n<p><strong class=\"taronja\">R-<\/strong> M\u2019agradaria que hi hagu\u00e9s m\u00e9s productes ecol\u00f2gics de proximitat. <\/p>\n","protected":false},"excerpt":{"rendered":"<p> Margarida Aige Garc\u00eda<br \/>\n Propiet\u00e0ria d\u2019establiment de productes relacionats amb la salut i l\u2019alimentaci\u00f3<br \/>\n esp\u00edgolnatura@gmail.com<\/p>\n<p><a href=\"https:\/\/agora.xtec.cat\/ecaalfarras\/wp-content\/uploads\/usu2159\/2020\/07\/margarita_aige.jpg\"><\/a><\/p>\n<p>Pregunta- Quines dificultats tens per adquirir producte ecol\u00f2gic durant tot l\u2019any?<br \/>\nResposta- Cada vegada hi ha m\u00e9s oferta de productes ecol\u00f2gics en botigues especialitzades, venda directa del pagesos amb cistelles obertes&hellip;  <a href=\"https:\/\/agora.xtec.cat\/ecaalfarras\/general\/entrevista-a-margarida-aige-propietaria-de-lestabiliment-espigol\/\" title=\"Read Entrevista a Margarida Aige propiet\u00e0ria de l&#8217;estabiliment Esp\u00edgol\">Llegeix m\u00e9s\u00bb<\/a><\/p>\n","protected":false},"author":1,"featured_media":1276,"comment_status":"closed","ping_status":"closed","sticky":false,"template":"","format":"standard","meta":{"_bbp_topic_count":0,"_bbp_reply_count":0,"_bbp_total_topic_count":0,"_bbp_total_reply_count":0,"_bbp_voice_count":0,"_bbp_anonymous_reply_count":0,"_bbp_topic_count_hidden":0,"_bbp_reply_count_hidden":0,"_bbp_forum_subforum_count":0,"footnotes":""},"categories":[1,142],"tags":[111,143],"class_list":["post-1275","post","type-post","status-publish","format-standard","has-post-thumbnail","hentry","category-general","category-salut-i-consum","tag-produccio-ecologica","tag-salut-i-consum"],"post_mailing_queue_ids":[],"_links":{"self":[{"href":"https:\/\/agora.xtec.cat\/ecaalfarras\/wp-json\/wp\/v2\/posts\/1275","targetHints":{"allow":["GET"]}}],"collection":[{"href":"https:\/\/agora.xtec.cat\/ecaalfarras\/wp-json\/wp\/v2\/posts"}],"about":[{"href":"https:\/\/agora.xtec.cat\/ecaalfarras\/wp-json\/wp\/v2\/types\/post"}],"author":[{"embeddable":true,"href":"https:\/\/agora.xtec.cat\/ecaalfarras\/wp-json\/wp\/v2\/users\/1"}],"replies":[{"embeddable":true,"href":"https:\/\/agora.xtec.cat\/ecaalfarras\/wp-json\/wp\/v2\/comments?post=1275"}],"version-history":[{"count":4,"href":"https:\/\/agora.xtec.cat\/ecaalfarras\/wp-json\/wp\/v2\/posts\/1275\/revisions"}],"predecessor-version":[{"id":1281,"href":"https:\/\/agora.xtec.cat\/ecaalfarras\/wp-json\/wp\/v2\/posts\/1275\/revisions\/1281"}],"wp:featuredmedia":[{"embeddable":true,"href":"https:\/\/agora.xtec.cat\/ecaalfarras\/wp-json\/wp\/v2\/media\/1276"}],"wp:attachment":[{"href":"https:\/\/agora.xtec.cat\/ecaalfarras\/wp-json\/wp\/v2\/media?parent=1275"}],"wp:term":[{"taxonomy":"category","embeddable":true,"href":"https:\/\/agora.xtec.cat\/ecaalfarras\/wp-json\/wp\/v2\/categories?post=1275"},{"taxonomy":"post_tag","embeddable":true,"href":"https:\/\/agora.xtec.cat\/ecaalfarras\/wp-json\/wp\/v2\/tags?post=1275"}],"curies":[{"name":"wp","href":"https:\/\/api.w.org\/{rel}","templated":true}]}}