{"id":1052,"date":"2020-05-13T21:24:46","date_gmt":"2020-05-13T19:24:46","guid":{"rendered":"https:\/\/agora.xtec.cat\/ecaalfarras\/?p=1052"},"modified":"2020-10-09T16:21:32","modified_gmt":"2020-10-09T14:21:32","slug":"activitat-els-nostres-exalumnes","status":"publish","type":"post","link":"https:\/\/agora.xtec.cat\/ecaalfarras\/general\/activitat-els-nostres-exalumnes\/","title":{"rendered":"Els nostres exalumnes: Carlos Faro"},"content":{"rendered":"<p><strong><span style=\"color: #ff9900;\"><em> \u201cTreballar dins del sector agrari \u00e9s apassionant i cada dia s\u2019aprenen coses noves!\u201d.<\/em><\/span><\/strong><\/p>\n<p><a href=\"https:\/\/agora.xtec.cat\/ecaalfarras\/wp-content\/uploads\/usu2159\/2020\/05\/carlosfaro.jpg\"><img loading=\"lazy\" decoding=\"async\" class=\"alignleft size-full wp-image-1053\" src=\"https:\/\/agora.xtec.cat\/ecaalfarras\/wp-content\/uploads\/usu2159\/2020\/05\/carlosfaro.jpg\" alt=\"\" width=\"176\" height=\"230\" \/><\/a>El Carlos Faro \u00e9s perseverant de mena. Des de l\u2019escola d\u2019Albelda fins a la UdL \u00e9s un exemple de const\u00e0ncia. \u00c9s T\u00e8cnic especialista en Hortofructicultura per\u00f2 les seves ganes de superaci\u00f3 i d\u2019aprendre el van portar a la universitat i a fer-se enginyer.<\/p>\n<p>Ha treballat en diferents empreses lligades al sector agrari. Actualment, \u00e9s t\u00e8cnic del programa de Fructicultura de l\u2019IRTA.<\/p>\n<p>Li interessa molt la formaci\u00f3 agr\u00e0ria i vol continuar formant-se i col\u00b7laborant en aquest terreny.<\/p>\n","protected":false},"excerpt":{"rendered":"<p> \u201cTreballar dins del sector agrari \u00e9s apassionant i cada dia s\u2019aprenen coses noves!\u201d.<br \/>\n<a href=\"https:\/\/agora.xtec.cat\/ecaalfarras\/wp-content\/uploads\/usu2159\/2020\/05\/carlosfaro.jpg\"><\/a>El Carlos Faro \u00e9s perseverant de mena. Des de l\u2019escola d\u2019Albelda fins a la UdL \u00e9s un exemple de const\u00e0ncia. \u00c9s T\u00e8cnic especialista en Hortofructicultura per\u00f2 les seves ganes de superaci\u00f3&hellip;  <a href=\"https:\/\/agora.xtec.cat\/ecaalfarras\/general\/activitat-els-nostres-exalumnes\/\" title=\"Read Els nostres exalumnes: Carlos Faro\">Llegeix m\u00e9s\u00bb<\/a><\/p>\n","protected":false},"author":1,"featured_media":1053,"comment_status":"closed","ping_status":"closed","sticky":false,"template":"","format":"standard","meta":{"_bbp_topic_count":0,"_bbp_reply_count":0,"_bbp_total_topic_count":0,"_bbp_total_reply_count":0,"_bbp_voice_count":0,"_bbp_anonymous_reply_count":0,"_bbp_topic_count_hidden":0,"_bbp_reply_count_hidden":0,"_bbp_forum_subforum_count":0,"footnotes":""},"categories":[120,1],"tags":[106,110,134],"class_list":["post-1052","post","type-post","status-publish","format-standard","has-post-thumbnail","hentry","category-exalumnes","category-general","tag-alfarras","tag-escola-agraria","tag-exalumnes"],"post_mailing_queue_ids":[],"_links":{"self":[{"href":"https:\/\/agora.xtec.cat\/ecaalfarras\/wp-json\/wp\/v2\/posts\/1052","targetHints":{"allow":["GET"]}}],"collection":[{"href":"https:\/\/agora.xtec.cat\/ecaalfarras\/wp-json\/wp\/v2\/posts"}],"about":[{"href":"https:\/\/agora.xtec.cat\/ecaalfarras\/wp-json\/wp\/v2\/types\/post"}],"author":[{"embeddable":true,"href":"https:\/\/agora.xtec.cat\/ecaalfarras\/wp-json\/wp\/v2\/users\/1"}],"replies":[{"embeddable":true,"href":"https:\/\/agora.xtec.cat\/ecaalfarras\/wp-json\/wp\/v2\/comments?post=1052"}],"version-history":[{"count":3,"href":"https:\/\/agora.xtec.cat\/ecaalfarras\/wp-json\/wp\/v2\/posts\/1052\/revisions"}],"predecessor-version":[{"id":1453,"href":"https:\/\/agora.xtec.cat\/ecaalfarras\/wp-json\/wp\/v2\/posts\/1052\/revisions\/1453"}],"wp:featuredmedia":[{"embeddable":true,"href":"https:\/\/agora.xtec.cat\/ecaalfarras\/wp-json\/wp\/v2\/media\/1053"}],"wp:attachment":[{"href":"https:\/\/agora.xtec.cat\/ecaalfarras\/wp-json\/wp\/v2\/media?parent=1052"}],"wp:term":[{"taxonomy":"category","embeddable":true,"href":"https:\/\/agora.xtec.cat\/ecaalfarras\/wp-json\/wp\/v2\/categories?post=1052"},{"taxonomy":"post_tag","embeddable":true,"href":"https:\/\/agora.xtec.cat\/ecaalfarras\/wp-json\/wp\/v2\/tags?post=1052"}],"curies":[{"name":"wp","href":"https:\/\/api.w.org\/{rel}","templated":true}]}}