{"id":1046,"date":"2020-05-13T21:15:20","date_gmt":"2020-05-13T19:15:20","guid":{"rendered":"https:\/\/agora.xtec.cat\/ecaalfarras\/?p=1046"},"modified":"2020-10-28T13:47:20","modified_gmt":"2020-10-28T12:47:20","slug":"els-nostres-exalumnes-ismael-charles","status":"publish","type":"post","link":"https:\/\/agora.xtec.cat\/ecaalfarras\/general\/els-nostres-exalumnes-ismael-charles\/","title":{"rendered":"Els nostres exalumnes: Ismael Charles"},"content":{"rendered":"<p><strong><span style=\"color: #ff9900;\"><em>\u00a0\u201cDavant de tot, optimisme! El m\u00e9s important en aquests temps que ens toca viure \u00e9s diversificar. Nosaltres a casa, a l&#8217;empresa, ens hem vist obligats a tocar moltes tecles, aix\u00ed sempre n&#8217;hi ha una que sona b\u00e9. D\u2019aqu\u00ed l&#8217;optimisme per tirar endavant i no perdre mai la passi\u00f3 per aquest sector on ser l&#8217;amo no t\u00e9 preu. For\u00e7a i endavant!!\u201d.<\/em><\/span><\/strong><\/p>\n<p><a href=\"https:\/\/agora.xtec.cat\/ecaalfarras\/wp-content\/uploads\/usu2159\/2020\/05\/ismalecharles.jpg\"><img loading=\"lazy\" decoding=\"async\" class=\"alignleft size-full wp-image-1047\" src=\"https:\/\/agora.xtec.cat\/ecaalfarras\/wp-content\/uploads\/usu2159\/2020\/05\/ismalecharles.jpg\" alt=\"\" width=\"230\" height=\"262\" \/><\/a><br \/>\nL\u2019Ismael Charles \u00e9s pag\u00e8s del Segri\u00e0, dels de tota la vida. Conrea fruita dol\u00e7a i cereal a Alcarr\u00e0s com ho ha fet la seva fam\u00edlia des de sempre.<\/p>\n<p>El seu esperit emprenedor, inquiet i din\u00e0mic li han ajudat a ampliar l\u2019extensi\u00f3 de l\u2019explotaci\u00f3 i el parc de maquin\u00e0ria sense defallir. Sempre ha estat disposat a cooperar amb les organitzacions del sector.<\/p>\n<p>Est\u00e0 molt orgull\u00f3s de la seva feina i de la seva fam\u00edlia. Per tot aix\u00f2 voldria que el seu llegat tingu\u00e9s continu\u00eftat.<\/p>\n<p>\u00c9s T\u00e8cnic especialista en Hortofructicultura.<\/p>\n<p>&nbsp;<\/p>\n","protected":false},"excerpt":{"rendered":"<p>\u00a0\u201cDavant de tot, optimisme! El m\u00e9s important en aquests temps que ens toca viure \u00e9s diversificar. Nosaltres a casa, a l&#8217;empresa, ens hem vist obligats a tocar moltes tecles, aix\u00ed sempre n&#8217;hi ha una que sona b\u00e9. D\u2019aqu\u00ed l&#8217;optimisme per tirar endavant i no perdre&hellip;  <a href=\"https:\/\/agora.xtec.cat\/ecaalfarras\/general\/els-nostres-exalumnes-ismael-charles\/\" title=\"Read Els nostres exalumnes: Ismael Charles\">Llegeix m\u00e9s\u00bb<\/a><\/p>\n","protected":false},"author":1,"featured_media":1047,"comment_status":"closed","ping_status":"closed","sticky":false,"template":"","format":"standard","meta":{"_bbp_topic_count":0,"_bbp_reply_count":0,"_bbp_total_topic_count":0,"_bbp_total_reply_count":0,"_bbp_voice_count":0,"_bbp_anonymous_reply_count":0,"_bbp_topic_count_hidden":0,"_bbp_reply_count_hidden":0,"_bbp_forum_subforum_count":0,"footnotes":""},"categories":[120,1],"tags":[106,110,134],"class_list":["post-1046","post","type-post","status-publish","format-standard","has-post-thumbnail","hentry","category-exalumnes","category-general","tag-alfarras","tag-escola-agraria","tag-exalumnes"],"post_mailing_queue_ids":[],"_links":{"self":[{"href":"https:\/\/agora.xtec.cat\/ecaalfarras\/wp-json\/wp\/v2\/posts\/1046","targetHints":{"allow":["GET"]}}],"collection":[{"href":"https:\/\/agora.xtec.cat\/ecaalfarras\/wp-json\/wp\/v2\/posts"}],"about":[{"href":"https:\/\/agora.xtec.cat\/ecaalfarras\/wp-json\/wp\/v2\/types\/post"}],"author":[{"embeddable":true,"href":"https:\/\/agora.xtec.cat\/ecaalfarras\/wp-json\/wp\/v2\/users\/1"}],"replies":[{"embeddable":true,"href":"https:\/\/agora.xtec.cat\/ecaalfarras\/wp-json\/wp\/v2\/comments?post=1046"}],"version-history":[{"count":3,"href":"https:\/\/agora.xtec.cat\/ecaalfarras\/wp-json\/wp\/v2\/posts\/1046\/revisions"}],"predecessor-version":[{"id":1627,"href":"https:\/\/agora.xtec.cat\/ecaalfarras\/wp-json\/wp\/v2\/posts\/1046\/revisions\/1627"}],"wp:featuredmedia":[{"embeddable":true,"href":"https:\/\/agora.xtec.cat\/ecaalfarras\/wp-json\/wp\/v2\/media\/1047"}],"wp:attachment":[{"href":"https:\/\/agora.xtec.cat\/ecaalfarras\/wp-json\/wp\/v2\/media?parent=1046"}],"wp:term":[{"taxonomy":"category","embeddable":true,"href":"https:\/\/agora.xtec.cat\/ecaalfarras\/wp-json\/wp\/v2\/categories?post=1046"},{"taxonomy":"post_tag","embeddable":true,"href":"https:\/\/agora.xtec.cat\/ecaalfarras\/wp-json\/wp\/v2\/tags?post=1046"}],"curies":[{"name":"wp","href":"https:\/\/api.w.org\/{rel}","templated":true}]}}