{"id":1382,"date":"2026-03-27T08:03:20","date_gmt":"2026-03-27T07:03:20","guid":{"rendered":"https:\/\/agora.xtec.cat\/eca-pirineu\/?p=1382"},"modified":"2026-03-30T08:10:03","modified_gmt":"2026-03-30T06:10:03","slug":"el-3cat-visita-lescola-per-descobrir-lequitacio-centrada","status":"publish","type":"post","link":"https:\/\/agora.xtec.cat\/eca-pirineu\/general\/el-3cat-visita-lescola-per-descobrir-lequitacio-centrada\/","title":{"rendered":"El 3Cat visita l\u2019escola per descobrir l\u2019equitaci\u00f3 centrada"},"content":{"rendered":"\n<p>Recentment, el 3Cat ha fet parada a l\u2019escola per con\u00e8ixer de prop l\u2019<strong>equitaci\u00f3 centrada<\/strong>.<\/p>\n\n\n\n<p>Aquesta metodologia eq\u00fcestre posa el focus en la <strong>connexi\u00f3 profunda entre genet i cavall<\/strong>, treballant aspectes com la consci\u00e8ncia corporal, la respiraci\u00f3 i la postura. L\u2019objectiu \u00e9s aconseguir una comunicaci\u00f3 m\u00e9s subtil, efectiva i respectuosa amb l\u2019animal, basada en la percepci\u00f3 i el moviment compartit.<\/p>\n\n\n\n<p><strong>Una formaci\u00f3 amb mirada conscient i personalitzada<\/strong><\/p>\n\n\n\n<p>La formaci\u00f3 especialitzada organitzada pel centre, ha comptat amb la participaci\u00f3 de les instructores internacionals <strong>Peggy Brown<\/strong> i <strong>Paula Ohlin<\/strong>.<\/p>\n\n\n\n<p>Durant diverses sessions, els participants han pogut aprofundir en els principis b\u00e0sics de l\u2019equitaci\u00f3 centrada, com ara l\u2019equilibri, la respiraci\u00f3 i la consci\u00e8ncia del propi cos. Aquesta metodologia, desenvolupada originalment per Sally Swift, combina coneixements de disciplines com el ioga o el tai-txi amb l\u2019equitaci\u00f3 tradicional per millorar la posici\u00f3 i la relaci\u00f3 amb el cavall.<\/p>\n\n\n\n<p>El format en <strong>grups redu\u00efts<\/strong> ha estat clau per garantir un aprenentatge m\u00e9s personalitzat, permetent als assistents explorar amb m\u00e9s profunditat la seva manera de muntar i entendre millor el comportament i el llenguatge corporal del cavall.<\/p>\n\n\n\n<p><strong>Aprendre a sentir per muntar millor<\/strong><\/p>\n\n\n\n<p>Un dels pilars de l\u2019equitaci\u00f3 centrada \u00e9s <strong>aprendre a \u201csentir\u201d el cavall<\/strong>. Tal com es treballa en aquesta formaci\u00f3, es tracta de desenvolupar una pres\u00e8ncia m\u00e9s conscient a la sella, millorant la coordinaci\u00f3 i la flu\u00efdesa del moviment conjunt.<\/p>\n\n\n\n<p>Aquest enfocament representa un canvi respecte a models m\u00e9s cl\u00e0ssics o r\u00edgids, i aposta per una <strong>equitaci\u00f3 m\u00e9s respectuosa, eficient i connectada<\/strong>, on el genet esdev\u00e9 part activa del moviment i no nom\u00e9s un conductor.<\/p>\n\n\n\n<p data-pm-slice=\"1 1 []\">Us convidem a donar una ullada a la pe\u00e7a:<a href=\"https:\/\/www.3cat.cat\/3cat\/que-es-lequitacio-centrada\/video\/6391725\/\" target=\"_blank\" rel=\"noopener\"> https:\/\/www.3cat.cat\/3cat\/que-es-lequitacio-centrada\/video\/6391725\/<\/a><\/p>\n\n\n\n<div id='gallery-1' class='gallery galleryid-1382 gallery-columns-3 gallery-size-medium'><figure class='gallery-item'>\n\t\t\t<div class='gallery-icon landscape'>\n\t\t\t\t<a href='https:\/\/agora.xtec.cat\/eca-pirineu\/general\/el-3cat-visita-lescola-per-descobrir-lequitacio-centrada\/attachment\/img_4481\/'><img loading=\"lazy\" decoding=\"async\" width=\"300\" height=\"225\" src=\"https:\/\/agora.xtec.cat\/eca-pirineu\/wp-content\/uploads\/usu2154\/2026\/03\/IMG_4481-300x225.jpg\" class=\"attachment-medium size-medium\" alt=\"\" srcset=\"https:\/\/agora.xtec.cat\/eca-pirineu\/wp-content\/uploads\/usu2154\/2026\/03\/IMG_4481-300x225.jpg 300w, https:\/\/agora.xtec.cat\/eca-pirineu\/wp-content\/uploads\/usu2154\/2026\/03\/IMG_4481-1024x768.jpg 1024w, https:\/\/agora.xtec.cat\/eca-pirineu\/wp-content\/uploads\/usu2154\/2026\/03\/IMG_4481-768x576.jpg 768w, https:\/\/agora.xtec.cat\/eca-pirineu\/wp-content\/uploads\/usu2154\/2026\/03\/IMG_4481-1536x1152.jpg 1536w, https:\/\/agora.xtec.cat\/eca-pirineu\/wp-content\/uploads\/usu2154\/2026\/03\/IMG_4481-2048x1536.jpg 2048w, https:\/\/agora.xtec.cat\/eca-pirineu\/wp-content\/uploads\/usu2154\/2026\/03\/IMG_4481-200x150.jpg 200w\" sizes=\"auto, (max-width: 300px) 100vw, 300px\" \/><\/a>\n\t\t\t<\/div><\/figure><figure class='gallery-item'>\n\t\t\t<div class='gallery-icon landscape'>\n\t\t\t\t<a href='https:\/\/agora.xtec.cat\/eca-pirineu\/general\/el-3cat-visita-lescola-per-descobrir-lequitacio-centrada\/attachment\/img_4477\/'><img loading=\"lazy\" decoding=\"async\" width=\"300\" height=\"225\" src=\"https:\/\/agora.xtec.cat\/eca-pirineu\/wp-content\/uploads\/usu2154\/2026\/03\/IMG_4477-300x225.jpg\" class=\"attachment-medium size-medium\" alt=\"\" srcset=\"https:\/\/agora.xtec.cat\/eca-pirineu\/wp-content\/uploads\/usu2154\/2026\/03\/IMG_4477-300x225.jpg 300w, https:\/\/agora.xtec.cat\/eca-pirineu\/wp-content\/uploads\/usu2154\/2026\/03\/IMG_4477-1024x768.jpg 1024w, https:\/\/agora.xtec.cat\/eca-pirineu\/wp-content\/uploads\/usu2154\/2026\/03\/IMG_4477-768x576.jpg 768w, https:\/\/agora.xtec.cat\/eca-pirineu\/wp-content\/uploads\/usu2154\/2026\/03\/IMG_4477-1536x1152.jpg 1536w, https:\/\/agora.xtec.cat\/eca-pirineu\/wp-content\/uploads\/usu2154\/2026\/03\/IMG_4477-2048x1536.jpg 2048w, https:\/\/agora.xtec.cat\/eca-pirineu\/wp-content\/uploads\/usu2154\/2026\/03\/IMG_4477-200x150.jpg 200w\" sizes=\"auto, (max-width: 300px) 100vw, 300px\" \/><\/a>\n\t\t\t<\/div><\/figure><figure class='gallery-item'>\n\t\t\t<div class='gallery-icon landscape'>\n\t\t\t\t<a href='https:\/\/agora.xtec.cat\/eca-pirineu\/general\/el-3cat-visita-lescola-per-descobrir-lequitacio-centrada\/attachment\/img_4500\/'><img loading=\"lazy\" decoding=\"async\" width=\"300\" height=\"225\" src=\"https:\/\/agora.xtec.cat\/eca-pirineu\/wp-content\/uploads\/usu2154\/2026\/03\/IMG_4500-300x225.jpg\" class=\"attachment-medium size-medium\" alt=\"\" srcset=\"https:\/\/agora.xtec.cat\/eca-pirineu\/wp-content\/uploads\/usu2154\/2026\/03\/IMG_4500-300x225.jpg 300w, https:\/\/agora.xtec.cat\/eca-pirineu\/wp-content\/uploads\/usu2154\/2026\/03\/IMG_4500-1024x768.jpg 1024w, https:\/\/agora.xtec.cat\/eca-pirineu\/wp-content\/uploads\/usu2154\/2026\/03\/IMG_4500-768x576.jpg 768w, https:\/\/agora.xtec.cat\/eca-pirineu\/wp-content\/uploads\/usu2154\/2026\/03\/IMG_4500-1536x1152.jpg 1536w, https:\/\/agora.xtec.cat\/eca-pirineu\/wp-content\/uploads\/usu2154\/2026\/03\/IMG_4500-2048x1536.jpg 2048w, https:\/\/agora.xtec.cat\/eca-pirineu\/wp-content\/uploads\/usu2154\/2026\/03\/IMG_4500-200x150.jpg 200w\" sizes=\"auto, (max-width: 300px) 100vw, 300px\" \/><\/a>\n\t\t\t<\/div><\/figure>\n\t\t<\/div>\n\n<div id='gallery-2' class='gallery galleryid-1382 gallery-columns-3 gallery-size-medium'><figure class='gallery-item'>\n\t\t\t<div class='gallery-icon landscape'>\n\t\t\t\t<a href='https:\/\/agora.xtec.cat\/eca-pirineu\/general\/el-3cat-visita-lescola-per-descobrir-lequitacio-centrada\/attachment\/img_4703\/'><img loading=\"lazy\" decoding=\"async\" width=\"300\" height=\"225\" src=\"https:\/\/agora.xtec.cat\/eca-pirineu\/wp-content\/uploads\/usu2154\/2026\/03\/IMG_4703-300x225.jpg\" class=\"attachment-medium size-medium\" alt=\"\" srcset=\"https:\/\/agora.xtec.cat\/eca-pirineu\/wp-content\/uploads\/usu2154\/2026\/03\/IMG_4703-300x225.jpg 300w, https:\/\/agora.xtec.cat\/eca-pirineu\/wp-content\/uploads\/usu2154\/2026\/03\/IMG_4703-1024x768.jpg 1024w, https:\/\/agora.xtec.cat\/eca-pirineu\/wp-content\/uploads\/usu2154\/2026\/03\/IMG_4703-768x576.jpg 768w, https:\/\/agora.xtec.cat\/eca-pirineu\/wp-content\/uploads\/usu2154\/2026\/03\/IMG_4703-1536x1152.jpg 1536w, https:\/\/agora.xtec.cat\/eca-pirineu\/wp-content\/uploads\/usu2154\/2026\/03\/IMG_4703-2048x1536.jpg 2048w, https:\/\/agora.xtec.cat\/eca-pirineu\/wp-content\/uploads\/usu2154\/2026\/03\/IMG_4703-200x150.jpg 200w\" sizes=\"auto, (max-width: 300px) 100vw, 300px\" \/><\/a>\n\t\t\t<\/div><\/figure><figure class='gallery-item'>\n\t\t\t<div class='gallery-icon landscape'>\n\t\t\t\t<a href='https:\/\/agora.xtec.cat\/eca-pirineu\/general\/el-3cat-visita-lescola-per-descobrir-lequitacio-centrada\/attachment\/img_4630\/'><img loading=\"lazy\" decoding=\"async\" width=\"300\" height=\"225\" src=\"https:\/\/agora.xtec.cat\/eca-pirineu\/wp-content\/uploads\/usu2154\/2026\/03\/IMG_4630-300x225.jpg\" class=\"attachment-medium size-medium\" alt=\"\" srcset=\"https:\/\/agora.xtec.cat\/eca-pirineu\/wp-content\/uploads\/usu2154\/2026\/03\/IMG_4630-300x225.jpg 300w, https:\/\/agora.xtec.cat\/eca-pirineu\/wp-content\/uploads\/usu2154\/2026\/03\/IMG_4630-1024x768.jpg 1024w, https:\/\/agora.xtec.cat\/eca-pirineu\/wp-content\/uploads\/usu2154\/2026\/03\/IMG_4630-768x576.jpg 768w, https:\/\/agora.xtec.cat\/eca-pirineu\/wp-content\/uploads\/usu2154\/2026\/03\/IMG_4630-1536x1152.jpg 1536w, https:\/\/agora.xtec.cat\/eca-pirineu\/wp-content\/uploads\/usu2154\/2026\/03\/IMG_4630-2048x1536.jpg 2048w, https:\/\/agora.xtec.cat\/eca-pirineu\/wp-content\/uploads\/usu2154\/2026\/03\/IMG_4630-200x150.jpg 200w\" sizes=\"auto, (max-width: 300px) 100vw, 300px\" \/><\/a>\n\t\t\t<\/div><\/figure><figure class='gallery-item'>\n\t\t\t<div class='gallery-icon landscape'>\n\t\t\t\t<a href='https:\/\/agora.xtec.cat\/eca-pirineu\/general\/el-3cat-visita-lescola-per-descobrir-lequitacio-centrada\/attachment\/img_4601\/'><img loading=\"lazy\" decoding=\"async\" width=\"300\" height=\"225\" src=\"https:\/\/agora.xtec.cat\/eca-pirineu\/wp-content\/uploads\/usu2154\/2026\/03\/IMG_4601-300x225.jpg\" class=\"attachment-medium size-medium\" alt=\"\" srcset=\"https:\/\/agora.xtec.cat\/eca-pirineu\/wp-content\/uploads\/usu2154\/2026\/03\/IMG_4601-300x225.jpg 300w, https:\/\/agora.xtec.cat\/eca-pirineu\/wp-content\/uploads\/usu2154\/2026\/03\/IMG_4601-1024x768.jpg 1024w, https:\/\/agora.xtec.cat\/eca-pirineu\/wp-content\/uploads\/usu2154\/2026\/03\/IMG_4601-768x576.jpg 768w, https:\/\/agora.xtec.cat\/eca-pirineu\/wp-content\/uploads\/usu2154\/2026\/03\/IMG_4601-1536x1152.jpg 1536w, https:\/\/agora.xtec.cat\/eca-pirineu\/wp-content\/uploads\/usu2154\/2026\/03\/IMG_4601-2048x1536.jpg 2048w, https:\/\/agora.xtec.cat\/eca-pirineu\/wp-content\/uploads\/usu2154\/2026\/03\/IMG_4601-200x150.jpg 200w\" sizes=\"auto, (max-width: 300px) 100vw, 300px\" \/><\/a>\n\t\t\t<\/div><\/figure>\n\t\t<\/div>\n\n","protected":false},"excerpt":{"rendered":"<p>Recentment, el 3Cat ha fet parada a l\u2019escola per con\u00e8ixer de prop l\u2019equitaci\u00f3 centrada. Aquesta metodologia eq\u00fcestre posa el focus en la connexi\u00f3 entre genet i cavall<\/p>\n","protected":false},"author":7,"featured_media":1389,"comment_status":"open","ping_status":"open","sticky":false,"template":"","format":"standard","meta":{"_bbp_topic_count":0,"_bbp_reply_count":0,"_bbp_total_topic_count":0,"_bbp_total_reply_count":0,"_bbp_voice_count":0,"_bbp_anonymous_reply_count":0,"_bbp_topic_count_hidden":0,"_bbp_reply_count_hidden":0,"_bbp_forum_subforum_count":0,"site-sidebar-layout":"default","site-content-layout":"","ast-site-content-layout":"","site-content-style":"default","site-sidebar-style":"default","ast-global-header-display":"","ast-banner-title-visibility":"","ast-main-header-display":"","ast-hfb-above-header-display":"","ast-hfb-below-header-display":"","ast-hfb-mobile-header-display":"","site-post-title":"","ast-breadcrumbs-content":"","ast-featured-img":"","footer-sml-layout":"","theme-transparent-header-meta":"","adv-header-id-meta":"","stick-header-meta":"","header-above-stick-meta":"","header-main-stick-meta":"","header-below-stick-meta":"","astra-migrate-meta-layouts":"default","ast-page-background-enabled":"default","ast-page-background-meta":{"desktop":{"background-color":"var(--ast-global-color-4)","background-image":"","background-repeat":"repeat","background-position":"center center","background-size":"auto","background-attachment":"scroll","background-type":"","background-media":"","overlay-type":"","overlay-color":"","overlay-opacity":"","overlay-gradient":""},"tablet":{"background-color":"","background-image":"","background-repeat":"repeat","background-position":"center center","background-size":"auto","background-attachment":"scroll","background-type":"","background-media":"","overlay-type":"","overlay-color":"","overlay-opacity":"","overlay-gradient":""},"mobile":{"background-color":"","background-image":"","background-repeat":"repeat","background-position":"center center","background-size":"auto","background-attachment":"scroll","background-type":"","background-media":"","overlay-type":"","overlay-color":"","overlay-opacity":"","overlay-gradient":""}},"ast-content-background-meta":{"desktop":{"background-color":"var(--ast-global-color-5)","background-image":"","background-repeat":"repeat","background-position":"center center","background-size":"auto","background-attachment":"scroll","background-type":"","background-media":"","overlay-type":"","overlay-color":"","overlay-opacity":"","overlay-gradient":""},"tablet":{"background-color":"var(--ast-global-color-5)","background-image":"","background-repeat":"repeat","background-position":"center center","background-size":"auto","background-attachment":"scroll","background-type":"","background-media":"","overlay-type":"","overlay-color":"","overlay-opacity":"","overlay-gradient":""},"mobile":{"background-color":"var(--ast-global-color-5)","background-image":"","background-repeat":"repeat","background-position":"center center","background-size":"auto","background-attachment":"scroll","background-type":"","background-media":"","overlay-type":"","overlay-color":"","overlay-opacity":"","overlay-gradient":""}},"footnotes":""},"categories":[1,29],"tags":[],"class_list":["post-1382","post","type-post","status-publish","format-standard","has-post-thumbnail","hentry","category-general","category-portada"],"post_mailing_queue_ids":[],"_links":{"self":[{"href":"https:\/\/agora.xtec.cat\/eca-pirineu\/wp-json\/wp\/v2\/posts\/1382","targetHints":{"allow":["GET"]}}],"collection":[{"href":"https:\/\/agora.xtec.cat\/eca-pirineu\/wp-json\/wp\/v2\/posts"}],"about":[{"href":"https:\/\/agora.xtec.cat\/eca-pirineu\/wp-json\/wp\/v2\/types\/post"}],"author":[{"embeddable":true,"href":"https:\/\/agora.xtec.cat\/eca-pirineu\/wp-json\/wp\/v2\/users\/7"}],"replies":[{"embeddable":true,"href":"https:\/\/agora.xtec.cat\/eca-pirineu\/wp-json\/wp\/v2\/comments?post=1382"}],"version-history":[{"count":4,"href":"https:\/\/agora.xtec.cat\/eca-pirineu\/wp-json\/wp\/v2\/posts\/1382\/revisions"}],"predecessor-version":[{"id":1392,"href":"https:\/\/agora.xtec.cat\/eca-pirineu\/wp-json\/wp\/v2\/posts\/1382\/revisions\/1392"}],"wp:featuredmedia":[{"embeddable":true,"href":"https:\/\/agora.xtec.cat\/eca-pirineu\/wp-json\/wp\/v2\/media\/1389"}],"wp:attachment":[{"href":"https:\/\/agora.xtec.cat\/eca-pirineu\/wp-json\/wp\/v2\/media?parent=1382"}],"wp:term":[{"taxonomy":"category","embeddable":true,"href":"https:\/\/agora.xtec.cat\/eca-pirineu\/wp-json\/wp\/v2\/categories?post=1382"},{"taxonomy":"post_tag","embeddable":true,"href":"https:\/\/agora.xtec.cat\/eca-pirineu\/wp-json\/wp\/v2\/tags?post=1382"}],"curies":[{"name":"wp","href":"https:\/\/api.w.org\/{rel}","templated":true}]}}