{"id":1366,"date":"2026-02-17T09:36:14","date_gmt":"2026-02-17T08:36:14","guid":{"rendered":"https:\/\/agora.xtec.cat\/eca-pirineu\/?p=1366"},"modified":"2026-02-25T09:39:03","modified_gmt":"2026-02-25T08:39:03","slug":"sortides-tecniques-aprenentatge-forestal-sobre-el-terreny","status":"publish","type":"post","link":"https:\/\/agora.xtec.cat\/eca-pirineu\/general\/sortides-tecniques-aprenentatge-forestal-sobre-el-terreny\/","title":{"rendered":"Sortides t\u00e8cniques: aprenentatge forestal sobre el terreny"},"content":{"rendered":"\n<p>L\u2019alumnat de 1r curs del CFGM d\u2019Aprofitament i Conservaci\u00f3 del Medi Natural ha participat recentment en diverses sortides t\u00e8cniques muntidisciplinars en els quals s\u2019han agultinat els conceptes treballats en diferents m\u00f2duls professionals: Fonaments Agron\u00f2mics, Producci\u00f3 de planta forestal, Instal\u00b7lacions de producci\u00f3 for\u00e7ada, Repoblacions, Correccions hidrol\u00f2giques i Silvicultura. Aquestes activitats han perm\u00e8s complementar la formaci\u00f3 te\u00f2rica amb experi\u00e8ncies pr\u00e0ctiques i visites a equipaments del sector forestal del territori.<\/p>\n\n\n\n<p>De totes les activitats realitzades en el que va de curs, els alumnes han decidit destacar tres activitats diferenciades: pr\u00e0ctiques de dasometria, una visita t\u00e8cnica a la Cerdanya i una sortida a Tremp i Gerri de Sal.<\/p>\n\n\n\n<p><strong>Pr\u00e0ctiques de dasometria<\/strong><\/p>\n\n\n\n<p>En la primera de les sortides, Durant el desembre i el gener l\u2019alumnat va dur a terme <s>una<\/s> diferents pr\u00e0ctiques de dasometria centrades en la mesura i an\u00e0lisi de la massa forestal, algunes a l\u2019escola, altres als boscos del voltant del centre educatiu i finalment a les finques de Bentanachs, Casa en Coll i Sol\u00e0 del Vedat.<\/p>\n\n\n\n<p>Durant les pr\u00e0ctiques, els estudiants van mesurar di\u00e0metres, al\u00e7ades diferents arbres; \u00e0rees basals i extracci\u00f3 de cores; a partir de les quals van treballar el c\u00e0lcul de par\u00e0metres com el di\u00e0metre i al\u00e7ada mitjanes volum de fusta disponible al bosc, i el c\u00e0lcul de creixements i determinaci\u00f3 de la situaci\u00f3 de compet\u00e8ncia o no; aplicant sobre el terreny els coneixements adquirits a l\u2019aula dins l\u2019assignatura de silvicultura.<\/p>\n\n\n\n<p>L\u2019activitat els va resultar \u00fatil i interessant, especialment pel fet de poder traslladar la teoria a una situaci\u00f3 real de treball forestal i entendre millor la import\u00e0ncia de la presa de dades en la gesti\u00f3 del bosc, tal com ens han transm\u00e8s.<\/p>\n\n\n\n<p><strong>Visita t\u00e8cnica a la Cerdanya<\/strong><\/p>\n\n\n\n<p>A mitjan mes de desembre es va desenvolupar a diferents indrets de la Cerdanya, on l\u2019alumnat va con\u00e8ixer instal\u00b7lacions i actuacions vinculades als aprofitaments forestals i al coneixement del medi.<\/p>\n\n\n\n<p>Entre les visites realitzades, destaca el sequer de pinyes, on van poder observar com es feia fins als anys 90 el proc\u00e9s d\u2019extracci\u00f3 de les llavors de pi negre i roig en l\u2019\u00fanic sequer que funcionava amb una xarxa de calor de tota la pen\u00ednsula ib\u00e8rica, el funcionament de la maquin\u00e0ria i la import\u00e0ncia d\u2019aquest equipament dins la cadena productiva forestal.<\/p>\n\n\n\n<p>Tamb\u00e9 van visitar l\u2019arboretum de Queixans, un espai amb pres\u00e8ncia d\u2019esp\u00e8cies vegetals d\u2019arreu del m\u00f3n que els va permetre per una banda treballar la identificaci\u00f3 bot\u00e0nica i ampliar coneixements sobre diversitat forestal; i per altra reflexionar sobre les inversions realitzades en instal\u00b7lacions d\u2019\u00fas p\u00fablic i la complexa gesti\u00f3 que s\u2019hi ha de realitzar un cop estan en funcionament.<\/p>\n\n\n\n<p>La jornada es va completar amb la visita al municipi de Meranges, on van observar actuacions coforestals destinades a reduir la for\u00e7a del cabal dels torrents de la vall mitjan\u00e7ant gabions i vegetaci\u00f3 de retenci\u00f3, aix\u00ed com elements caracter\u00edstics de la vegetaci\u00f3 &nbsp;dels estatges alp\u00ed i subalp\u00ed.<\/p>\n\n\n\n<p><strong>Visita t\u00e8cnica a Tremp i Gerri de Sal<\/strong><\/p>\n\n\n\n<p>La tercera activitat es va dur a terme a Tremp i Gerri de Sal i va estar centrada en el viverisme forestal.<\/p>\n\n\n\n<p>L\u2019alumnat va visitar el viver forestal de la zona, gestionat per Forestal Catalana, on els van explicar el funcionament de les instal\u00b7lacions, les tasques que s\u2019hi desenvolupen i la import\u00e0ncia de la producci\u00f3 de planta forestal per a projectes de reforestaci\u00f3 i gesti\u00f3 del territori.<\/p>\n\n\n\n<p>Durant la jornada tamb\u00e9 es van poder embrutar les mans tot realitzant una pr\u00e0ctica de plantaci\u00f3, posant en acci\u00f3 els coneixements treballats pr\u00e8viament.<\/p>\n\n\n\n<p>La sortida es va completar amb la visita a Gerri de Sal, ampliant la visi\u00f3 sobre els recursos i aprofitaments vinculats al territori, des d\u2019una visi\u00f3 d\u2019un empresari privat.<\/p>\n\n\n\n<p><strong>Formaci\u00f3 pr\u00e0ctica vinculada al territori<\/strong><\/p>\n\n\n\n<p>Aquest conjunt de sortides t\u00e8cniques permet a l\u2019alumnat adquirir una visi\u00f3 global de la gesti\u00f3 forestal, combinant t\u00e8cniques de mesura del bosc amb el coneixement dels aprofitaments, la producci\u00f3 de planta i les actuacions sobre el medi.<\/p>\n\n\n\n<p>Tal com reflecteixen les seves redaccions, aquestes experi\u00e8ncies resulten clau per consolidar aprenentatges i apropar la formaci\u00f3 a la realitat professional del sector.<\/p>\n<p><a href=\"https:\/\/agora.xtec.cat\/eca-pirineu\/wp-content\/uploads\/usu2154\/2026\/02\/Visita-viver-de-plancons-de-fruiters-lo-verger-de-Gerri-de-Sal.jpeg\"><img loading=\"lazy\" decoding=\"async\" class=\"wp-image-1367 aligncenter\" src=\"https:\/\/agora.xtec.cat\/eca-pirineu\/wp-content\/uploads\/usu2154\/2026\/02\/Visita-viver-de-plancons-de-fruiters-lo-verger-de-Gerri-de-Sal.jpeg\" alt=\"\" width=\"667\" height=\"500\" srcset=\"https:\/\/agora.xtec.cat\/eca-pirineu\/wp-content\/uploads\/usu2154\/2026\/02\/Visita-viver-de-plancons-de-fruiters-lo-verger-de-Gerri-de-Sal.jpeg 1600w, https:\/\/agora.xtec.cat\/eca-pirineu\/wp-content\/uploads\/usu2154\/2026\/02\/Visita-viver-de-plancons-de-fruiters-lo-verger-de-Gerri-de-Sal-300x225.jpeg 300w, https:\/\/agora.xtec.cat\/eca-pirineu\/wp-content\/uploads\/usu2154\/2026\/02\/Visita-viver-de-plancons-de-fruiters-lo-verger-de-Gerri-de-Sal-1024x768.jpeg 1024w, https:\/\/agora.xtec.cat\/eca-pirineu\/wp-content\/uploads\/usu2154\/2026\/02\/Visita-viver-de-plancons-de-fruiters-lo-verger-de-Gerri-de-Sal-768x576.jpeg 768w, https:\/\/agora.xtec.cat\/eca-pirineu\/wp-content\/uploads\/usu2154\/2026\/02\/Visita-viver-de-plancons-de-fruiters-lo-verger-de-Gerri-de-Sal-1536x1152.jpeg 1536w, https:\/\/agora.xtec.cat\/eca-pirineu\/wp-content\/uploads\/usu2154\/2026\/02\/Visita-viver-de-plancons-de-fruiters-lo-verger-de-Gerri-de-Sal-200x150.jpeg 200w\" sizes=\"auto, (max-width: 667px) 100vw, 667px\" \/><\/a><\/p>\n<p>\u00a0<\/p>\n","protected":false},"excerpt":{"rendered":"<p>L\u2019alumnat de 1r curs del CFGM d\u2019Aprofitament i Conservaci\u00f3 del Medi Natural ha participat recentment en diverses sortides t\u00e8cniques muntidisciplinars<\/p>\n","protected":false},"author":7,"featured_media":1367,"comment_status":"open","ping_status":"open","sticky":false,"template":"","format":"standard","meta":{"_bbp_topic_count":0,"_bbp_reply_count":0,"_bbp_total_topic_count":0,"_bbp_total_reply_count":0,"_bbp_voice_count":0,"_bbp_anonymous_reply_count":0,"_bbp_topic_count_hidden":0,"_bbp_reply_count_hidden":0,"_bbp_forum_subforum_count":0,"site-sidebar-layout":"default","site-content-layout":"","ast-site-content-layout":"","site-content-style":"default","site-sidebar-style":"default","ast-global-header-display":"","ast-banner-title-visibility":"","ast-main-header-display":"","ast-hfb-above-header-display":"","ast-hfb-below-header-display":"","ast-hfb-mobile-header-display":"","site-post-title":"","ast-breadcrumbs-content":"","ast-featured-img":"","footer-sml-layout":"","theme-transparent-header-meta":"","adv-header-id-meta":"","stick-header-meta":"","header-above-stick-meta":"","header-main-stick-meta":"","header-below-stick-meta":"","astra-migrate-meta-layouts":"default","ast-page-background-enabled":"default","ast-page-background-meta":{"desktop":{"background-color":"var(--ast-global-color-4)","background-image":"","background-repeat":"repeat","background-position":"center center","background-size":"auto","background-attachment":"scroll","background-type":"","background-media":"","overlay-type":"","overlay-color":"","overlay-opacity":"","overlay-gradient":""},"tablet":{"background-color":"","background-image":"","background-repeat":"repeat","background-position":"center center","background-size":"auto","background-attachment":"scroll","background-type":"","background-media":"","overlay-type":"","overlay-color":"","overlay-opacity":"","overlay-gradient":""},"mobile":{"background-color":"","background-image":"","background-repeat":"repeat","background-position":"center center","background-size":"auto","background-attachment":"scroll","background-type":"","background-media":"","overlay-type":"","overlay-color":"","overlay-opacity":"","overlay-gradient":""}},"ast-content-background-meta":{"desktop":{"background-color":"var(--ast-global-color-5)","background-image":"","background-repeat":"repeat","background-position":"center center","background-size":"auto","background-attachment":"scroll","background-type":"","background-media":"","overlay-type":"","overlay-color":"","overlay-opacity":"","overlay-gradient":""},"tablet":{"background-color":"var(--ast-global-color-5)","background-image":"","background-repeat":"repeat","background-position":"center center","background-size":"auto","background-attachment":"scroll","background-type":"","background-media":"","overlay-type":"","overlay-color":"","overlay-opacity":"","overlay-gradient":""},"mobile":{"background-color":"var(--ast-global-color-5)","background-image":"","background-repeat":"repeat","background-position":"center center","background-size":"auto","background-attachment":"scroll","background-type":"","background-media":"","overlay-type":"","overlay-color":"","overlay-opacity":"","overlay-gradient":""}},"footnotes":""},"categories":[1,29],"tags":[],"class_list":["post-1366","post","type-post","status-publish","format-standard","has-post-thumbnail","hentry","category-general","category-portada"],"post_mailing_queue_ids":[],"_links":{"self":[{"href":"https:\/\/agora.xtec.cat\/eca-pirineu\/wp-json\/wp\/v2\/posts\/1366","targetHints":{"allow":["GET"]}}],"collection":[{"href":"https:\/\/agora.xtec.cat\/eca-pirineu\/wp-json\/wp\/v2\/posts"}],"about":[{"href":"https:\/\/agora.xtec.cat\/eca-pirineu\/wp-json\/wp\/v2\/types\/post"}],"author":[{"embeddable":true,"href":"https:\/\/agora.xtec.cat\/eca-pirineu\/wp-json\/wp\/v2\/users\/7"}],"replies":[{"embeddable":true,"href":"https:\/\/agora.xtec.cat\/eca-pirineu\/wp-json\/wp\/v2\/comments?post=1366"}],"version-history":[{"count":1,"href":"https:\/\/agora.xtec.cat\/eca-pirineu\/wp-json\/wp\/v2\/posts\/1366\/revisions"}],"predecessor-version":[{"id":1368,"href":"https:\/\/agora.xtec.cat\/eca-pirineu\/wp-json\/wp\/v2\/posts\/1366\/revisions\/1368"}],"wp:featuredmedia":[{"embeddable":true,"href":"https:\/\/agora.xtec.cat\/eca-pirineu\/wp-json\/wp\/v2\/media\/1367"}],"wp:attachment":[{"href":"https:\/\/agora.xtec.cat\/eca-pirineu\/wp-json\/wp\/v2\/media?parent=1366"}],"wp:term":[{"taxonomy":"category","embeddable":true,"href":"https:\/\/agora.xtec.cat\/eca-pirineu\/wp-json\/wp\/v2\/categories?post=1366"},{"taxonomy":"post_tag","embeddable":true,"href":"https:\/\/agora.xtec.cat\/eca-pirineu\/wp-json\/wp\/v2\/tags?post=1366"}],"curies":[{"name":"wp","href":"https:\/\/api.w.org\/{rel}","templated":true}]}}