{"id":1097,"date":"2024-05-29T13:40:54","date_gmt":"2024-05-29T11:40:54","guid":{"rendered":"https:\/\/agora.xtec.cat\/eca-pirineu\/?p=1097"},"modified":"2024-05-29T13:53:31","modified_gmt":"2024-05-29T11:53:31","slug":"obertes-les-preinscripcions-als-cicles-de-formacio-professional-per-al-curs-2024-2025","status":"publish","type":"post","link":"https:\/\/agora.xtec.cat\/eca-pirineu\/general\/obertes-les-preinscripcions-als-cicles-de-formacio-professional-per-al-curs-2024-2025\/","title":{"rendered":"Obertes les preinscripcions als cicles de formaci\u00f3 professional per al curs 2024 \u2013 2025 de l&#8217;Escola Agr\u00e0ria del Pirineu"},"content":{"rendered":"\n<p>Obert el nou per\u00edode de preinscripcions per al curs 2024 \u2013 2025 als estudis de formaci\u00f3 professional inicial que ofereix: el <a href=\"https:\/\/agora.xtec.cat\/eca-pirineu\/cicle-formatiu-grau-mitja-activitats-equestres\/\">Cicle Formatiu de Grau Mitj\u00e0 d&#8217;Activitats Eq\u00fcestres<\/a> i el <a href=\"https:\/\/agora.xtec.cat\/eca-pirineu\/cicle-formatiu-grau-mitja-aprofitament-conservacio-medi-natural\/\">Cicle Formatiu de Grau Mitj\u00e0 d&#8217;Aprofitament i Conservaci\u00f3 del Medi Natural<\/a>. Els estudiants que vulguin cursar algun d&#8217;aquests cicles podran realitzar la preinscripci\u00f3 del 24 al 30 de maig de 2024.<\/p>\n\n\n\n<p>L\u2019<strong>Escola Agr\u00e0ria del Pirineu<\/strong> est\u00e0 especialitzada en formaci\u00f3 professional del <strong>sector agroforestal, eq\u00fcestre i formatger<\/strong>, tres \u00e0mbits vitals i professionalment actius. Els seus cicles formatius es caracteritzen per oferir una<strong> formaci\u00f3 professional<\/strong> adaptada a les necessitats actuals del sector, oferint classes personalitzades i pr\u00e0ctiques. Aix\u00f2 s&#8217;aconsegueix mitjan\u00e7ant grups redu\u00efts, un personal docent altament qualificat, les col\u00b7laboracions amb professionals i empreses del sector i les visites t\u00e8cniques. <\/p>\n\n\n\n<p>Tot el <a href=\"https:\/\/preinscripcio.gencat.cat\/ca\/estudis\/fp-grau-mitja\/preinscriute\/sollicitud\/\">proc\u00e9s de sol\u00b7licitud de preinscripci\u00f3 als cicles formatius es fa en l\u00ednia<\/a>, i s\u2019ha de realitzar en format electr\u00f2nic o en suport inform\u00e0tic, tal com es detalla a la p\u00e0gina web <a href=\"https:\/\/preinscripcio.gencat.cat\/ca\/inici\/\">Preinscripci\u00f3<\/a> del <a href=\"https:\/\/educacio.gencat.cat\/ca\/inici\/\">Departament d&#8217;Educaci\u00f3<\/a>. L\u2019Escola Agr\u00e0ria del Pirineu assessorar\u00e0 i donar\u00e0 suport a les fam\u00edlies i l\u2019alumnat si tenen dificultats per fer la preinscripci\u00f3. A m\u00e9s a m\u00e9s, el centre tamb\u00e9 ofereix visites concertades per poder con\u00e8ixer els estudis i les instal\u00b7lacions de l\u2019escola. Es pot contactar amb el centre per consultar l\u2019horari d\u2019atenci\u00f3 i fer la reserva de la visita, o b\u00e9 per resoldre dubtes sobre els cicles de formaci\u00f3 professional que ofereixen (<a href=\"mailto:aecapir.daam@gencat.cat\">aecapir.daam@gencat.cat<\/a>). <\/p>\n\n\n\n<p><\/p>\n\n\n\n<div class=\"wp-block-getwid-images-stack\"><div class=\"wp-block-getwid-images-stack__wrapper\"><div class=\"wp-block-getwid-images-stack__chunk\"><div class=\"wp-block-getwid-images-stack__media-wrapper\"><div class=\"wp-block-getwid-images-stack__media-inner-wrapper\"><img decoding=\"async\" class=\"wp-block-getwid-images-stack__media\" src=\"blob:https:\/\/agora.xtec.cat\/1aad2ebe-57b4-48a2-97c8-48fb2d0bdeb7\"\/><\/div><\/div><div class=\"wp-block-getwid-images-stack__media-wrapper\"><div class=\"wp-block-getwid-images-stack__media-inner-wrapper\"><img decoding=\"async\" class=\"wp-block-getwid-images-stack__media\" src=\"blob:https:\/\/agora.xtec.cat\/b35f3fec-cb90-4103-b5d2-b0205f0376fc\"\/><\/div><\/div><div class=\"wp-block-getwid-images-stack__media-wrapper\"><div class=\"wp-block-getwid-images-stack__media-inner-wrapper\"><img decoding=\"async\" class=\"wp-block-getwid-images-stack__media\" src=\"blob:https:\/\/agora.xtec.cat\/332fcb4f-ed7a-49a1-b3e7-526c94e5e451\"\/><\/div><\/div><\/div><div class=\"wp-block-getwid-images-stack__chunk\"><div class=\"wp-block-getwid-images-stack__media-wrapper\"><div class=\"wp-block-getwid-images-stack__media-inner-wrapper\"><img decoding=\"async\" class=\"wp-block-getwid-images-stack__media\" src=\"blob:https:\/\/agora.xtec.cat\/62b86876-3bd0-42bc-a5da-11212c2dc85d\"\/><\/div><\/div><\/div><\/div><\/div>\n","protected":false},"excerpt":{"rendered":"<p>Obert el nou per\u00edode de preinscripcions per al curs 2024 \u2013 2025 als estudis de formaci\u00f3 professional inicial que ofereix: el Cicle Formatiu de Grau Mitj\u00e0 d&#8217;Activitats Eq\u00fcestres i<\/p>\n","protected":false},"author":7,"featured_media":1098,"comment_status":"open","ping_status":"open","sticky":false,"template":"","format":"standard","meta":{"_bbp_topic_count":0,"_bbp_reply_count":0,"_bbp_total_topic_count":0,"_bbp_total_reply_count":0,"_bbp_voice_count":0,"_bbp_anonymous_reply_count":0,"_bbp_topic_count_hidden":0,"_bbp_reply_count_hidden":0,"_bbp_forum_subforum_count":0,"site-sidebar-layout":"default","site-content-layout":"","ast-site-content-layout":"","site-content-style":"default","site-sidebar-style":"default","ast-global-header-display":"","ast-banner-title-visibility":"","ast-main-header-display":"","ast-hfb-above-header-display":"","ast-hfb-below-header-display":"","ast-hfb-mobile-header-display":"","site-post-title":"","ast-breadcrumbs-content":"","ast-featured-img":"","footer-sml-layout":"","theme-transparent-header-meta":"","adv-header-id-meta":"","stick-header-meta":"","header-above-stick-meta":"","header-main-stick-meta":"","header-below-stick-meta":"","astra-migrate-meta-layouts":"default","ast-page-background-enabled":"default","ast-page-background-meta":{"desktop":{"background-color":"var(--ast-global-color-4)","background-image":"","background-repeat":"repeat","background-position":"center center","background-size":"auto","background-attachment":"scroll","background-type":"","background-media":"","overlay-type":"","overlay-color":"","overlay-opacity":"","overlay-gradient":""},"tablet":{"background-color":"","background-image":"","background-repeat":"repeat","background-position":"center center","background-size":"auto","background-attachment":"scroll","background-type":"","background-media":"","overlay-type":"","overlay-color":"","overlay-opacity":"","overlay-gradient":""},"mobile":{"background-color":"","background-image":"","background-repeat":"repeat","background-position":"center center","background-size":"auto","background-attachment":"scroll","background-type":"","background-media":"","overlay-type":"","overlay-color":"","overlay-opacity":"","overlay-gradient":""}},"ast-content-background-meta":{"desktop":{"background-color":"var(--ast-global-color-5)","background-image":"","background-repeat":"repeat","background-position":"center center","background-size":"auto","background-attachment":"scroll","background-type":"","background-media":"","overlay-type":"","overlay-color":"","overlay-opacity":"","overlay-gradient":""},"tablet":{"background-color":"var(--ast-global-color-5)","background-image":"","background-repeat":"repeat","background-position":"center center","background-size":"auto","background-attachment":"scroll","background-type":"","background-media":"","overlay-type":"","overlay-color":"","overlay-opacity":"","overlay-gradient":""},"mobile":{"background-color":"var(--ast-global-color-5)","background-image":"","background-repeat":"repeat","background-position":"center center","background-size":"auto","background-attachment":"scroll","background-type":"","background-media":"","overlay-type":"","overlay-color":"","overlay-opacity":"","overlay-gradient":""}},"footnotes":""},"categories":[1,29],"tags":[],"class_list":["post-1097","post","type-post","status-publish","format-standard","has-post-thumbnail","hentry","category-general","category-portada"],"post_mailing_queue_ids":[],"_links":{"self":[{"href":"https:\/\/agora.xtec.cat\/eca-pirineu\/wp-json\/wp\/v2\/posts\/1097","targetHints":{"allow":["GET"]}}],"collection":[{"href":"https:\/\/agora.xtec.cat\/eca-pirineu\/wp-json\/wp\/v2\/posts"}],"about":[{"href":"https:\/\/agora.xtec.cat\/eca-pirineu\/wp-json\/wp\/v2\/types\/post"}],"author":[{"embeddable":true,"href":"https:\/\/agora.xtec.cat\/eca-pirineu\/wp-json\/wp\/v2\/users\/7"}],"replies":[{"embeddable":true,"href":"https:\/\/agora.xtec.cat\/eca-pirineu\/wp-json\/wp\/v2\/comments?post=1097"}],"version-history":[{"count":4,"href":"https:\/\/agora.xtec.cat\/eca-pirineu\/wp-json\/wp\/v2\/posts\/1097\/revisions"}],"predecessor-version":[{"id":1109,"href":"https:\/\/agora.xtec.cat\/eca-pirineu\/wp-json\/wp\/v2\/posts\/1097\/revisions\/1109"}],"wp:featuredmedia":[{"embeddable":true,"href":"https:\/\/agora.xtec.cat\/eca-pirineu\/wp-json\/wp\/v2\/media\/1098"}],"wp:attachment":[{"href":"https:\/\/agora.xtec.cat\/eca-pirineu\/wp-json\/wp\/v2\/media?parent=1097"}],"wp:term":[{"taxonomy":"category","embeddable":true,"href":"https:\/\/agora.xtec.cat\/eca-pirineu\/wp-json\/wp\/v2\/categories?post=1097"},{"taxonomy":"post_tag","embeddable":true,"href":"https:\/\/agora.xtec.cat\/eca-pirineu\/wp-json\/wp\/v2\/tags?post=1097"}],"curies":[{"name":"wp","href":"https:\/\/api.w.org\/{rel}","templated":true}]}}