{"id":3073,"date":"2026-06-23T11:35:17","date_gmt":"2026-06-23T09:35:17","guid":{"rendered":"https:\/\/agora.xtec.cat\/eca-masbove\/?p=3073"},"modified":"2026-06-23T11:35:18","modified_gmt":"2026-06-23T09:35:18","slug":"curs-produccio-sostenible-en-cultius-dhorta","status":"publish","type":"post","link":"https:\/\/agora.xtec.cat\/eca-masbove\/general\/curs-produccio-sostenible-en-cultius-dhorta\/","title":{"rendered":"Curs &#8220;Producci\u00f3 sostenible en cultius d\u2019horta&#8221;"},"content":{"rendered":"\n<div class=\"wp-block-columns is-layout-flex wp-container-core-columns-is-layout-1 wp-block-columns-is-layout-flex\">\n<div class=\"wp-block-column is-layout-flow wp-block-column-is-layout-flow\" style=\"flex-basis:33.33%\">\n<p>Vols aprendre a produir aliments de qualitat respectant el medi ambient? Aquest curs \u00e9s per a tu!<\/p>\n\n\n\n<p>Des de l\u2019<strong>Escola Agr\u00e0ria de Mas Bov\u00e9<\/strong> t\u2019oferim una formaci\u00f3 pensada per adquirir els coneixements essencials en <strong>horticultura sostenible<\/strong>, integrant els principis de l\u2019agricultura ecol\u00f2gica i regenerativa amb eines pr\u00e0ctiques per a la gesti\u00f3 eficient dels cultius.<\/p>\n\n\n\n<p>L\u2019horticultura sostenible \u00e9s clau per a:<\/p>\n\n\n\n<ul class=\"wp-block-list\">\n<li>Produir aliments sans i de qualitat \ud83c\udf3f<\/li>\n\n\n\n<li>Conservar la fertilitat del s\u00f2l<\/li>\n\n\n\n<li>Fomentar la biodiversitat<\/li>\n\n\n\n<li>Reduir l\u2019impacte ambiental dels sistemes agraris<\/li>\n<\/ul>\n<\/div>\n\n\n\n<div class=\"wp-block-column is-layout-flow wp-block-column-is-layout-flow\" style=\"flex-basis:66.66%\">\n<figure class=\"wp-block-image size-large\"><a href=\"https:\/\/agora.xtec.cat\/eca-masbove\/wp-content\/uploads\/usu2295\/2026\/06\/FC-2026-Publicacio-dInstagram-45.png\"><img loading=\"lazy\" decoding=\"async\" width=\"819\" height=\"1024\" src=\"https:\/\/agora.xtec.cat\/eca-masbove\/wp-content\/uploads\/usu2295\/2026\/06\/FC-2026-Publicacio-dInstagram-45-819x1024.png\" alt=\"\" class=\"wp-image-3074\" srcset=\"https:\/\/agora.xtec.cat\/eca-masbove\/wp-content\/uploads\/usu2295\/2026\/06\/FC-2026-Publicacio-dInstagram-45-819x1024.png 819w, https:\/\/agora.xtec.cat\/eca-masbove\/wp-content\/uploads\/usu2295\/2026\/06\/FC-2026-Publicacio-dInstagram-45-240x300.png 240w, https:\/\/agora.xtec.cat\/eca-masbove\/wp-content\/uploads\/usu2295\/2026\/06\/FC-2026-Publicacio-dInstagram-45-768x960.png 768w, https:\/\/agora.xtec.cat\/eca-masbove\/wp-content\/uploads\/usu2295\/2026\/06\/FC-2026-Publicacio-dInstagram-45.png 1080w\" sizes=\"auto, (max-width: 819px) 100vw, 819px\" \/><\/a><\/figure>\n<\/div>\n<\/div>\n\n\n\n<h3 class=\"wp-block-heading\">\ud83d\udc69\u200d\ud83c\udf3e Formaci\u00f3 pr\u00e0ctica i aplicada<\/h3>\n\n\n\n<p>A trav\u00e9s d\u2019una metodologia molt aplicada, treballarem tant els conceptes te\u00f2rics com la seva posada en pr\u00e0ctica, posant especial \u00e8mfasi en la presa de decisions al camp.<\/p>\n\n\n\n<p>A m\u00e9s, complementarem la formaci\u00f3 amb una <strong>visita a la finca La Barraqueta Agroecol\u00f2gica<\/strong>, on podr\u00e0s con\u00e8ixer experi\u00e8ncies reals de producci\u00f3 ecol\u00f2gica.<\/p>\n\n\n\n<p>L\u2019objectiu \u00e9s que, en acabar el curs, siguis capa\u00e7 de <strong>dissenyar, gestionar i optimitzar un hort sostenible<\/strong> amb una visi\u00f3 global del sistema productiu.<\/p>\n\n\n\n<h3 class=\"wp-block-heading\">\ud83d\udc68\u200d\ud83c\udfeb Professorat<\/h3>\n\n\n\n<p>El curs ser\u00e0 impartit per <strong>Mikel Rubiralta Uzkiano<\/strong>, enginyer t\u00e8cnic agr\u00edcola especialitzat en horticultura sostenible, amb m\u00e9s de 20 anys d\u2019experi\u00e8ncia al sector i responsable del projecte <strong>La Barraqueta Agroecol\u00f2gica<\/strong><\/p>\n\n\n\n<h2 class=\"wp-block-heading\">\ud83c\udfaf T\u2019hi animes?<\/h2>\n\n\n\n<p><strong>M\u00e9s informaci\u00f3:\u00a0<a href=\"https:\/\/agora.xtec.cat\/eca-masbove\/wp-content\/uploads\/usu2295\/2026\/06\/260618_FC_produccio-sostenible-horta.pdf\">Programa i informaci\u00f3 del curs<\/a><\/strong><\/p>\n\n\n\n<p><strong>Enlla\u00e7 inscripcions:\u00a0<a href=\"https:\/\/forms.cloud.microsoft\/pages\/responsepage.aspx?id=3CeUOw7TvEOMBv9yU2dv7CS80_6zIZBBnop6cqO5z45URVdXQkVYM0VIM0VUTTJHN1JES1k1QzZaRC4u&amp;origin=lprLink&amp;route=shorturl\" target=\"_blank\" rel=\"noreferrer noopener\">Inscripcions<\/a><\/strong><\/p>\n\n\n\n<p><\/p>\n","protected":false},"excerpt":{"rendered":"<p>Vols aprendre a produir aliments de qualitat respectant el medi ambient? Aquest curs \u00e9s per a tu! Des de l\u2019Escola Agr\u00e0ria de Mas Bov\u00e9 t\u2019oferim una formaci\u00f3 pensada per adquirir els coneixements essencials en horticultura sostenible, integrant els principis de l\u2019agricultura ecol\u00f2gica i regenerativa amb eines pr\u00e0ctiques per a la gesti\u00f3 eficient dels cultius. L\u2019horticultura [&hellip;]<\/p>\n","protected":false},"author":1,"featured_media":3080,"comment_status":"open","ping_status":"open","sticky":false,"template":"","format":"standard","meta":{"site-sidebar-layout":"default","site-content-layout":"","ast-site-content-layout":"default","site-content-style":"default","site-sidebar-style":"default","ast-global-header-display":"","ast-banner-title-visibility":"","ast-main-header-display":"","ast-hfb-above-header-display":"","ast-hfb-below-header-display":"","ast-hfb-mobile-header-display":"","site-post-title":"","ast-breadcrumbs-content":"","ast-featured-img":"","footer-sml-layout":"","theme-transparent-header-meta":"","adv-header-id-meta":"","stick-header-meta":"","header-above-stick-meta":"","header-main-stick-meta":"","header-below-stick-meta":"","astra-migrate-meta-layouts":"set","ast-page-background-enabled":"default","ast-page-background-meta":{"desktop":{"background-color":"var(--ast-global-color-4)","background-image":"","background-repeat":"repeat","background-position":"center center","background-size":"auto","background-attachment":"scroll","background-type":"","background-media":"","overlay-type":"","overlay-color":"","overlay-opacity":"","overlay-gradient":""},"tablet":{"background-color":"","background-image":"","background-repeat":"repeat","background-position":"center center","background-size":"auto","background-attachment":"scroll","background-type":"","background-media":"","overlay-type":"","overlay-color":"","overlay-opacity":"","overlay-gradient":""},"mobile":{"background-color":"","background-image":"","background-repeat":"repeat","background-position":"center center","background-size":"auto","background-attachment":"scroll","background-type":"","background-media":"","overlay-type":"","overlay-color":"","overlay-opacity":"","overlay-gradient":""}},"ast-content-background-meta":{"desktop":{"background-color":"var(--ast-global-color-5)","background-image":"","background-repeat":"repeat","background-position":"center center","background-size":"auto","background-attachment":"scroll","background-type":"","background-media":"","overlay-type":"","overlay-color":"","overlay-opacity":"","overlay-gradient":""},"tablet":{"background-color":"var(--ast-global-color-5)","background-image":"","background-repeat":"repeat","background-position":"center center","background-size":"auto","background-attachment":"scroll","background-type":"","background-media":"","overlay-type":"","overlay-color":"","overlay-opacity":"","overlay-gradient":""},"mobile":{"background-color":"var(--ast-global-color-5)","background-image":"","background-repeat":"repeat","background-position":"center center","background-size":"auto","background-attachment":"scroll","background-type":"","background-media":"","overlay-type":"","overlay-color":"","overlay-opacity":"","overlay-gradient":""}},"footnotes":""},"categories":[115,117,1,419,29],"tags":[213,205,202,201,200,112,263,265,264,476,196],"class_list":["post-3073","post","type-post","status-publish","format-standard","has-post-thumbnail","hentry","category-fc","category-fcpatt","category-general","category-noticies-fc","category-portada","tag-ea-mas-bove","tag-escola-agraria","tag-escola-agraria-de-mas-bove","tag-escoles-agraries","tag-formacio","tag-formacio-continua","tag-hort","tag-hort-familiar-ecologic","tag-horta","tag-horta-sostenible","tag-mas-bove"],"post_mailing_queue_ids":[],"_links":{"self":[{"href":"https:\/\/agora.xtec.cat\/eca-masbove\/wp-json\/wp\/v2\/posts\/3073","targetHints":{"allow":["GET"]}}],"collection":[{"href":"https:\/\/agora.xtec.cat\/eca-masbove\/wp-json\/wp\/v2\/posts"}],"about":[{"href":"https:\/\/agora.xtec.cat\/eca-masbove\/wp-json\/wp\/v2\/types\/post"}],"author":[{"embeddable":true,"href":"https:\/\/agora.xtec.cat\/eca-masbove\/wp-json\/wp\/v2\/users\/1"}],"replies":[{"embeddable":true,"href":"https:\/\/agora.xtec.cat\/eca-masbove\/wp-json\/wp\/v2\/comments?post=3073"}],"version-history":[{"count":3,"href":"https:\/\/agora.xtec.cat\/eca-masbove\/wp-json\/wp\/v2\/posts\/3073\/revisions"}],"predecessor-version":[{"id":3079,"href":"https:\/\/agora.xtec.cat\/eca-masbove\/wp-json\/wp\/v2\/posts\/3073\/revisions\/3079"}],"wp:featuredmedia":[{"embeddable":true,"href":"https:\/\/agora.xtec.cat\/eca-masbove\/wp-json\/wp\/v2\/media\/3080"}],"wp:attachment":[{"href":"https:\/\/agora.xtec.cat\/eca-masbove\/wp-json\/wp\/v2\/media?parent=3073"}],"wp:term":[{"taxonomy":"category","embeddable":true,"href":"https:\/\/agora.xtec.cat\/eca-masbove\/wp-json\/wp\/v2\/categories?post=3073"},{"taxonomy":"post_tag","embeddable":true,"href":"https:\/\/agora.xtec.cat\/eca-masbove\/wp-json\/wp\/v2\/tags?post=3073"}],"curies":[{"name":"wp","href":"https:\/\/api.w.org\/{rel}","templated":true}]}}