{"id":2350,"date":"2025-08-13T14:55:18","date_gmt":"2025-08-13T12:55:18","guid":{"rendered":"https:\/\/agora.xtec.cat\/eca-gandesa\/?p=2350"},"modified":"2025-08-13T15:01:01","modified_gmt":"2025-08-13T13:01:01","slug":"experiencia-erasmus-al-piemont-formacio-i-intercanvi-al-cor-ditalia","status":"publish","type":"post","link":"https:\/\/agora.xtec.cat\/eca-gandesa\/general\/experiencia-erasmus-al-piemont-formacio-i-intercanvi-al-cor-ditalia\/","title":{"rendered":"Experi\u00e8ncia Erasmus+ al Piemont: formaci\u00f3 i intercanvi al cor d\u2019It\u00e0lia"},"content":{"rendered":"<p><strong>A l\u2019Escola Agr\u00e0ria de Gandesa<\/strong> impulsem que el nostre alumnat realitzi pr\u00e0ctiques formatives no laborals en empreses arreu d\u2019Europa, en el marc del <a href=\"https:\/\/erasmus-plus.ec.europa.eu\/es\"><strong>programa Erasmus+<\/strong>,<\/a> amb l\u2019objectiu d\u2019afavorir <strong>l\u2019intercanvi de coneixements i metodologies de treball<\/strong>, alhora que es generen experi\u00e8ncies reals en empreses del <strong>sector agroalimentari internacional<\/strong>. Aquesta aposta per la <a href=\"https:\/\/agora.xtec.cat\/eca-gandesa\/mobilitat-i-internacionalitzacio\/\"><strong>mobilitat internacional<\/strong><\/a> garanteix als estudiants una oportunitat de cr\u00e9ixer tant en l\u2019\u00e0mbit personal com professional i enforteix les relacions amb organitzacions d\u2019altres pa\u00efsos, millorant la qualitat dels estudis i ampliant la xarxa de col\u00b7laboradors per a futurs projectes.<\/p>\n<p>Un exemple recent d\u2019aquesta vocaci\u00f3 internacional \u00e9s l\u2019estada formativa que, del <strong>12 al 18 de maig de 2025<\/strong>, quatre alumnes de <strong>1r de <\/strong><a href=\"https:\/\/agora.xtec.cat\/eca-gandesa\/cfgm-en-olis-doliva-i-vins\/\"><strong>Cicle Formatiu del Grau Mitj\u00e0 en Olis d\u2019Oliva i Vins<\/strong><\/a><strong> del curs 2025-2026<\/strong> \u2014 en Mart\u00ed, Marc, \u00c0ngel i Ferran\u2014, acompanyats per les professores del nostre centre Patricia i Eul\u00e0lia, van dur a terme a la <strong>Regi\u00f3 del Piemont (It\u00e0lia)<\/strong>. L\u2019activitat es va desenvolupar a l<a href=\"https:\/\/www.iisumbertoprimo.it\/istituto-superiore-umberto-i\/\">\u2019<strong>Istituto di Istruzione Superiore di Stato \u201cUmberto I\u201d<\/strong>,<\/a> centre de refer\u00e8ncia en formaci\u00f3 agr\u00e0ria i enol\u00f2gica amb diverses seus especialitzades.<\/p>\n<p>&nbsp;<\/p>\n<p><a href=\"https:\/\/agora.xtec.cat\/eca-gandesa\/wp-content\/uploads\/usu1993\/2025\/08\/WhatsApp-Image-2025-05-15-at-18.44.27-2.jpeg\"><img loading=\"lazy\" decoding=\"async\" class=\"aligncenter wp-image-2353\" src=\"https:\/\/agora.xtec.cat\/eca-gandesa\/wp-content\/uploads\/usu1993\/2025\/08\/WhatsApp-Image-2025-05-15-at-18.44.27-2-1024x768.jpeg\" alt=\"\" width=\"500\" height=\"375\" srcset=\"https:\/\/agora.xtec.cat\/eca-gandesa\/wp-content\/uploads\/usu1993\/2025\/08\/WhatsApp-Image-2025-05-15-at-18.44.27-2-1024x768.jpeg 1024w, https:\/\/agora.xtec.cat\/eca-gandesa\/wp-content\/uploads\/usu1993\/2025\/08\/WhatsApp-Image-2025-05-15-at-18.44.27-2-300x225.jpeg 300w, https:\/\/agora.xtec.cat\/eca-gandesa\/wp-content\/uploads\/usu1993\/2025\/08\/WhatsApp-Image-2025-05-15-at-18.44.27-2-768x576.jpeg 768w, https:\/\/agora.xtec.cat\/eca-gandesa\/wp-content\/uploads\/usu1993\/2025\/08\/WhatsApp-Image-2025-05-15-at-18.44.27-2-1536x1152.jpeg 1536w, https:\/\/agora.xtec.cat\/eca-gandesa\/wp-content\/uploads\/usu1993\/2025\/08\/WhatsApp-Image-2025-05-15-at-18.44.27-2-200x150.jpeg 200w, https:\/\/agora.xtec.cat\/eca-gandesa\/wp-content\/uploads\/usu1993\/2025\/08\/WhatsApp-Image-2025-05-15-at-18.44.27-2.jpeg 2000w\" sizes=\"auto, (max-width: 500px) 100vw, 500px\" \/><\/a><\/p>\n<p>Al llarg de la setmana, el nostre alumnat va tenir l\u2019oportunitat de con\u00e8ixer de primera m\u00e0 les instal\u00b7lacions i projectes vinculats a la viticultura, l\u2019elaboraci\u00f3 de vi, la producci\u00f3 de cervesa artesanal, la transformaci\u00f3 de productes agroalimentaris i la innovaci\u00f3 en el sector primari. Entre les activitats m\u00e9s destacades hi va haver la visita a la <a href=\"https:\/\/www.iisumbertoprimo.it\/le-sedi\/scuola-enologia-di-alba\/\"><strong>Scuola Enologica di Alba<\/strong><\/a>, amb tast conjunt de vins elaborats per estudiants italians i catalans; la descoberta dels camps experimentals de cereals, fruiters i kiwi de la <a href=\"https:\/\/www.iisumbertoprimo.it\/le-sedi\/sezione-associata-di-fossano\/\">seu de Fossano<\/a>; la participaci\u00f3 en pr\u00e0ctiques de poda en verd i en tallers de qu\u00edmica, l\u2019elaboraci\u00f3 de sabons i processament d\u2019avellanes; aix\u00ed com la visita al <a href=\"https:\/\/www.agrion.it\/presentazione\/\">centre d\u2019innovaci\u00f3 agr\u00edcola <strong>Agrion<\/strong><\/a> i a <a href=\"https:\/\/www.rivoira.it\/es\/el-grupo-rivoira\/\">l\u2019empresa fruct\u00edcola <strong>Rivoira<\/strong><\/a>, l\u00edder en processament i comercialitzaci\u00f3 de pomes i kiwis. Tamb\u00e9 van visitar cellers hist\u00f2rics com <strong>Borgogno<\/strong> a Barolo, i espais emblem\u00e0tics com el <a href=\"https:\/\/www.iisumbertoprimo.it\/le-sedi\/sezione-associata-di-grinzane-cavour\/\"><strong>Castell de Grinzane Cavour<\/strong><\/a>, a m\u00e9s de gaudir de l\u2019intercanvi cultural amb l\u2019alumnat itali\u00e0.<\/p>\n<div id='gallery-1' class='gallery galleryid-2350 gallery-columns-4 gallery-size-large'><figure class='gallery-item'>\n\t\t\t<div class='gallery-icon landscape'>\n\t\t\t\t<a href='https:\/\/agora.xtec.cat\/eca-gandesa\/general\/experiencia-erasmus-al-piemont-formacio-i-intercanvi-al-cor-ditalia\/attachment\/whatsapp-image-2025-05-14-at-18-12-57-1\/'><img loading=\"lazy\" decoding=\"async\" width=\"1024\" height=\"768\" src=\"https:\/\/agora.xtec.cat\/eca-gandesa\/wp-content\/uploads\/usu1993\/2025\/08\/WhatsApp-Image-2025-05-14-at-18.12.57-1-1024x768.jpeg\" class=\"attachment-large size-large\" alt=\"\" srcset=\"https:\/\/agora.xtec.cat\/eca-gandesa\/wp-content\/uploads\/usu1993\/2025\/08\/WhatsApp-Image-2025-05-14-at-18.12.57-1-1024x768.jpeg 1024w, https:\/\/agora.xtec.cat\/eca-gandesa\/wp-content\/uploads\/usu1993\/2025\/08\/WhatsApp-Image-2025-05-14-at-18.12.57-1-300x225.jpeg 300w, https:\/\/agora.xtec.cat\/eca-gandesa\/wp-content\/uploads\/usu1993\/2025\/08\/WhatsApp-Image-2025-05-14-at-18.12.57-1-768x576.jpeg 768w, https:\/\/agora.xtec.cat\/eca-gandesa\/wp-content\/uploads\/usu1993\/2025\/08\/WhatsApp-Image-2025-05-14-at-18.12.57-1-1536x1152.jpeg 1536w, https:\/\/agora.xtec.cat\/eca-gandesa\/wp-content\/uploads\/usu1993\/2025\/08\/WhatsApp-Image-2025-05-14-at-18.12.57-1-200x150.jpeg 200w, https:\/\/agora.xtec.cat\/eca-gandesa\/wp-content\/uploads\/usu1993\/2025\/08\/WhatsApp-Image-2025-05-14-at-18.12.57-1.jpeg 1600w\" sizes=\"auto, (max-width: 1024px) 100vw, 1024px\" \/><\/a>\n\t\t\t<\/div><\/figure><figure class='gallery-item'>\n\t\t\t<div class='gallery-icon landscape'>\n\t\t\t\t<a href='https:\/\/agora.xtec.cat\/eca-gandesa\/general\/experiencia-erasmus-al-piemont-formacio-i-intercanvi-al-cor-ditalia\/attachment\/whatsapp-image-2025-07-22-at-11-52-49\/'><img loading=\"lazy\" decoding=\"async\" width=\"1024\" height=\"768\" src=\"https:\/\/agora.xtec.cat\/eca-gandesa\/wp-content\/uploads\/usu1993\/2025\/08\/WhatsApp-Image-2025-07-22-at-11.52.49-1024x768.jpeg\" class=\"attachment-large size-large\" alt=\"\" srcset=\"https:\/\/agora.xtec.cat\/eca-gandesa\/wp-content\/uploads\/usu1993\/2025\/08\/WhatsApp-Image-2025-07-22-at-11.52.49-1024x768.jpeg 1024w, https:\/\/agora.xtec.cat\/eca-gandesa\/wp-content\/uploads\/usu1993\/2025\/08\/WhatsApp-Image-2025-07-22-at-11.52.49-300x225.jpeg 300w, https:\/\/agora.xtec.cat\/eca-gandesa\/wp-content\/uploads\/usu1993\/2025\/08\/WhatsApp-Image-2025-07-22-at-11.52.49-768x576.jpeg 768w, https:\/\/agora.xtec.cat\/eca-gandesa\/wp-content\/uploads\/usu1993\/2025\/08\/WhatsApp-Image-2025-07-22-at-11.52.49-1536x1152.jpeg 1536w, https:\/\/agora.xtec.cat\/eca-gandesa\/wp-content\/uploads\/usu1993\/2025\/08\/WhatsApp-Image-2025-07-22-at-11.52.49-200x150.jpeg 200w, https:\/\/agora.xtec.cat\/eca-gandesa\/wp-content\/uploads\/usu1993\/2025\/08\/WhatsApp-Image-2025-07-22-at-11.52.49.jpeg 1600w\" sizes=\"auto, (max-width: 1024px) 100vw, 1024px\" \/><\/a>\n\t\t\t<\/div><\/figure><figure class='gallery-item'>\n\t\t\t<div class='gallery-icon landscape'>\n\t\t\t\t<a href='https:\/\/agora.xtec.cat\/eca-gandesa\/general\/experiencia-erasmus-al-piemont-formacio-i-intercanvi-al-cor-ditalia\/attachment\/whatsapp-image-2025-07-22-at-11-52-50-1\/'><img loading=\"lazy\" decoding=\"async\" width=\"1024\" height=\"768\" src=\"https:\/\/agora.xtec.cat\/eca-gandesa\/wp-content\/uploads\/usu1993\/2025\/08\/WhatsApp-Image-2025-07-22-at-11.52.50-1-1024x768.jpeg\" class=\"attachment-large size-large\" alt=\"\" srcset=\"https:\/\/agora.xtec.cat\/eca-gandesa\/wp-content\/uploads\/usu1993\/2025\/08\/WhatsApp-Image-2025-07-22-at-11.52.50-1-1024x768.jpeg 1024w, https:\/\/agora.xtec.cat\/eca-gandesa\/wp-content\/uploads\/usu1993\/2025\/08\/WhatsApp-Image-2025-07-22-at-11.52.50-1-300x225.jpeg 300w, https:\/\/agora.xtec.cat\/eca-gandesa\/wp-content\/uploads\/usu1993\/2025\/08\/WhatsApp-Image-2025-07-22-at-11.52.50-1-768x576.jpeg 768w, https:\/\/agora.xtec.cat\/eca-gandesa\/wp-content\/uploads\/usu1993\/2025\/08\/WhatsApp-Image-2025-07-22-at-11.52.50-1-1536x1152.jpeg 1536w, https:\/\/agora.xtec.cat\/eca-gandesa\/wp-content\/uploads\/usu1993\/2025\/08\/WhatsApp-Image-2025-07-22-at-11.52.50-1-200x150.jpeg 200w, https:\/\/agora.xtec.cat\/eca-gandesa\/wp-content\/uploads\/usu1993\/2025\/08\/WhatsApp-Image-2025-07-22-at-11.52.50-1.jpeg 1600w\" sizes=\"auto, (max-width: 1024px) 100vw, 1024px\" \/><\/a>\n\t\t\t<\/div><\/figure><figure class='gallery-item'>\n\t\t\t<div class='gallery-icon landscape'>\n\t\t\t\t<a href='https:\/\/agora.xtec.cat\/eca-gandesa\/general\/experiencia-erasmus-al-piemont-formacio-i-intercanvi-al-cor-ditalia\/attachment\/whatsapp-image-2025-05-14-at-18-12-57-1-2\/'><img loading=\"lazy\" decoding=\"async\" width=\"1024\" height=\"768\" src=\"https:\/\/agora.xtec.cat\/eca-gandesa\/wp-content\/uploads\/usu1993\/2025\/08\/WhatsApp-Image-2025-05-14-at-18.12.57-1-1-1024x768.jpeg\" class=\"attachment-large size-large\" alt=\"\" srcset=\"https:\/\/agora.xtec.cat\/eca-gandesa\/wp-content\/uploads\/usu1993\/2025\/08\/WhatsApp-Image-2025-05-14-at-18.12.57-1-1-1024x768.jpeg 1024w, https:\/\/agora.xtec.cat\/eca-gandesa\/wp-content\/uploads\/usu1993\/2025\/08\/WhatsApp-Image-2025-05-14-at-18.12.57-1-1-300x225.jpeg 300w, https:\/\/agora.xtec.cat\/eca-gandesa\/wp-content\/uploads\/usu1993\/2025\/08\/WhatsApp-Image-2025-05-14-at-18.12.57-1-1-768x576.jpeg 768w, https:\/\/agora.xtec.cat\/eca-gandesa\/wp-content\/uploads\/usu1993\/2025\/08\/WhatsApp-Image-2025-05-14-at-18.12.57-1-1-1536x1152.jpeg 1536w, https:\/\/agora.xtec.cat\/eca-gandesa\/wp-content\/uploads\/usu1993\/2025\/08\/WhatsApp-Image-2025-05-14-at-18.12.57-1-1-200x150.jpeg 200w, https:\/\/agora.xtec.cat\/eca-gandesa\/wp-content\/uploads\/usu1993\/2025\/08\/WhatsApp-Image-2025-05-14-at-18.12.57-1-1.jpeg 1600w\" sizes=\"auto, (max-width: 1024px) 100vw, 1024px\" \/><\/a>\n\t\t\t<\/div><\/figure>\n\t\t<\/div>\n\n<p>Aquesta experi\u00e8ncia al Piemont \u00e9s una de les que posa de manifest la import\u00e0ncia de la internacionalitzaci\u00f3 en la formaci\u00f3 agroaliment\u00e0ria i el comprom\u00eds de les <a href=\"https:\/\/agricultura.gencat.cat\/ca\/ambits\/formacio-innovacio\/escoles-agraries\/\"><strong>Escoles Agr\u00e0ries de Catalunya<\/strong><\/a> en treballar per a la internacionalitzaci\u00f3 dels seus estudis, tant en la participaci\u00f3 en projectes europeus com en la promoci\u00f3 de la mobilitat de l\u2019alumnat.<\/p>\n<p>&nbsp;<\/p>\n","protected":false},"excerpt":{"rendered":"<p>A l\u2019Escola Agr\u00e0ria de Gandesa impulsem que el nostre alumnat realitzi pr\u00e0ctiques formatives no laborals en empreses arreu d\u2019Europa, en el marc del programa Erasmus+, amb l\u2019objectiu d\u2019afavorir l\u2019intercanvi de coneixements i metodologies de treball, alhora que es generen experi\u00e8ncies reals en empreses del sector agroalimentari internacional. Aquesta aposta per la mobilitat internacional garanteix als [&hellip;]<\/p>\n","protected":false},"author":1,"featured_media":2351,"comment_status":"open","ping_status":"open","sticky":false,"template":"","format":"standard","meta":{"_bbp_topic_count":0,"_bbp_reply_count":0,"_bbp_total_topic_count":0,"_bbp_total_reply_count":0,"_bbp_voice_count":0,"_bbp_anonymous_reply_count":0,"_bbp_topic_count_hidden":0,"_bbp_reply_count_hidden":0,"_bbp_forum_subforum_count":0,"site-sidebar-layout":"default","site-content-layout":"","ast-site-content-layout":"","site-content-style":"default","site-sidebar-style":"default","ast-global-header-display":"","ast-banner-title-visibility":"","ast-main-header-display":"","ast-hfb-above-header-display":"","ast-hfb-below-header-display":"","ast-hfb-mobile-header-display":"","site-post-title":"","ast-breadcrumbs-content":"","ast-featured-img":"","footer-sml-layout":"","theme-transparent-header-meta":"","adv-header-id-meta":"","stick-header-meta":"","header-above-stick-meta":"","header-main-stick-meta":"","header-below-stick-meta":"","astra-migrate-meta-layouts":"default","ast-page-background-enabled":"default","ast-page-background-meta":{"desktop":{"background-color":"var(--ast-global-color-4)","background-image":"","background-repeat":"repeat","background-position":"center center","background-size":"auto","background-attachment":"scroll","background-type":"","background-media":"","overlay-type":"","overlay-color":"","overlay-opacity":"","overlay-gradient":""},"tablet":{"background-color":"","background-image":"","background-repeat":"repeat","background-position":"center center","background-size":"auto","background-attachment":"scroll","background-type":"","background-media":"","overlay-type":"","overlay-color":"","overlay-opacity":"","overlay-gradient":""},"mobile":{"background-color":"","background-image":"","background-repeat":"repeat","background-position":"center center","background-size":"auto","background-attachment":"scroll","background-type":"","background-media":"","overlay-type":"","overlay-color":"","overlay-opacity":"","overlay-gradient":""}},"ast-content-background-meta":{"desktop":{"background-color":"var(--ast-global-color-5)","background-image":"","background-repeat":"repeat","background-position":"center center","background-size":"auto","background-attachment":"scroll","background-type":"","background-media":"","overlay-type":"","overlay-color":"","overlay-opacity":"","overlay-gradient":""},"tablet":{"background-color":"var(--ast-global-color-5)","background-image":"","background-repeat":"repeat","background-position":"center center","background-size":"auto","background-attachment":"scroll","background-type":"","background-media":"","overlay-type":"","overlay-color":"","overlay-opacity":"","overlay-gradient":""},"mobile":{"background-color":"var(--ast-global-color-5)","background-image":"","background-repeat":"repeat","background-position":"center center","background-size":"auto","background-attachment":"scroll","background-type":"","background-media":"","overlay-type":"","overlay-color":"","overlay-opacity":"","overlay-gradient":""}},"footnotes":""},"categories":[1,29],"tags":[],"class_list":["post-2350","post","type-post","status-publish","format-standard","has-post-thumbnail","hentry","category-general","category-portada"],"post_mailing_queue_ids":[],"_links":{"self":[{"href":"https:\/\/agora.xtec.cat\/eca-gandesa\/wp-json\/wp\/v2\/posts\/2350","targetHints":{"allow":["GET"]}}],"collection":[{"href":"https:\/\/agora.xtec.cat\/eca-gandesa\/wp-json\/wp\/v2\/posts"}],"about":[{"href":"https:\/\/agora.xtec.cat\/eca-gandesa\/wp-json\/wp\/v2\/types\/post"}],"author":[{"embeddable":true,"href":"https:\/\/agora.xtec.cat\/eca-gandesa\/wp-json\/wp\/v2\/users\/1"}],"replies":[{"embeddable":true,"href":"https:\/\/agora.xtec.cat\/eca-gandesa\/wp-json\/wp\/v2\/comments?post=2350"}],"version-history":[{"count":4,"href":"https:\/\/agora.xtec.cat\/eca-gandesa\/wp-json\/wp\/v2\/posts\/2350\/revisions"}],"predecessor-version":[{"id":2360,"href":"https:\/\/agora.xtec.cat\/eca-gandesa\/wp-json\/wp\/v2\/posts\/2350\/revisions\/2360"}],"wp:featuredmedia":[{"embeddable":true,"href":"https:\/\/agora.xtec.cat\/eca-gandesa\/wp-json\/wp\/v2\/media\/2351"}],"wp:attachment":[{"href":"https:\/\/agora.xtec.cat\/eca-gandesa\/wp-json\/wp\/v2\/media?parent=2350"}],"wp:term":[{"taxonomy":"category","embeddable":true,"href":"https:\/\/agora.xtec.cat\/eca-gandesa\/wp-json\/wp\/v2\/categories?post=2350"},{"taxonomy":"post_tag","embeddable":true,"href":"https:\/\/agora.xtec.cat\/eca-gandesa\/wp-json\/wp\/v2\/tags?post=2350"}],"curies":[{"name":"wp","href":"https:\/\/api.w.org\/{rel}","templated":true}]}}