{"id":9945,"date":"2021-04-19T10:43:52","date_gmt":"2021-04-19T08:43:52","guid":{"rendered":"http:\/\/agora.xtec.cat\/credv\/?p=9945"},"modified":"2021-04-19T10:43:52","modified_gmt":"2021-04-19T08:43:52","slug":"xvi-jornada-dorientacio-academica-i-professional-valoracio","status":"publish","type":"post","link":"https:\/\/agora.xtec.cat\/credv\/families\/xvi-jornada-dorientacio-academica-i-professional-valoracio\/","title":{"rendered":"XVI Jornada d\u2019Orientaci\u00f3 Acad\u00e8mica i Professional. Valoraci\u00f3"},"content":{"rendered":"<p><a href=\"https:\/\/agora.xtec.cat\/credv\/wp-content\/uploads\/usu1287\/2021\/04\/logo-xvi-jornada-orientaci\u00f3-1.jpg\"><img loading=\"lazy\" decoding=\"async\" class=\"alignnone wp-image-9950\" src=\"https:\/\/agora.xtec.cat\/credv\/wp-content\/uploads\/usu1287\/2021\/04\/logo-xvi-jornada-orientaci\u00f3-1.jpg\" alt=\"\" width=\"505\" height=\"369\" srcset=\"https:\/\/agora.xtec.cat\/credv\/wp-content\/uploads\/usu1287\/2021\/04\/logo-xvi-jornada-orientaci\u00f3-1.jpg 1008w, https:\/\/agora.xtec.cat\/credv\/wp-content\/uploads\/usu1287\/2021\/04\/logo-xvi-jornada-orientaci\u00f3-1-300x219.jpg 300w, https:\/\/agora.xtec.cat\/credv\/wp-content\/uploads\/usu1287\/2021\/04\/logo-xvi-jornada-orientaci\u00f3-1-768x560.jpg 768w\" sizes=\"auto, (max-width: 505px) 100vw, 505px\" \/><\/a><\/p>\n<p>Ja s\u2019han dut a terme les dues primeres xerrades d\u2019aquestes Jornades que com b\u00e9 sabeu, aquest any son telem\u00e0tiques per la pand\u00e8mia. La valoraci\u00f3 general de les persones assistents, els i les alumnes ponents i els professionals\u00a0 que intervenim\u00a0 \u00e9s que\u00a0 han estat molt enriquidores.<\/p>\n<p>Durant aquestes sessions s\u2019ha parlat dels diferents camins per seguir estudiant un cop finalitzada l\u2019ESO i etapes posteriors (CFGS, CFGM, Batxillerat i universitat). Especialment interessant ha estat visualitzar les experi\u00e8ncies d\u2019alumnes que ja els han cursat, despr\u00e9s de cada experi\u00e8ncia els assistents s\u2019ha obert un torn de preguntes que han aportat noves visions o perspectives a les viv\u00e8ncies explicades.<\/p>\n<p><a href=\"https:\/\/agora.xtec.cat\/credv\/wp-content\/uploads\/usu1287\/2021\/04\/laura-brand-4rt-fisioterapia-once-madrid.jpg\"><img loading=\"lazy\" decoding=\"async\" class=\"alignnone wp-image-9952\" src=\"https:\/\/agora.xtec.cat\/credv\/wp-content\/uploads\/usu1287\/2021\/04\/laura-brand-4rt-fisioterapia-once-madrid-1024x576.jpg\" alt=\"\" width=\"529\" height=\"298\" srcset=\"https:\/\/agora.xtec.cat\/credv\/wp-content\/uploads\/usu1287\/2021\/04\/laura-brand-4rt-fisioterapia-once-madrid-1024x576.jpg 1024w, https:\/\/agora.xtec.cat\/credv\/wp-content\/uploads\/usu1287\/2021\/04\/laura-brand-4rt-fisioterapia-once-madrid-300x169.jpg 300w, https:\/\/agora.xtec.cat\/credv\/wp-content\/uploads\/usu1287\/2021\/04\/laura-brand-4rt-fisioterapia-once-madrid-768x432.jpg 768w, https:\/\/agora.xtec.cat\/credv\/wp-content\/uploads\/usu1287\/2021\/04\/laura-brand-4rt-fisioterapia-once-madrid.jpg 1366w\" sizes=\"auto, (max-width: 529px) 100vw, 529px\" \/><\/a><\/p>\n<p>Intervenci\u00f3 de Laura Brant, estudiant escola Fisioter\u00e0pia de la ONCE a Madrid<\/p>\n<p>Destaquem tamb\u00e9 tota la informaci\u00f3 que s\u2019ha anat proporcionant pel xat de la reuni\u00f3 aix\u00ed com la possibilitat d\u2019ampliar informaci\u00f3 al nostre Moodle intern per als alumnes assistents.<\/p>\n<p>Valorem molt positivament l\u2019experi\u00e8ncia, agra\u00efm a totes les persones que l\u2019han fet possible i aprofitem per recordar que ens queda una darrera sessi\u00f3 el proper Divendres 7 de Maig en la qual parlarem d\u2019Inserci\u00f3 Laboral a c\u00e0rrec dels nostres especialistes. Cal inscripci\u00f3 per assistir i s\u2019ha de fer no m\u00e9s tard del 4 de Maig.<\/p>\n<p>Esperem seguir tenint tant bona acollida i participaci\u00f3.<\/p>\n<p><a href=\"https:\/\/agora.xtec.cat\/credv\/wp-content\/uploads\/usu1287\/2021\/04\/Pedro-Fernandez-alumne-1r-Educaci\u00f3-social-ub.jpg\"><img loading=\"lazy\" decoding=\"async\" class=\"alignnone wp-image-9951\" src=\"https:\/\/agora.xtec.cat\/credv\/wp-content\/uploads\/usu1287\/2021\/04\/Pedro-Fernandez-alumne-1r-Educaci\u00f3-social-ub-1024x576.jpg\" alt=\"\" width=\"467\" height=\"262\" srcset=\"https:\/\/agora.xtec.cat\/credv\/wp-content\/uploads\/usu1287\/2021\/04\/Pedro-Fernandez-alumne-1r-Educaci\u00f3-social-ub-1024x576.jpg 1024w, https:\/\/agora.xtec.cat\/credv\/wp-content\/uploads\/usu1287\/2021\/04\/Pedro-Fernandez-alumne-1r-Educaci\u00f3-social-ub-300x169.jpg 300w, https:\/\/agora.xtec.cat\/credv\/wp-content\/uploads\/usu1287\/2021\/04\/Pedro-Fernandez-alumne-1r-Educaci\u00f3-social-ub-768x432.jpg 768w, https:\/\/agora.xtec.cat\/credv\/wp-content\/uploads\/usu1287\/2021\/04\/Pedro-Fernandez-alumne-1r-Educaci\u00f3-social-ub.jpg 1366w\" sizes=\"auto, (max-width: 467px) 100vw, 467px\" \/><\/a><\/p>\n<p>Intervenci\u00f3 de Pedro Fernandez Zambrano, estudiant de primer d&#8217;Educaci\u00f3 Social a la Universitat de Barcelona<\/p>\n","protected":false},"excerpt":{"rendered":"<p><a href=\"https:\/\/agora.xtec.cat\/credv\/wp-content\/uploads\/usu1287\/2021\/04\/logo-xvi-jornada-orientaci\u00f3-1.jpg\"><\/a><br \/>\nJa s\u2019han dut a terme les dues primeres xerrades d\u2019aquestes Jornades que com b\u00e9 sabeu, aquest any son telem\u00e0tiques per la pand\u00e8mia. La valoraci\u00f3 general de les persones assistents, els i les alumnes ponents i els professionals\u00a0 que intervenim\u00a0 \u00e9s que\u00a0 han estat molt&hellip;  <a href=\"https:\/\/agora.xtec.cat\/credv\/families\/xvi-jornada-dorientacio-academica-i-professional-valoracio\/\" title=\"Read XVI Jornada d\u2019Orientaci\u00f3 Acad\u00e8mica i Professional. Valoraci\u00f3\">Llegeix m\u00e9s\u00bb<\/a><\/p>\n","protected":false},"author":26,"featured_media":9950,"comment_status":"closed","ping_status":"closed","sticky":false,"template":"","format":"standard","meta":{"_bbp_topic_count":0,"_bbp_reply_count":0,"_bbp_total_topic_count":0,"_bbp_total_reply_count":0,"_bbp_voice_count":0,"_bbp_anonymous_reply_count":0,"_bbp_topic_count_hidden":0,"_bbp_reply_count_hidden":0,"_bbp_forum_subforum_count":0,"footnotes":""},"categories":[272,271,273],"tags":[369,370,521],"class_list":["post-9945","post","type-post","status-publish","format-standard","has-post-thumbnail","hentry","category-alumnes","category-families","category-portada","tag-baixa-visio","tag-ceguesa","tag-orientacio-academica"],"post_mailing_queue_ids":[],"_links":{"self":[{"href":"https:\/\/agora.xtec.cat\/credv\/wp-json\/wp\/v2\/posts\/9945","targetHints":{"allow":["GET"]}}],"collection":[{"href":"https:\/\/agora.xtec.cat\/credv\/wp-json\/wp\/v2\/posts"}],"about":[{"href":"https:\/\/agora.xtec.cat\/credv\/wp-json\/wp\/v2\/types\/post"}],"author":[{"embeddable":true,"href":"https:\/\/agora.xtec.cat\/credv\/wp-json\/wp\/v2\/users\/26"}],"replies":[{"embeddable":true,"href":"https:\/\/agora.xtec.cat\/credv\/wp-json\/wp\/v2\/comments?post=9945"}],"version-history":[{"count":3,"href":"https:\/\/agora.xtec.cat\/credv\/wp-json\/wp\/v2\/posts\/9945\/revisions"}],"predecessor-version":[{"id":9955,"href":"https:\/\/agora.xtec.cat\/credv\/wp-json\/wp\/v2\/posts\/9945\/revisions\/9955"}],"wp:featuredmedia":[{"embeddable":true,"href":"https:\/\/agora.xtec.cat\/credv\/wp-json\/wp\/v2\/media\/9950"}],"wp:attachment":[{"href":"https:\/\/agora.xtec.cat\/credv\/wp-json\/wp\/v2\/media?parent=9945"}],"wp:term":[{"taxonomy":"category","embeddable":true,"href":"https:\/\/agora.xtec.cat\/credv\/wp-json\/wp\/v2\/categories?post=9945"},{"taxonomy":"post_tag","embeddable":true,"href":"https:\/\/agora.xtec.cat\/credv\/wp-json\/wp\/v2\/tags?post=9945"}],"curies":[{"name":"wp","href":"https:\/\/api.w.org\/{rel}","templated":true}]}}