{"id":9871,"date":"2021-01-26T10:47:41","date_gmt":"2021-01-26T09:47:41","guid":{"rendered":"http:\/\/agora.xtec.cat\/credv\/?p=9871"},"modified":"2021-01-26T10:47:41","modified_gmt":"2021-01-26T09:47:41","slug":"article-a-red-visual-sobre-el-i-campus-de-tecnologia-per-a-alumnes-amb-discapacitat-visual","status":"publish","type":"post","link":"https:\/\/agora.xtec.cat\/credv\/portada\/article-a-red-visual-sobre-el-i-campus-de-tecnologia-per-a-alumnes-amb-discapacitat-visual\/","title":{"rendered":"Article a RED Visual sobre el I Campus de Tecnologia per a alumnes amb discapacitat visual"},"content":{"rendered":"<p><a href=\"https:\/\/agora.xtec.cat\/credv\/wp-content\/uploads\/usu1287\/2021\/01\/redvisual.jpeg\"><img loading=\"lazy\" decoding=\"async\" class=\"size-medium wp-image-9872 alignnone\" src=\"https:\/\/agora.xtec.cat\/credv\/wp-content\/uploads\/usu1287\/2021\/01\/redvisual-212x300.jpeg\" alt=\"RED Visual 76. Portada\" width=\"212\" height=\"300\" srcset=\"https:\/\/agora.xtec.cat\/credv\/wp-content\/uploads\/usu1287\/2021\/01\/redvisual-212x300.jpeg 212w, https:\/\/agora.xtec.cat\/credv\/wp-content\/uploads\/usu1287\/2021\/01\/redvisual.jpeg 282w\" sizes=\"auto, (max-width: 212px) 100vw, 212px\" \/><\/a><\/p>\n<p>El passat novembre 2020 a la publicaci\u00f3 &#8220;<a href=\"https:\/\/www.once.es\/dejanos-ayudarte\/la-discapacidad-visual\/revista-red-visual\/numeros-publicados-red-visual\/numero-76-red-visual\"><span class=\"cverde\"><strong>RED Visual: Revista Especializada en Discapacidad Visual&#8221;, <\/strong><\/span>N.\u00ba 76<\/a>, una publicaci\u00f3 digital amb periodicitat semestral editada per l&#8217;ONCE es va publicar l&#8217;article sobre el<strong> I Campus de Tecnologia per a alumnes amb discapacitat visual<\/strong> celebrat al CRE ONCE Barcelona el curs 2019-2020.<\/p>\n<p>Aqu\u00ed podeu trobar l&#8217;article complert &#8220;<em><a class=\"internal-link\" title=\"Corbella-etal_Campus de Tecnolog\u00eda para alumnos con discapacidad visual\" href=\"https:\/\/www.once.es\/dejanos-ayudarte\/la-discapacidad-visual\/revista-red-visual\/numeros-publicados-red-visual\/2020-redvisual-76\/corbella-etal_campus-de-tecnologia-para-alumnos-con-discapacidad-visual\/download\" target=\"_self\" type=\"application\/pdf\" rel=\"noopener noreferrer\"><span class=\"tituloArchivo\" data-mce-mark=\"1\">Campus de Tecnolog\u00eda para alumnos con discapacidad visual estudiantes de Secundaria y Bachillerato<\/span> <span class=\"tamanioArchivo\" data-mce-mark=\"1\">(1,14\u00a0<abbr title=\"MegaBytes\">MB<\/abbr>)<\/span><\/a><\/em>\u00a0\u2014\u00a0<strong>M. T. Corbella Roqueta, S. Boix Hern\u00e1ndez, C. Mallo Robles, A. G\u00f3mez Garc\u00eda, M. Cant\u00f3n Soriano.<\/strong><\/p>\n<p>L&#8217;objectiu del Campus de Tecnologia consistia en despertar l&#8217;inter\u00e8s cient\u00edfic i tecnolog\u00f2gic dels alumnes amb discapacitat visual en una \u00e0rea d&#8217;especial dificultat. Es van realitzar diverses activitats en les \u00e0rees de mec\u00e0nica, electricitat, rob\u00f2tica i projectes. Una taula rodona amb experts afiliats en aquests camps i visites d&#8217;inter\u00e8s a Cosmocaixa i un centre d&#8217;automoci\u00f3 Monlau.<\/p>\n<p>Des del CREDV-CRE ONCE Barcelona seguim amb la formaci\u00f3 en aquesta \u00e0rea i per aix\u00f2 durant <strong>aquest curs 2020-21<\/strong> hem celebrat el primer curs sobre STEM i discapacitat visual <strong>&#8220;Com fer projectes STEM, de Ci\u00e8ncies o Tecnologia accessibles per a tothom&#8221;<\/strong> per a mestres de Prim\u00e0ria i Secund\u00e0ria.<\/p>\n<div class=\"moreinfo\"><\/div>\n","protected":false},"excerpt":{"rendered":"<p><a href=\"https:\/\/agora.xtec.cat\/credv\/wp-content\/uploads\/usu1287\/2021\/01\/redvisual.jpeg\"><\/a><br \/>\nEl passat novembre 2020 a la publicaci\u00f3 &#8220;<a href=\"https:\/\/www.once.es\/dejanos-ayudarte\/la-discapacidad-visual\/revista-red-visual\/numeros-publicados-red-visual\/numero-76-red-visual\">RED Visual: Revista Especializada en Discapacidad Visual&#8221;, N.\u00ba 76<\/a>, una publicaci\u00f3 digital amb periodicitat semestral editada per l&#8217;ONCE es va publicar l&#8217;article sobre el I Campus de Tecnologia per a alumnes amb discapacitat visual celebrat al&hellip;  <a href=\"https:\/\/agora.xtec.cat\/credv\/portada\/article-a-red-visual-sobre-el-i-campus-de-tecnologia-per-a-alumnes-amb-discapacitat-visual\/\" title=\"Read Article a RED Visual sobre el I Campus de Tecnologia per a alumnes amb discapacitat visual\">Llegeix m\u00e9s\u00bb<\/a><\/p>\n","protected":false},"author":1,"featured_media":9872,"comment_status":"closed","ping_status":"closed","sticky":false,"template":"","format":"standard","meta":{"_bbp_topic_count":0,"_bbp_reply_count":0,"_bbp_total_topic_count":0,"_bbp_total_reply_count":0,"_bbp_voice_count":0,"_bbp_anonymous_reply_count":0,"_bbp_topic_count_hidden":0,"_bbp_reply_count_hidden":0,"_bbp_forum_subforum_count":0,"footnotes":""},"categories":[273],"tags":[386,517,420],"class_list":["post-9871","post","type-post","status-publish","format-standard","has-post-thumbnail","hentry","category-portada","tag-publicacions","tag-stem","tag-tecnologia"],"post_mailing_queue_ids":[],"_links":{"self":[{"href":"https:\/\/agora.xtec.cat\/credv\/wp-json\/wp\/v2\/posts\/9871","targetHints":{"allow":["GET"]}}],"collection":[{"href":"https:\/\/agora.xtec.cat\/credv\/wp-json\/wp\/v2\/posts"}],"about":[{"href":"https:\/\/agora.xtec.cat\/credv\/wp-json\/wp\/v2\/types\/post"}],"author":[{"embeddable":true,"href":"https:\/\/agora.xtec.cat\/credv\/wp-json\/wp\/v2\/users\/1"}],"replies":[{"embeddable":true,"href":"https:\/\/agora.xtec.cat\/credv\/wp-json\/wp\/v2\/comments?post=9871"}],"version-history":[{"count":1,"href":"https:\/\/agora.xtec.cat\/credv\/wp-json\/wp\/v2\/posts\/9871\/revisions"}],"predecessor-version":[{"id":9873,"href":"https:\/\/agora.xtec.cat\/credv\/wp-json\/wp\/v2\/posts\/9871\/revisions\/9873"}],"wp:featuredmedia":[{"embeddable":true,"href":"https:\/\/agora.xtec.cat\/credv\/wp-json\/wp\/v2\/media\/9872"}],"wp:attachment":[{"href":"https:\/\/agora.xtec.cat\/credv\/wp-json\/wp\/v2\/media?parent=9871"}],"wp:term":[{"taxonomy":"category","embeddable":true,"href":"https:\/\/agora.xtec.cat\/credv\/wp-json\/wp\/v2\/categories?post=9871"},{"taxonomy":"post_tag","embeddable":true,"href":"https:\/\/agora.xtec.cat\/credv\/wp-json\/wp\/v2\/tags?post=9871"}],"curies":[{"name":"wp","href":"https:\/\/api.w.org\/{rel}","templated":true}]}}