{"id":9823,"date":"2021-01-11T13:37:11","date_gmt":"2021-01-11T12:37:11","guid":{"rendered":"http:\/\/agora.xtec.cat\/credv\/?p=9823"},"modified":"2021-01-11T13:38:16","modified_gmt":"2021-01-11T12:38:16","slug":"cloenda-telematica-del-1er-trimestre-del-curs-2020-21","status":"publish","type":"post","link":"https:\/\/agora.xtec.cat\/credv\/portada\/cloenda-telematica-del-1er-trimestre-del-curs-2020-21\/","title":{"rendered":"Cloenda telem\u00e0tica del 1er Trimestre del curs 2020-21"},"content":{"rendered":"<p><a href=\"https:\/\/agora.xtec.cat\/credv\/wp-content\/uploads\/usu1287\/2020\/12\/IMG-20201218-WA0012.jpg\"><img loading=\"lazy\" decoding=\"async\" class=\"size-medium wp-image-9827 alignnone\" src=\"https:\/\/agora.xtec.cat\/credv\/wp-content\/uploads\/usu1287\/2020\/12\/IMG-20201218-WA0012-300x169.jpg\" alt=\"\" width=\"300\" height=\"169\" srcset=\"https:\/\/agora.xtec.cat\/credv\/wp-content\/uploads\/usu1287\/2020\/12\/IMG-20201218-WA0012-300x169.jpg 300w, https:\/\/agora.xtec.cat\/credv\/wp-content\/uploads\/usu1287\/2020\/12\/IMG-20201218-WA0012-768x432.jpg 768w, https:\/\/agora.xtec.cat\/credv\/wp-content\/uploads\/usu1287\/2020\/12\/IMG-20201218-WA0012-1024x576.jpg 1024w, https:\/\/agora.xtec.cat\/credv\/wp-content\/uploads\/usu1287\/2020\/12\/IMG-20201218-WA0012.jpg 2016w\" sizes=\"auto, (max-width: 300px) 100vw, 300px\" \/><\/a><\/p>\n<p>Aquest \u00e9s un curs molt especial, marcat per la covid-19, el passat 18 de desembre 2020 varem fer la cloenda telem\u00e0tica del primer trimestre del curs 2020-21 i ens varem desitjar unes bones festes amb un conjunt de v\u00eddeos molt divertits on varen participar tots els professionals del CREDV-CRE ONCE Barcelona.<\/p>\n<p>Seguim treballant per a tots vosaltres!<\/p>\n<p>&nbsp;<\/p>\n","protected":false},"excerpt":{"rendered":"<p><a href=\"https:\/\/agora.xtec.cat\/credv\/wp-content\/uploads\/usu1287\/2020\/12\/IMG-20201218-WA0012.jpg\"><\/a><br \/>\nAquest \u00e9s un curs molt especial, marcat per la covid-19, el passat 18 de desembre 2020 varem fer la cloenda telem\u00e0tica del primer trimestre del curs 2020-21 i ens varem desitjar unes bones festes amb un conjunt de v\u00eddeos molt divertits on varen participar&hellip;  <a href=\"https:\/\/agora.xtec.cat\/credv\/portada\/cloenda-telematica-del-1er-trimestre-del-curs-2020-21\/\" title=\"Read Cloenda telem\u00e0tica del 1er Trimestre del curs 2020-21\">Llegeix m\u00e9s\u00bb<\/a><\/p>\n","protected":false},"author":1,"featured_media":9827,"comment_status":"closed","ping_status":"closed","sticky":false,"template":"","format":"standard","meta":{"_bbp_topic_count":0,"_bbp_reply_count":0,"_bbp_total_topic_count":0,"_bbp_total_reply_count":0,"_bbp_voice_count":0,"_bbp_anonymous_reply_count":0,"_bbp_topic_count_hidden":0,"_bbp_reply_count_hidden":0,"_bbp_forum_subforum_count":0,"footnotes":""},"categories":[273],"tags":[383],"class_list":["post-9823","post","type-post","status-publish","format-standard","has-post-thumbnail","hentry","category-portada","tag-credv"],"post_mailing_queue_ids":[],"_links":{"self":[{"href":"https:\/\/agora.xtec.cat\/credv\/wp-json\/wp\/v2\/posts\/9823","targetHints":{"allow":["GET"]}}],"collection":[{"href":"https:\/\/agora.xtec.cat\/credv\/wp-json\/wp\/v2\/posts"}],"about":[{"href":"https:\/\/agora.xtec.cat\/credv\/wp-json\/wp\/v2\/types\/post"}],"author":[{"embeddable":true,"href":"https:\/\/agora.xtec.cat\/credv\/wp-json\/wp\/v2\/users\/1"}],"replies":[{"embeddable":true,"href":"https:\/\/agora.xtec.cat\/credv\/wp-json\/wp\/v2\/comments?post=9823"}],"version-history":[{"count":3,"href":"https:\/\/agora.xtec.cat\/credv\/wp-json\/wp\/v2\/posts\/9823\/revisions"}],"predecessor-version":[{"id":9851,"href":"https:\/\/agora.xtec.cat\/credv\/wp-json\/wp\/v2\/posts\/9823\/revisions\/9851"}],"wp:featuredmedia":[{"embeddable":true,"href":"https:\/\/agora.xtec.cat\/credv\/wp-json\/wp\/v2\/media\/9827"}],"wp:attachment":[{"href":"https:\/\/agora.xtec.cat\/credv\/wp-json\/wp\/v2\/media?parent=9823"}],"wp:term":[{"taxonomy":"category","embeddable":true,"href":"https:\/\/agora.xtec.cat\/credv\/wp-json\/wp\/v2\/categories?post=9823"},{"taxonomy":"post_tag","embeddable":true,"href":"https:\/\/agora.xtec.cat\/credv\/wp-json\/wp\/v2\/tags?post=9823"}],"curies":[{"name":"wp","href":"https:\/\/api.w.org\/{rel}","templated":true}]}}