{"id":9817,"date":"2020-12-16T14:03:21","date_gmt":"2020-12-16T13:03:21","guid":{"rendered":"http:\/\/agora.xtec.cat\/credv\/?p=9817"},"modified":"2020-12-16T14:03:21","modified_gmt":"2020-12-16T13:03:21","slug":"suport-telematic-a-alumnes-deducacio-primaria-i-secundaria","status":"publish","type":"post","link":"https:\/\/agora.xtec.cat\/credv\/portada\/suport-telematic-a-alumnes-deducacio-primaria-i-secundaria\/","title":{"rendered":"Suport telem\u00e0tic a alumnes d&#8217;Educaci\u00f3 Prim\u00e0ria i Secund\u00e0ria"},"content":{"rendered":"<p><a href=\"https:\/\/agora.xtec.cat\/credv\/wp-content\/uploads\/usu1287\/2020\/12\/P1030342_opt.jpg\"><img loading=\"lazy\" decoding=\"async\" class=\"alignnone  wp-image-9818\" src=\"https:\/\/agora.xtec.cat\/credv\/wp-content\/uploads\/usu1287\/2020\/12\/P1030342_opt-1024x667.jpg\" alt=\"treball telem\u00e0tic\" width=\"674\" height=\"439\" srcset=\"https:\/\/agora.xtec.cat\/credv\/wp-content\/uploads\/usu1287\/2020\/12\/P1030342_opt.jpg 1024w, https:\/\/agora.xtec.cat\/credv\/wp-content\/uploads\/usu1287\/2020\/12\/P1030342_opt-300x195.jpg 300w, https:\/\/agora.xtec.cat\/credv\/wp-content\/uploads\/usu1287\/2020\/12\/P1030342_opt-768x500.jpg 768w\" sizes=\"auto, (max-width: 674px) 100vw, 674px\" \/><\/a><\/p>\n<p>En el primer trimestre del curs 2020-2021, l\u2019equip de professionals del Servei d\u2019Escolaritat Combinada (SEC) ha mantingut contactes telem\u00e0tics amb alguns alumnes que ja assistien presencialment al CRE durant el curs passat. L\u2019objectiu era iniciar-los en aquesta metodologia a dist\u00e0ncia per poder continuar la relaci\u00f3 amb els especialistes d\u2019\u00e0rees com braille, matem\u00e0tiques, tiflotecnologia, pl\u00e0stica i m\u00fasica. Gr\u00e0cies a la col\u00b7laboraci\u00f3 de les seves mestres itinerants, l\u2019experi\u00e8ncia ha estat francament motivadora pels infants i suggeridora de noves modalitats did\u00e0ctiques pels professionals. Amb la pr\u00f2pia idiosincr\u00e0sia de cadascun, els centres educatius tamb\u00e9 han facilitat les condicions d\u2019espai i de temps per realitzar aquestes connexions personals, entenent-les com un complement important en l\u2019educaci\u00f3 dels alumnes amb discapacitat visual en temps de confinament.<\/p>\n","protected":false},"excerpt":{"rendered":"<p><a href=\"https:\/\/agora.xtec.cat\/credv\/wp-content\/uploads\/usu1287\/2020\/12\/P1030342_opt.jpg\"><\/a><br \/>\nEn el primer trimestre del curs 2020-2021, l\u2019equip de professionals del Servei d\u2019Escolaritat Combinada (SEC) ha mantingut contactes telem\u00e0tics amb alguns alumnes que ja assistien presencialment al CRE durant el curs passat. L\u2019objectiu era iniciar-los en aquesta metodologia a dist\u00e0ncia per poder continuar la&hellip;  <a href=\"https:\/\/agora.xtec.cat\/credv\/portada\/suport-telematic-a-alumnes-deducacio-primaria-i-secundaria\/\" title=\"Read Suport telem\u00e0tic a alumnes d&#8217;Educaci\u00f3 Prim\u00e0ria i Secund\u00e0ria\">Llegeix m\u00e9s\u00bb<\/a><\/p>\n","protected":false},"author":45,"featured_media":9818,"comment_status":"closed","ping_status":"closed","sticky":false,"template":"","format":"standard","meta":{"_bbp_topic_count":0,"_bbp_reply_count":0,"_bbp_total_topic_count":0,"_bbp_total_reply_count":0,"_bbp_voice_count":0,"_bbp_anonymous_reply_count":0,"_bbp_topic_count_hidden":0,"_bbp_reply_count_hidden":0,"_bbp_forum_subforum_count":0,"footnotes":""},"categories":[273,467],"tags":[515],"class_list":["post-9817","post","type-post","status-publish","format-standard","has-post-thumbnail","hentry","category-portada","category-sec","tag-connexio-telematica"],"post_mailing_queue_ids":[],"_links":{"self":[{"href":"https:\/\/agora.xtec.cat\/credv\/wp-json\/wp\/v2\/posts\/9817","targetHints":{"allow":["GET"]}}],"collection":[{"href":"https:\/\/agora.xtec.cat\/credv\/wp-json\/wp\/v2\/posts"}],"about":[{"href":"https:\/\/agora.xtec.cat\/credv\/wp-json\/wp\/v2\/types\/post"}],"author":[{"embeddable":true,"href":"https:\/\/agora.xtec.cat\/credv\/wp-json\/wp\/v2\/users\/45"}],"replies":[{"embeddable":true,"href":"https:\/\/agora.xtec.cat\/credv\/wp-json\/wp\/v2\/comments?post=9817"}],"version-history":[{"count":2,"href":"https:\/\/agora.xtec.cat\/credv\/wp-json\/wp\/v2\/posts\/9817\/revisions"}],"predecessor-version":[{"id":9821,"href":"https:\/\/agora.xtec.cat\/credv\/wp-json\/wp\/v2\/posts\/9817\/revisions\/9821"}],"wp:featuredmedia":[{"embeddable":true,"href":"https:\/\/agora.xtec.cat\/credv\/wp-json\/wp\/v2\/media\/9818"}],"wp:attachment":[{"href":"https:\/\/agora.xtec.cat\/credv\/wp-json\/wp\/v2\/media?parent=9817"}],"wp:term":[{"taxonomy":"category","embeddable":true,"href":"https:\/\/agora.xtec.cat\/credv\/wp-json\/wp\/v2\/categories?post=9817"},{"taxonomy":"post_tag","embeddable":true,"href":"https:\/\/agora.xtec.cat\/credv\/wp-json\/wp\/v2\/tags?post=9817"}],"curies":[{"name":"wp","href":"https:\/\/api.w.org\/{rel}","templated":true}]}}