{"id":9670,"date":"2020-09-22T13:55:27","date_gmt":"2020-09-22T11:55:27","guid":{"rendered":"http:\/\/agora.xtec.cat\/credv\/?p=9670"},"modified":"2020-09-22T13:55:27","modified_gmt":"2020-09-22T11:55:27","slug":"formacio-a-mestres-primer-contacte-amb-el-servei","status":"publish","type":"post","link":"https:\/\/agora.xtec.cat\/credv\/portada\/formacio-a-mestres-primer-contacte-amb-el-servei\/","title":{"rendered":"Formaci\u00f3 a mestres &#8220;Primer contacte amb el Servei&#8221;"},"content":{"rendered":"<p style=\"text-align: left;\"><a href=\"https:\/\/agora.xtec.cat\/credv\/wp-content\/uploads\/usu1287\/2020\/09\/primerserve.png\"><img loading=\"lazy\" decoding=\"async\" class=\"size-medium wp-image-9677 alignnone\" src=\"https:\/\/agora.xtec.cat\/credv\/wp-content\/uploads\/usu1287\/2020\/09\/primerserve-300x207.png\" alt=\"\" width=\"300\" height=\"207\" srcset=\"https:\/\/agora.xtec.cat\/credv\/wp-content\/uploads\/usu1287\/2020\/09\/primerserve-300x207.png 300w, https:\/\/agora.xtec.cat\/credv\/wp-content\/uploads\/usu1287\/2020\/09\/primerserve-768x529.png 768w, https:\/\/agora.xtec.cat\/credv\/wp-content\/uploads\/usu1287\/2020\/09\/primerserve-1024x706.png 1024w, https:\/\/agora.xtec.cat\/credv\/wp-content\/uploads\/usu1287\/2020\/09\/primerserve.png 1065w\" sizes=\"auto, (max-width: 300px) 100vw, 300px\" \/><\/a><\/p>\n<p>El passat 9 de setembre es va realitzar la formaci\u00f3 <strong>&#8220;Primer contacte amb el Servei&#8221;.<\/strong><\/p>\n<p>En aquesta formaci\u00f3 el CRE ONCE Barcelona &#8211; CREDV Servei Educatiu es dirigeix a tots els centres educatius que per primera vegada tenen un alumne amb discapacitat visual a les seves aules durant el curs 2020-2021.\u00a0Es tracta d&#8217;una trobada adre\u00e7ada als professors-tutors.<br \/>\nL\u2019objectiu consisteix en iniciar-nos en aquells aspectes m\u00e9s significatius de la discapacitat visual, aix\u00ed com el model d\u2019intervenci\u00f3 educativa que duem a terme i les necessitats derivades de l\u2019actual situaci\u00f3 sanit\u00e0ria, la qual, ens exigeix, a tots, diferents estrat\u00e8gies per enfrontar els nous reptes.<\/p>\n<p>Aquesta jornada es realitza en format virtual i consta de dues parts:<br \/>\n1) Mitjan\u00e7ant plataforma digital el dia 9 de setembre de 2020, de 09.00 a 11.00h, amb la seg\u00fcent programaci\u00f3:<\/p>\n<ul>\n<li>Presentaci\u00f3 del Servei del CREDV-CRE ONCE Barcelona.<\/li>\n<li>La discapacitat visual: funcionalitats visuals en el marc educatiu.<\/li>\n<li>Primeres intervencions. Recursos i estrat\u00e8gies per etapes educatives: NESE Educaci\u00f3 Infantil, Educaci\u00f3 Prim\u00e0ria i Educaci\u00f3 Secund\u00e0ria; NEE Escoles E. Especial i SIEI (experi\u00e8ncies de centres educatius).<\/li>\n<\/ul>\n<p>2) Mitjan\u00e7ant la consulta del material publicat en el Moodle del CREDV-CRE ONCE Barcelona, amb acompanyament personalitzat, per part del mestre\/a de suport itinerant referent del vostre centre.<\/p>\n","protected":false},"excerpt":{"rendered":"<p><a href=\"https:\/\/agora.xtec.cat\/credv\/wp-content\/uploads\/usu1287\/2020\/09\/primerserve.png\"><\/a><br \/>\nEl passat 9 de setembre es va realitzar la formaci\u00f3 &#8220;Primer contacte amb el Servei&#8221;.<br \/>\nEn aquesta formaci\u00f3 el CRE ONCE Barcelona &#8211; CREDV Servei Educatiu es dirigeix a tots els centres educatius que per primera vegada tenen un alumne amb discapacitat visual a les&hellip;  <a href=\"https:\/\/agora.xtec.cat\/credv\/portada\/formacio-a-mestres-primer-contacte-amb-el-servei\/\" title=\"Read Formaci\u00f3 a mestres &#8220;Primer contacte amb el Servei&#8221;\">Llegeix m\u00e9s\u00bb<\/a><\/p>\n","protected":false},"author":1,"featured_media":9677,"comment_status":"closed","ping_status":"closed","sticky":false,"template":"","format":"standard","meta":{"_bbp_topic_count":0,"_bbp_reply_count":0,"_bbp_total_topic_count":0,"_bbp_total_reply_count":0,"_bbp_voice_count":0,"_bbp_anonymous_reply_count":0,"_bbp_topic_count_hidden":0,"_bbp_reply_count_hidden":0,"_bbp_forum_subforum_count":0,"footnotes":""},"categories":[273],"tags":[383,382],"class_list":["post-9670","post","type-post","status-publish","format-standard","has-post-thumbnail","hentry","category-portada","tag-credv","tag-formacio"],"post_mailing_queue_ids":[],"_links":{"self":[{"href":"https:\/\/agora.xtec.cat\/credv\/wp-json\/wp\/v2\/posts\/9670","targetHints":{"allow":["GET"]}}],"collection":[{"href":"https:\/\/agora.xtec.cat\/credv\/wp-json\/wp\/v2\/posts"}],"about":[{"href":"https:\/\/agora.xtec.cat\/credv\/wp-json\/wp\/v2\/types\/post"}],"author":[{"embeddable":true,"href":"https:\/\/agora.xtec.cat\/credv\/wp-json\/wp\/v2\/users\/1"}],"replies":[{"embeddable":true,"href":"https:\/\/agora.xtec.cat\/credv\/wp-json\/wp\/v2\/comments?post=9670"}],"version-history":[{"count":3,"href":"https:\/\/agora.xtec.cat\/credv\/wp-json\/wp\/v2\/posts\/9670\/revisions"}],"predecessor-version":[{"id":9678,"href":"https:\/\/agora.xtec.cat\/credv\/wp-json\/wp\/v2\/posts\/9670\/revisions\/9678"}],"wp:featuredmedia":[{"embeddable":true,"href":"https:\/\/agora.xtec.cat\/credv\/wp-json\/wp\/v2\/media\/9677"}],"wp:attachment":[{"href":"https:\/\/agora.xtec.cat\/credv\/wp-json\/wp\/v2\/media?parent=9670"}],"wp:term":[{"taxonomy":"category","embeddable":true,"href":"https:\/\/agora.xtec.cat\/credv\/wp-json\/wp\/v2\/categories?post=9670"},{"taxonomy":"post_tag","embeddable":true,"href":"https:\/\/agora.xtec.cat\/credv\/wp-json\/wp\/v2\/tags?post=9670"}],"curies":[{"name":"wp","href":"https:\/\/api.w.org\/{rel}","templated":true}]}}