{"id":9596,"date":"2020-06-05T11:41:38","date_gmt":"2020-06-05T09:41:38","guid":{"rendered":"http:\/\/agora.xtec.cat\/credv\/?p=9596"},"modified":"2020-06-05T11:41:38","modified_gmt":"2020-06-05T09:41:38","slug":"contes-que-encomanen-illusio-de-fundacio-once-i-clan-tv","status":"publish","type":"post","link":"https:\/\/agora.xtec.cat\/credv\/portada\/contes-que-encomanen-illusio-de-fundacio-once-i-clan-tv\/","title":{"rendered":"&#8220;Contes que encomanen il\u00b7lusi\u00f3&#8221; de Fundaci\u00f3 ONCE i Clan TV"},"content":{"rendered":"<figure class=\"figure wp-caption alignleft\"><a href=\"https:\/\/agora.xtec.cat\/credv\/wp-content\/uploads\/usu1287\/2020\/06\/fudaonce.png\"><img loading=\"lazy\" decoding=\"async\" class=\"size-medium wp-image-9597\" src=\"https:\/\/agora.xtec.cat\/credv\/wp-content\/uploads\/usu1287\/2020\/06\/fudaonce-300x68.png\" alt=\"\" width=\"300\" height=\"68\" srcset=\"https:\/\/agora.xtec.cat\/credv\/wp-content\/uploads\/usu1287\/2020\/06\/fudaonce-300x68.png 300w, https:\/\/agora.xtec.cat\/credv\/wp-content\/uploads\/usu1287\/2020\/06\/fudaonce.png 436w\" sizes=\"auto, (max-width: 300px) 100vw, 300px\" \/><\/a><figcaption class=\"wp-caption-text\">Contes que encomanen il\u00b7lusi\u00f3<\/figcaption><\/figure>\n<p>&nbsp;<\/p>\n<p>&nbsp;<\/p>\n<p>&nbsp;<\/p>\n<p><strong><u>En el marco de &#8216;Aprendemos en casa&#8217;, la iniciativa impulsada por el Ministerio de Educaci\u00f3n para facilitar la formaci\u00f3n de los escolares durante el confinamiento <\/u><\/strong><\/p>\n<p><strong>Clan TV emite en su programaci\u00f3n especial para el cole los &#8216;Cuentos que contagian ilusi\u00f3n&#8217; de Fundaci\u00f3n ONCE <\/strong><\/p>\n<p><strong>Se trata de historias que pretenden ense\u00f1ar a los m\u00e1s peque\u00f1os que las personas con discapacidad son muy capaces y que ofrecen actividades para hacer en familia <\/strong><\/p>\n<p><strong>Pueden encontrarse en <\/strong><strong><a href=\"http:\/\/bibliotecainfantil.fundaciononce.es\/\">http:\/\/bibliotecainfantil.fundaciononce.es\/<\/a><\/strong><\/p>\n<p>Clan TV emite, dentro de su programaci\u00f3n especial para el cole, seis de los <strong>&#8216;Cuentos que contagian ilusi\u00f3n&#8217; de Fundaci\u00f3n ONCE,<\/strong> que son historias protagonizadas por menores para dar a conocer la discapacidad entre los m\u00e1s peque\u00f1os de manera divertida, amena y normalizada.<\/p>\n<p>En concreto, la cadena p\u00fablica infantil difundir\u00e1 estas historias en su espacio <strong>&#8216;Aprendemos en casa&#8217;,<\/strong> impulsado por el Ministerio de Educaci\u00f3n y Formaci\u00f3n Profesional para ayudar a los escolares de entre 6 y 16 a\u00f1os a seguir con los contenidos lectivos durante el tiempo que no puedan asistir a clases presenciales por el coronavirus.<\/p>\n<p>La emisi\u00f3n de los &#8216;Cuentos que contagian ilusi\u00f3n&#8217; comenz\u00f3 el pasado 2 de junio con <strong>\u2018Ram\u00f3n, paleont\u00f3logo de profesi\u00f3n\u2019<\/strong>, y el d\u00eda 4 con\u00a0 <strong>&#8216;Aurora locutora&#8217;<\/strong> y <strong>&#8216;Pablo Garc\u00eda polic\u00eda&#8217;, <\/strong>dos relatos protagonizados por una ni\u00f1a ciega apasionada por la radio y por un peque\u00f1o m\u00e1s bajito de lo normal a causa de la acondroplasia que sue\u00f1a con ser un gran detective, y el d\u00eda 11 con &#8220;<b><i><span lang=\"CA\">Regina, as de la cocina&#8221; <\/span><\/i><\/b><span lang=\"CA\">\u00a0(sordo ceguera).<\/span><\/p>\n<p>Las seis historias forman parte de la colecci\u00f3n <strong>&#8216;Cuentos que contagian ilusi\u00f3n&#8217;, <\/strong>que se aloja en la <a href=\"http:\/\/bibliotecainfantil.fundaciononce.es\">biblioteca infantil de Fundaci\u00f3n ONCE<\/a> y que nace de la idea original de Concausa para mostrar a los ni\u00f1os qu\u00e9 es la discapacidad y fomentar en ellos valores como la no discriminaci\u00f3n, el respeto o la tolerancia.<\/p>\n<p>Seg\u00fan explica <strong>Sabina Lobato, <\/strong>directora de Formaci\u00f3n y Empleo, Operaciones y Transformaci\u00f3n de Fundaci\u00f3n ONCE, el prop\u00f3sito de estas historias es que los m\u00e1s peque\u00f1os conozcan la discapacidad y, <strong>sobre todo, la realidad de que se puede vivir con ella de una forma normalizada. <\/strong><\/p>\n<p>La colecci\u00f3n, que <strong>ofrece<\/strong> <strong>una serie de manualidades para hacer en familia<\/strong> o como recurso educativo en los centros escolares, consta ya de un total de 12 t\u00edtulos que pretenden mostrar las\u00a0vivencias\u00a0de ni\u00f1os y ni\u00f1as\u00a0con discapacidad\u00a0a trav\u00e9s de sus divertidas aventuras, puesto que todos los cuentos est\u00e1n protagonizados por peque\u00f1os con discapacidad y, adem\u00e1s, <strong>traducidos al catal\u00e1n, euskera, gallego e ingl\u00e9s. <\/strong><\/p>\n<p>De esta forma, los ni\u00f1os que se acerquen a la biblioteca infantil de Fundaci\u00f3n ONCE podr\u00e1n conocer a Pablo, Nacho, Aitor, Rosal\u00eda, Amador, Aurora, Silvina, Aneta, Calista, Regina,Ram\u00f3n y Baltasar, todos ellos peque\u00f1os que muestran sus deseos de ser polic\u00edas, tenistas, pilotos de aviaci\u00f3n, esp\u00edas, actores, locutores, bailarines, poetas, periodistas, cocineros, cientificos o paleont\u00f3logos en una serie realizada por <strong>Eva Latonda y Maru Garc\u00eda.<\/strong><\/p>\n<p>Los sue\u00f1os de todos ellos se encuentran bajo los t\u00edtulos de <strong>&#8216;Pablo Garc\u00eda polic\u00eda&#8217;,<\/strong> \u2018<strong>Nacho pista tenista\u2019, \u2018Aitor aviador\u2019, \u2018Rosal\u00eda la esp\u00eda\u2019, \u2018Amador actor\u2019, \u2018Aurora locutora\u2019, \u2018Silvina bailarina\u2019, \u2018Aneta poeta\u2019, &#8216;Calista periodista&#8217;, <\/strong>\u2018<strong>Regina as de la cocina\u2019, \u2018Baltasar, nacido para investigar\u2019 y \u2018Ram\u00f3n paleont\u00f3logo de profesi\u00f3n\u2019, <\/strong>que son los cuentos que componen hasta la fecha la colecci\u00f3n.<\/p>\n","protected":false},"excerpt":{"rendered":"<p><a href=\"https:\/\/agora.xtec.cat\/credv\/wp-content\/uploads\/usu1287\/2020\/06\/fudaonce.png\"><\/a>Contes que encomanen il\u00b7lusi\u00f3<br \/>\n&nbsp;<br \/>\n&nbsp;<br \/>\n&nbsp;<br \/>\nEn el marco de &#8216;Aprendemos en casa&#8217;, la iniciativa impulsada por el Ministerio de Educaci\u00f3n para facilitar la formaci\u00f3n de los escolares durante el confinamiento<br \/>\nClan TV emite en su programaci\u00f3n especial para el cole los &#8216;Cuentos que contagian ilusi\u00f3n&#8217; de&hellip;  <a href=\"https:\/\/agora.xtec.cat\/credv\/portada\/contes-que-encomanen-illusio-de-fundacio-once-i-clan-tv\/\" title=\"Read &#8220;Contes que encomanen il\u00b7lusi\u00f3&#8221; de Fundaci\u00f3 ONCE i Clan TV\">Llegeix m\u00e9s\u00bb<\/a><\/p>\n","protected":false},"author":1,"featured_media":9597,"comment_status":"closed","ping_status":"closed","sticky":false,"template":"","format":"standard","meta":{"_bbp_topic_count":0,"_bbp_reply_count":0,"_bbp_total_topic_count":0,"_bbp_total_reply_count":0,"_bbp_voice_count":0,"_bbp_anonymous_reply_count":0,"_bbp_topic_count_hidden":0,"_bbp_reply_count_hidden":0,"_bbp_forum_subforum_count":0,"footnotes":""},"categories":[273],"tags":[389],"class_list":["post-9596","post","type-post","status-publish","format-standard","has-post-thumbnail","hentry","category-portada","tag-escola-inclusiva"],"post_mailing_queue_ids":[],"_links":{"self":[{"href":"https:\/\/agora.xtec.cat\/credv\/wp-json\/wp\/v2\/posts\/9596","targetHints":{"allow":["GET"]}}],"collection":[{"href":"https:\/\/agora.xtec.cat\/credv\/wp-json\/wp\/v2\/posts"}],"about":[{"href":"https:\/\/agora.xtec.cat\/credv\/wp-json\/wp\/v2\/types\/post"}],"author":[{"embeddable":true,"href":"https:\/\/agora.xtec.cat\/credv\/wp-json\/wp\/v2\/users\/1"}],"replies":[{"embeddable":true,"href":"https:\/\/agora.xtec.cat\/credv\/wp-json\/wp\/v2\/comments?post=9596"}],"version-history":[{"count":2,"href":"https:\/\/agora.xtec.cat\/credv\/wp-json\/wp\/v2\/posts\/9596\/revisions"}],"predecessor-version":[{"id":9599,"href":"https:\/\/agora.xtec.cat\/credv\/wp-json\/wp\/v2\/posts\/9596\/revisions\/9599"}],"wp:featuredmedia":[{"embeddable":true,"href":"https:\/\/agora.xtec.cat\/credv\/wp-json\/wp\/v2\/media\/9597"}],"wp:attachment":[{"href":"https:\/\/agora.xtec.cat\/credv\/wp-json\/wp\/v2\/media?parent=9596"}],"wp:term":[{"taxonomy":"category","embeddable":true,"href":"https:\/\/agora.xtec.cat\/credv\/wp-json\/wp\/v2\/categories?post=9596"},{"taxonomy":"post_tag","embeddable":true,"href":"https:\/\/agora.xtec.cat\/credv\/wp-json\/wp\/v2\/tags?post=9596"}],"curies":[{"name":"wp","href":"https:\/\/api.w.org\/{rel}","templated":true}]}}