{"id":9559,"date":"2020-06-02T12:16:17","date_gmt":"2020-06-02T10:16:17","guid":{"rendered":"http:\/\/agora.xtec.cat\/credv\/?p=9559"},"modified":"2020-06-03T11:48:15","modified_gmt":"2020-06-03T09:48:15","slug":"musica-a-les-mans-celebracio-de-la-14a-edicio","status":"publish","type":"post","link":"https:\/\/agora.xtec.cat\/credv\/portada\/musica-a-les-mans-celebracio-de-la-14a-edicio\/","title":{"rendered":"&#8220;M\u00fasica a les Mans&#8221; celebraci\u00f3 de la 14a edici\u00f3"},"content":{"rendered":"<p><a href=\"https:\/\/agora.xtec.cat\/credv\/wp-content\/uploads\/usu1287\/2011\/05\/musica.jpg\"><img loading=\"lazy\" decoding=\"async\" class=\"alignnone size-medium wp-image-531\" src=\"https:\/\/agora.xtec.cat\/credv\/wp-content\/uploads\/usu1287\/2011\/05\/musica-239x300.jpg\" alt=\"Mans amb notes musicals\" width=\"239\" height=\"300\" srcset=\"https:\/\/agora.xtec.cat\/credv\/wp-content\/uploads\/usu1287\/2011\/05\/musica-239x300.jpg 239w, https:\/\/agora.xtec.cat\/credv\/wp-content\/uploads\/usu1287\/2011\/05\/musica.jpg 250w\" sizes=\"auto, (max-width: 239px) 100vw, 239px\" \/><\/a><\/p>\n<p style=\"font-weight: 400; text-align: justify;\">Aquest <strong>dissabte 6 de juny,<\/strong> a les 19:00 h, es podr\u00e0 veure pel <strong>canal de Youtube d\u2019ONCE Catalunya, <a href=\"https:\/\/www.youtube.com\/channel\/UCUj3c5YSMngNtNA0n05xj1A\/featured\">&#8220;Cultura a Cegues&#8221;<\/a><\/strong>, la <strong>14a edici\u00f3 de &#8220;M\u00fasica a les Mans&#8221;.<\/strong><\/p>\n<p><a href=\"https:\/\/www.youtube.com\/c\/culturaacegues\">Link directe al canal:: https:\/\/www.youtube.com\/c\/culturaacegues\u00a0<\/a><\/p>\n<p style=\"text-align: justify;\">Aquest cop, ser\u00e0 una edici\u00f3 especial, una tarda de retrobaments, malgrat la pand\u00e8mia, que ens ha fet modificar el format tradicional d\u2019aquesta trobada.<\/p>\n<p style=\"font-weight: 400; text-align: justify;\">Els especialistes de m\u00fasica del CREDV\/CRE ONCE Barcelona, han fet un gran treball de contacte amb alumnes que ara estan reben el nostre suport i amb alumnes que el van rebre fa anys, per tal de crear un programa musical excepcional!<\/p>\n<p><a href=\"https:\/\/drive.google.com\/file\/d\/1B0fuTiiO5HLN_5ob_BhZyDkQsJs1V20W\/view?usp=sharing\">Programa de &#8220;Musica a les Mans&#8221;<\/a><\/p>\n<p style=\"text-align: justify;\">Aquest any hi participaran m\u00e9s de 30 estudiants amb discapacitat visual procedents de diverses Escoles de M\u00fasica i Conservatoris de Catalunya, que interpretaran una mostra del treball que estan realitzant en els seus respectius centres. Entre les peces seleccionades, podrem escoltar: <em>Per a Elisa<\/em>, una adaptaci\u00f3 al piano de l\u2019obra de Beethoven; <em>City of stars<\/em> (flauta travessera); <em>No holly for miss Queen d\u2019Enya<\/em>, al piano; en veu <em>Bicicletes<\/em> de Blaumud o<br \/>\n<em>Isn`t she lovely<\/em> d\u2019Stevie Wonder en baix el\u00e8ctric.<\/p>\n<p style=\"text-align: justify;\"><em>M\u00fasica a les Mans <\/em>\u00e9s un espai de conviv\u00e8ncia, un punt de trobada en el qual els estudiants d&#8217;Escoles de M\u00fasica i Conservatoris de Catalunya, que utilitzen el codi Braille o altres recursos espec\u00edfics, poden compartir la seva afici\u00f3 i el seu repertori, al mateix temps que s&#8217;afavoreix la coordinaci\u00f3 entre els seus diferents centres per compartir l\u2019experi\u00e8ncia i generar noves propostes que incideixin en una millora de l&#8217;atenci\u00f3 educativa. <em>M\u00fasica a les mans<\/em> tamb\u00e9 \u00e9s un espai en el que es posa en valor la tasca de tots els professionals que treballen per la inclusi\u00f3 educativa, aix\u00ed com l\u2019esfor\u00e7 i dedicaci\u00f3 dels estudiants i les seves fam\u00edlies, una tasca de la que a casa nostra i a nivell europeu en som pioners des de fa m\u00e9s de 30 anys.<\/p>\n<p style=\"text-align: justify;\">Us volem agrair el vostre suport, i si encara no heu pogut visitar el canal \u2018Cultura a cegues\u2019 i gaudir de les diferents emissions, us facilitem l\u2019enlla\u00e7 per a que us connecteu.<\/p>\n<p><a href=\"https:\/\/www.youtube.com\/c\/culturaacegues\">Link directe al canal:: https:\/\/www.youtube.com\/c\/culturaacegues\u00a0<\/a><\/p>\n<p style=\"font-weight: 400;\">Gaudiu i compartiu!<\/p>\n","protected":false},"excerpt":{"rendered":"<p><a href=\"https:\/\/agora.xtec.cat\/credv\/wp-content\/uploads\/usu1287\/2011\/05\/musica.jpg\"><\/a><br \/>\nAquest dissabte 6 de juny, a les 19:00 h, es podr\u00e0 veure pel canal de Youtube d\u2019ONCE Catalunya, <a href=\"https:\/\/www.youtube.com\/channel\/UCUj3c5YSMngNtNA0n05xj1A\/featured\">&#8220;Cultura a Cegues&#8221;<\/a>, la 14a edici\u00f3 de &#8220;M\u00fasica a les Mans&#8221;.<br \/>\n<a href=\"https:\/\/www.youtube.com\/c\/culturaacegues\">Link directe al canal:: https:\/\/www.youtube.com\/c\/culturaacegues\u00a0<\/a><br \/>\nAquest cop, ser\u00e0 una edici\u00f3 especial, una tarda de retrobaments,&hellip;  <a href=\"https:\/\/agora.xtec.cat\/credv\/portada\/musica-a-les-mans-celebracio-de-la-14a-edicio\/\" title=\"Read &#8220;M\u00fasica a les Mans&#8221; celebraci\u00f3 de la 14a edici\u00f3\">Llegeix m\u00e9s\u00bb<\/a><\/p>\n","protected":false},"author":1,"featured_media":531,"comment_status":"closed","ping_status":"closed","sticky":false,"template":"","format":"standard","meta":{"_bbp_topic_count":0,"_bbp_reply_count":0,"_bbp_total_topic_count":0,"_bbp_total_reply_count":0,"_bbp_voice_count":0,"_bbp_anonymous_reply_count":0,"_bbp_topic_count_hidden":0,"_bbp_reply_count_hidden":0,"_bbp_forum_subforum_count":0,"footnotes":""},"categories":[337,273],"tags":[377],"class_list":["post-9559","post","type-post","status-publish","format-standard","has-post-thumbnail","hentry","category-musica","category-portada","tag-musica"],"post_mailing_queue_ids":[],"_links":{"self":[{"href":"https:\/\/agora.xtec.cat\/credv\/wp-json\/wp\/v2\/posts\/9559","targetHints":{"allow":["GET"]}}],"collection":[{"href":"https:\/\/agora.xtec.cat\/credv\/wp-json\/wp\/v2\/posts"}],"about":[{"href":"https:\/\/agora.xtec.cat\/credv\/wp-json\/wp\/v2\/types\/post"}],"author":[{"embeddable":true,"href":"https:\/\/agora.xtec.cat\/credv\/wp-json\/wp\/v2\/users\/1"}],"replies":[{"embeddable":true,"href":"https:\/\/agora.xtec.cat\/credv\/wp-json\/wp\/v2\/comments?post=9559"}],"version-history":[{"count":3,"href":"https:\/\/agora.xtec.cat\/credv\/wp-json\/wp\/v2\/posts\/9559\/revisions"}],"predecessor-version":[{"id":9589,"href":"https:\/\/agora.xtec.cat\/credv\/wp-json\/wp\/v2\/posts\/9559\/revisions\/9589"}],"wp:featuredmedia":[{"embeddable":true,"href":"https:\/\/agora.xtec.cat\/credv\/wp-json\/wp\/v2\/media\/531"}],"wp:attachment":[{"href":"https:\/\/agora.xtec.cat\/credv\/wp-json\/wp\/v2\/media?parent=9559"}],"wp:term":[{"taxonomy":"category","embeddable":true,"href":"https:\/\/agora.xtec.cat\/credv\/wp-json\/wp\/v2\/categories?post=9559"},{"taxonomy":"post_tag","embeddable":true,"href":"https:\/\/agora.xtec.cat\/credv\/wp-json\/wp\/v2\/tags?post=9559"}],"curies":[{"name":"wp","href":"https:\/\/api.w.org\/{rel}","templated":true}]}}