{"id":9539,"date":"2020-04-24T13:00:50","date_gmt":"2020-04-24T11:00:50","guid":{"rendered":"http:\/\/agora.xtec.cat\/credv\/?p=9539"},"modified":"2020-04-24T13:01:24","modified_gmt":"2020-04-24T11:01:24","slug":"reportatge-al-segre-educacio-inclusiva-a-casa","status":"publish","type":"post","link":"https:\/\/agora.xtec.cat\/credv\/portada\/reportatge-al-segre-educacio-inclusiva-a-casa\/","title":{"rendered":"Reportatge al Segre &#8220;Educaci\u00f3 inclusiva a casa&#8221;"},"content":{"rendered":"<p><a href=\"https:\/\/agora.xtec.cat\/credv\/wp-content\/uploads\/usu1287\/2020\/04\/JULIA.jpg\"><img loading=\"lazy\" decoding=\"async\" class=\"alignnone size-medium wp-image-9540\" src=\"https:\/\/agora.xtec.cat\/credv\/wp-content\/uploads\/usu1287\/2020\/04\/JULIA-300x173.jpg\" alt=\"\u00a9 J\u00falia Ribera, una joven de Alentorn con discapacidad visual que utiliza una telelupa para estudiar. J.RIBERA\" width=\"300\" height=\"173\" srcset=\"https:\/\/agora.xtec.cat\/credv\/wp-content\/uploads\/usu1287\/2020\/04\/JULIA-300x173.jpg 300w, https:\/\/agora.xtec.cat\/credv\/wp-content\/uploads\/usu1287\/2020\/04\/JULIA.jpg 467w\" sizes=\"auto, (max-width: 300px) 100vw, 300px\" \/><\/a><\/p>\n<p>El 15 d&#8217;abril de 2020, s&#8217;ha publicat al Diari Segre el reportatge &#8220;Educaci\u00f3 inclusiva a casa&#8221;.<\/p>\n<p>Mostra com els estudiants lleidatans amb discapacitat visual s&#8217;adapten al confinament utilitzant les videotrucades i el correu electr\u00f2nic juntament amb les seves eines tiflot\u00e8cniques espec\u00edfiques: la lupa televisi\u00f3, el magnificador Zoomtext, etc.<\/p>\n<p>No us perdeu el reportatge en aquest enlla\u00e7 <a href=\"https:\/\/www.segre.com\/es\/noticias\/guia\/2020\/04\/15\/educacion_inclusiva_casa_103949_1111.html\">&#8220;Educaci\u00f3 inclusiva a casa&#8221;<\/a>.<\/p>\n","protected":false},"excerpt":{"rendered":"<p><a href=\"https:\/\/agora.xtec.cat\/credv\/wp-content\/uploads\/usu1287\/2020\/04\/JULIA.jpg\"><\/a><br \/>\nEl 15 d&#8217;abril de 2020, s&#8217;ha publicat al Diari Segre el reportatge &#8220;Educaci\u00f3 inclusiva a casa&#8221;.<br \/>\nMostra com els estudiants lleidatans amb discapacitat visual s&#8217;adapten al confinament utilitzant les videotrucades i el correu electr\u00f2nic juntament amb les seves eines tiflot\u00e8cniques espec\u00edfiques: la lupa televisi\u00f3, el&hellip;  <a href=\"https:\/\/agora.xtec.cat\/credv\/portada\/reportatge-al-segre-educacio-inclusiva-a-casa\/\" title=\"Read Reportatge al Segre &#8220;Educaci\u00f3 inclusiva a casa&#8221;\">Llegeix m\u00e9s\u00bb<\/a><\/p>\n","protected":false},"author":1,"featured_media":9540,"comment_status":"closed","ping_status":"closed","sticky":false,"template":"","format":"standard","meta":{"_bbp_topic_count":0,"_bbp_reply_count":0,"_bbp_total_topic_count":0,"_bbp_total_reply_count":0,"_bbp_voice_count":0,"_bbp_anonymous_reply_count":0,"_bbp_topic_count_hidden":0,"_bbp_reply_count_hidden":0,"_bbp_forum_subforum_count":0,"footnotes":""},"categories":[287,273],"tags":[389,384],"class_list":["post-9539","post","type-post","status-publish","format-standard","has-post-thumbnail","hentry","category-als-mitjans","category-portada","tag-escola-inclusiva","tag-reportatges"],"post_mailing_queue_ids":[],"_links":{"self":[{"href":"https:\/\/agora.xtec.cat\/credv\/wp-json\/wp\/v2\/posts\/9539","targetHints":{"allow":["GET"]}}],"collection":[{"href":"https:\/\/agora.xtec.cat\/credv\/wp-json\/wp\/v2\/posts"}],"about":[{"href":"https:\/\/agora.xtec.cat\/credv\/wp-json\/wp\/v2\/types\/post"}],"author":[{"embeddable":true,"href":"https:\/\/agora.xtec.cat\/credv\/wp-json\/wp\/v2\/users\/1"}],"replies":[{"embeddable":true,"href":"https:\/\/agora.xtec.cat\/credv\/wp-json\/wp\/v2\/comments?post=9539"}],"version-history":[{"count":1,"href":"https:\/\/agora.xtec.cat\/credv\/wp-json\/wp\/v2\/posts\/9539\/revisions"}],"predecessor-version":[{"id":9541,"href":"https:\/\/agora.xtec.cat\/credv\/wp-json\/wp\/v2\/posts\/9539\/revisions\/9541"}],"wp:featuredmedia":[{"embeddable":true,"href":"https:\/\/agora.xtec.cat\/credv\/wp-json\/wp\/v2\/media\/9540"}],"wp:attachment":[{"href":"https:\/\/agora.xtec.cat\/credv\/wp-json\/wp\/v2\/media?parent=9539"}],"wp:term":[{"taxonomy":"category","embeddable":true,"href":"https:\/\/agora.xtec.cat\/credv\/wp-json\/wp\/v2\/categories?post=9539"},{"taxonomy":"post_tag","embeddable":true,"href":"https:\/\/agora.xtec.cat\/credv\/wp-json\/wp\/v2\/tags?post=9539"}],"curies":[{"name":"wp","href":"https:\/\/api.w.org\/{rel}","templated":true}]}}