{"id":9520,"date":"2020-04-17T15:46:47","date_gmt":"2020-04-17T13:46:47","guid":{"rendered":"http:\/\/agora.xtec.cat\/credv\/?p=9520"},"modified":"2020-04-17T15:51:25","modified_gmt":"2020-04-17T13:51:25","slug":"algunes-propostes-musicals-per-gaudir-a-casa","status":"publish","type":"post","link":"https:\/\/agora.xtec.cat\/credv\/families\/algunes-propostes-musicals-per-gaudir-a-casa\/","title":{"rendered":"Algunes propostes Musicals per gaudir a casa"},"content":{"rendered":"<p><a href=\"https:\/\/agora.xtec.cat\/credv\/wp-content\/uploads\/usu1287\/2011\/05\/musica.jpg\"><img loading=\"lazy\" decoding=\"async\" class=\"alignnone size-medium wp-image-531\" src=\"https:\/\/agora.xtec.cat\/credv\/wp-content\/uploads\/usu1287\/2011\/05\/musica-239x300.jpg\" alt=\"Mans amb notes musicals\" width=\"239\" height=\"300\" srcset=\"https:\/\/agora.xtec.cat\/credv\/wp-content\/uploads\/usu1287\/2011\/05\/musica-239x300.jpg 239w, https:\/\/agora.xtec.cat\/credv\/wp-content\/uploads\/usu1287\/2011\/05\/musica.jpg 250w\" sizes=\"auto, (max-width: 239px) 100vw, 239px\" \/><\/a><\/p>\n<p>L&#8217;<strong>Equip de M\u00fasica del CREDV-CRE ONCE Barcelona<\/strong> us proposa les seg\u00fcents activitats musicals per compartir en fam\u00edlia, per als vostres fills i filles d&#8217;Educaci\u00f3 Infantil i cicle inicial de Prim\u00e0ria.<\/p>\n<p>S\u00f3n activitats que en molts casos \u00e9s refor\u00e7ar i no oblidar perqu\u00e8 segurament ja les estan fent.<\/p>\n<ol>\n<li>Ballar amb m\u00fasica que agradi a totes les generacions.<\/li>\n<\/ol>\n<ul>\n<li>TROLLS: Can\u2019t stop the feeling- GoNoodle<\/li>\n<\/ul>\n<p><a href=\"https:\/\/www.youtube.com\/watch?v=lYriMzzMsUw&amp;feature=emb_rel_end\">https:\/\/www.youtube.com\/watch?v=lYriMzzMsUw&amp;feature=emb_rel_end<\/a><\/p>\n<ul>\n<li>El lle\u00f3 vergony\u00f3s- El Pot Petit<\/li>\n<\/ul>\n<p><a href=\"https:\/\/www.youtube.com\/watch?v=lYriMzzMsUw&amp;feature=emb_rel_end\">https:\/\/www.youtube.com\/watch?v=lYriMzzMsUw&amp;feature=emb_rel_end<\/a><\/p>\n<ol start=\"2\">\n<li>Cantar can\u00e7ons amb karaoke o no.<\/li>\n<\/ol>\n<ul>\n<li>Els instruments \u2013 D\u00e0maris Gelabert<\/li>\n<\/ul>\n<p><a href=\"https:\/\/www.youtube.com\/watch?v=ksFEnFMeyhg\">https:\/\/www.youtube.com\/watch?v=ksFEnFMeyhg<\/a><\/p>\n<ul>\n<li>La primavera \u2013 D\u00e0maris Gelabert<\/li>\n<\/ul>\n<p><a href=\"https:\/\/www.youtube.com\/watch?v=K851gOYea1E\">https:\/\/www.youtube.com\/watch?v=K851gOYea1E<\/a><\/p>\n<ol start=\"3\">\n<li>Joc musical per tota la familia:<\/li>\n<\/ol>\n<p><a href=\"https:\/\/www.youtube.com\/watch?v=BJ4MAMldkYc\">https:\/\/www.youtube.com\/watch?v=BJ4MAMldkYc<\/a><\/p>\n<ol start=\"4\">\n<li>Audicions que ens han arribat per compartir:<\/li>\n<\/ol>\n<ul>\n<li>Les cordes de l\u2019arpa i les notes musicals<\/li>\n<\/ul>\n<p>INSTAGRAM: <a href=\"https:\/\/www.instagram.com\/tv\/B-cyCeZiIex\/?igshid=raorqpts7md7\">https:\/\/www.instagram.com\/tv\/B-cyCeZiIex\/?igshid=raorqpts7md7<\/a><\/p>\n<p>FACEBOOK: <a href=\"https:\/\/m.facebook.com\/story.php?story_fbid=209184940412162&amp;id=100039619715229\">https:\/\/m.facebook.com\/story.php?story_fbid=209184940412162&amp;id=100039619715229<\/a><\/p>\n<ul>\n<li>La Flautista d\u2019Hamelin<\/li>\n<\/ul>\n<p>INSTAGRAM: <a href=\"https:\/\/www.instagram.com\/tv\/B-KQ5TCJFBH\/?igshid=1b7t42q3p2nap\">https:\/\/www.instagram.com\/tv\/B-KQ5TCJFBH\/?igshid=1b7t42q3p2nap<\/a><br \/>\nFACEBOOK: <a href=\"https:\/\/m.facebook.com\/story.php?story_fbid=204309560899700&amp;id=100039619715229\">https:\/\/m.facebook.com\/story.php?story_fbid=204309560899700&amp;id=100039619715229<\/a><\/p>\n<ul>\n<li>El conte del sabater<\/li>\n<\/ul>\n<p>INSTAGRAM: <a href=\"https:\/\/www.instagram.com\/tv\/B99fRjhpY7U\/?igshid=1pm5309ib3k1b\">https:\/\/www.instagram.com\/tv\/B99fRjhpY7U\/?igshid=1pm5309ib3k1b<\/a><br \/>\nFACEBOOK:<a href=\"https:\/\/m.facebook.com\/story.php?story_fbid=200990497898273&amp;id=100039619715229\">https:\/\/m.facebook.com\/story.php?story_fbid=200990497898273&amp;id=100039619715229<\/a><\/p>\n","protected":false},"excerpt":{"rendered":"<p><a href=\"https:\/\/agora.xtec.cat\/credv\/wp-content\/uploads\/usu1287\/2011\/05\/musica.jpg\"><\/a><br \/>\nL&#8217;Equip de M\u00fasica del CREDV-CRE ONCE Barcelona us proposa les seg\u00fcents activitats musicals per compartir en fam\u00edlia, per als vostres fills i filles d&#8217;Educaci\u00f3 Infantil i cicle inicial de Prim\u00e0ria.<br \/>\nS\u00f3n activitats que en molts casos \u00e9s refor\u00e7ar i no oblidar perqu\u00e8 segurament ja les&hellip;  <a href=\"https:\/\/agora.xtec.cat\/credv\/families\/algunes-propostes-musicals-per-gaudir-a-casa\/\" title=\"Read Algunes propostes Musicals per gaudir a casa\">Llegeix m\u00e9s\u00bb<\/a><\/p>\n","protected":false},"author":1,"featured_media":2830,"comment_status":"closed","ping_status":"closed","sticky":false,"template":"","format":"standard","meta":{"_bbp_topic_count":0,"_bbp_reply_count":0,"_bbp_total_topic_count":0,"_bbp_total_reply_count":0,"_bbp_voice_count":0,"_bbp_anonymous_reply_count":0,"_bbp_topic_count_hidden":0,"_bbp_reply_count_hidden":0,"_bbp_forum_subforum_count":0,"footnotes":""},"categories":[271,337,273],"tags":[377],"class_list":["post-9520","post","type-post","status-publish","format-standard","has-post-thumbnail","hentry","category-families","category-musica","category-portada","tag-musica"],"post_mailing_queue_ids":[],"_links":{"self":[{"href":"https:\/\/agora.xtec.cat\/credv\/wp-json\/wp\/v2\/posts\/9520","targetHints":{"allow":["GET"]}}],"collection":[{"href":"https:\/\/agora.xtec.cat\/credv\/wp-json\/wp\/v2\/posts"}],"about":[{"href":"https:\/\/agora.xtec.cat\/credv\/wp-json\/wp\/v2\/types\/post"}],"author":[{"embeddable":true,"href":"https:\/\/agora.xtec.cat\/credv\/wp-json\/wp\/v2\/users\/1"}],"replies":[{"embeddable":true,"href":"https:\/\/agora.xtec.cat\/credv\/wp-json\/wp\/v2\/comments?post=9520"}],"version-history":[{"count":2,"href":"https:\/\/agora.xtec.cat\/credv\/wp-json\/wp\/v2\/posts\/9520\/revisions"}],"predecessor-version":[{"id":9522,"href":"https:\/\/agora.xtec.cat\/credv\/wp-json\/wp\/v2\/posts\/9520\/revisions\/9522"}],"wp:featuredmedia":[{"embeddable":true,"href":"https:\/\/agora.xtec.cat\/credv\/wp-json\/wp\/v2\/media\/2830"}],"wp:attachment":[{"href":"https:\/\/agora.xtec.cat\/credv\/wp-json\/wp\/v2\/media?parent=9520"}],"wp:term":[{"taxonomy":"category","embeddable":true,"href":"https:\/\/agora.xtec.cat\/credv\/wp-json\/wp\/v2\/categories?post=9520"},{"taxonomy":"post_tag","embeddable":true,"href":"https:\/\/agora.xtec.cat\/credv\/wp-json\/wp\/v2\/tags?post=9520"}],"curies":[{"name":"wp","href":"https:\/\/api.w.org\/{rel}","templated":true}]}}