{"id":9355,"date":"2019-04-10T22:56:41","date_gmt":"2019-04-10T20:56:41","guid":{"rendered":"http:\/\/agora.xtec.cat\/credv\/?p=9355"},"modified":"2019-04-10T22:57:03","modified_gmt":"2019-04-10T20:57:03","slug":"jornada-de-formacio-interna-al-credv-cre-once-barcelona-11-i-12-marc-2019","status":"publish","type":"post","link":"https:\/\/agora.xtec.cat\/credv\/portada\/jornada-de-formacio-interna-al-credv-cre-once-barcelona-11-i-12-marc-2019\/","title":{"rendered":"Jornada de formaci\u00f3 interna al CREDV &#8211; CRE ONCE Barcelona. 11 i 12 abril 2019"},"content":{"rendered":"<p><a href=\"https:\/\/agora.xtec.cat\/credv\/wp-content\/uploads\/usu1287\/2018\/01\/birrete.jpg\"><img loading=\"lazy\" decoding=\"async\" class=\"alignnone wp-image-9186\" src=\"https:\/\/agora.xtec.cat\/credv\/wp-content\/uploads\/usu1287\/2018\/01\/birrete.jpg\" alt=\"Birrete\" width=\"154\" height=\"154\" srcset=\"https:\/\/agora.xtec.cat\/credv\/wp-content\/uploads\/usu1287\/2018\/01\/birrete.jpg 480w, https:\/\/agora.xtec.cat\/credv\/wp-content\/uploads\/usu1287\/2018\/01\/birrete-150x150.jpg 150w, https:\/\/agora.xtec.cat\/credv\/wp-content\/uploads\/usu1287\/2018\/01\/birrete-300x300.jpg 300w\" sizes=\"auto, (max-width: 154px) 100vw, 154px\" \/><\/a><\/p>\n<p>Amb el tema &#8220;L&#8217;escola en la societat del segle XXI. Innovaci\u00f3 Educativa i inclusi\u00f3&#8221;, el CREDV &#8211; CRE ONCE Barcelona inicia la formaci\u00f3 interna del curs 2018-19.<\/p>\n<p>Els professionals podran gaudir amb confer\u00e8ncies, taules rodones, tallers i cercles de conversa.<\/p>\n<ul>\n<li>CONFER\u00c8NCIA.\u00a0LA FILOSOF\u00cdA EN UN TIEMPO ATROZ.\u00a0Sr. Alfonso Herrera.\u00a0Fil\u00f2sof.<\/li>\n<li>TAULA RODONA.\u00a0PROPOSTES QUE EDUQUEN.\u00a0Modera: Sr. Albert Ruf. Intervenen:<br \/>\nSra. Roser Jordan. Escola \u00cdtaca (Manresa)<br \/>\nSra. Carme Saez. Projecte Vincular per educar (Barcelona)<br \/>\nSra. Rosa Gasch. Escola Nad\u00eds-SCS (Barcelona)<br \/>\nSra. Em\u00edlia Mil\u00e0. Institut Salas i Xandri (Sant Quirze del Vall\u00e8s).<\/li>\n<li>TALLERS SIMULTANIS.\u00a0INNOVACI\u00d3 EDUCATIVA I INCLUSI\u00d3<br \/>\n1.-Escola Jesu\u00eftes El Clot. Sr. Jordi L\u00f3pez<br \/>\nCoordina: Sra. Rosario Guirao<br \/>\n2.-Escola Concepci\u00f3 Arenal. Sra. Begonya Par\u00e9s<br \/>\nCoordina: Sra. Carme L\u00f3pez<br \/>\n3.-Escola Bressol Trencad\u00eds. Sra. Sara Torrents<br \/>\nCoordina: Sra. Mar\u00eda Jos\u00e9 Sanz<br \/>\n4.-Escola Paco Candel. Sra. L\u00eddia Rodr\u00edguez i Sra. Llu\u00efsa Garc\u00eda<br \/>\nCoordina: Sra. Neus Cerd\u00e0<\/li>\n<li>TAULA RODONA.\u00a0TECNOLOGIA I EDUCACI\u00d3.\u00a0Modera: Sra. Ma Teresa Corbella.<br \/>\nIntervenen:<br \/>\nSr. Julio P\u00e9rez. Departament d\u2019Educaci\u00f3.CESIRE<br \/>\nSr. David Hispano. Fundaci\u00f3 Collserola<br \/>\nSr. Pitu Mart\u00ednez. Departament d\u2019Educaci\u00f3. \u00c0rea de Cultura Digital<\/li>\n<li>CERCLES DE CONVERSA.<br \/>\n1.- ALUMNE Coordinen: Sra. Laura Risque i Sra. Dolors Moreiras<br \/>\n2.- ESCOLA Coordinen: Sr. Albert Sol\u00e9 i Sr. Albert Ruf<br \/>\n3.- PROFESSIONALS Coordinen Sra. Gemma Catal\u00e0 i Sra. Cl\u00e0udia<br \/>\nErnica<br \/>\n4.- SOCIETAT Coordinen Sra. Ma Carme Cano i Sra. Lorena Cama\u00f1o<\/li>\n<\/ul>\n<p>Bona formaci\u00f3!<\/p>\n","protected":false},"excerpt":{"rendered":"<p><a href=\"https:\/\/agora.xtec.cat\/credv\/wp-content\/uploads\/usu1287\/2018\/01\/birrete.jpg\"><\/a><br \/>\nAmb el tema &#8220;L&#8217;escola en la societat del segle XXI. Innovaci\u00f3 Educativa i inclusi\u00f3&#8221;, el CREDV &#8211; CRE ONCE Barcelona inicia la formaci\u00f3 interna del curs 2018-19.<br \/>\nEls professionals podran gaudir amb confer\u00e8ncies, taules rodones, tallers i cercles de conversa.<\/p>\n<ul>\n<li>CONFER\u00c8NCIA.\u00a0LA FILOSOF\u00cdA EN UN TIEMPO ATROZ.\u00a0Sr.&hellip;  <a href=\"https:\/\/agora.xtec.cat\/credv\/portada\/jornada-de-formacio-interna-al-credv-cre-once-barcelona-11-i-12-marc-2019\/\" title=\"Read Jornada de formaci\u00f3 interna al CREDV &#8211; CRE ONCE Barcelona. 11 i 12 abril 2019\">Llegeix m\u00e9s\u00bb<\/a><br \/>\n","protected":false},"author":1,"featured_media":9186,"comment_status":"closed","ping_status":"closed","sticky":false,"template":"","format":"standard","meta":{"_bbp_topic_count":0,"_bbp_reply_count":0,"_bbp_total_topic_count":0,"_bbp_total_reply_count":0,"_bbp_voice_count":0,"_bbp_anonymous_reply_count":0,"_bbp_topic_count_hidden":0,"_bbp_reply_count_hidden":0,"_bbp_forum_subforum_count":0,"footnotes":""},"categories":[288,273],"tags":[382],"class_list":["post-9355","post","type-post","status-publish","format-standard","has-post-thumbnail","hentry","category-formacio","category-portada","tag-formacio"],"post_mailing_queue_ids":[],"_links":{"self":[{"href":"https:\/\/agora.xtec.cat\/credv\/wp-json\/wp\/v2\/posts\/9355","targetHints":{"allow":["GET"]}}],"collection":[{"href":"https:\/\/agora.xtec.cat\/credv\/wp-json\/wp\/v2\/posts"}],"about":[{"href":"https:\/\/agora.xtec.cat\/credv\/wp-json\/wp\/v2\/types\/post"}],"author":[{"embeddable":true,"href":"https:\/\/agora.xtec.cat\/credv\/wp-json\/wp\/v2\/users\/1"}],"replies":[{"embeddable":true,"href":"https:\/\/agora.xtec.cat\/credv\/wp-json\/wp\/v2\/comments?post=9355"}],"version-history":[{"count":2,"href":"https:\/\/agora.xtec.cat\/credv\/wp-json\/wp\/v2\/posts\/9355\/revisions"}],"predecessor-version":[{"id":9357,"href":"https:\/\/agora.xtec.cat\/credv\/wp-json\/wp\/v2\/posts\/9355\/revisions\/9357"}],"wp:featuredmedia":[{"embeddable":true,"href":"https:\/\/agora.xtec.cat\/credv\/wp-json\/wp\/v2\/media\/9186"}],"wp:attachment":[{"href":"https:\/\/agora.xtec.cat\/credv\/wp-json\/wp\/v2\/media?parent=9355"}],"wp:term":[{"taxonomy":"category","embeddable":true,"href":"https:\/\/agora.xtec.cat\/credv\/wp-json\/wp\/v2\/categories?post=9355"},{"taxonomy":"post_tag","embeddable":true,"href":"https:\/\/agora.xtec.cat\/credv\/wp-json\/wp\/v2\/tags?post=9355"}],"curies":[{"name":"wp","href":"https:\/\/api.w.org\/{rel}","templated":true}]}}