{"id":9345,"date":"2019-03-24T22:01:36","date_gmt":"2019-03-24T21:01:36","guid":{"rendered":"http:\/\/agora.xtec.cat\/credv\/?p=9345"},"modified":"2019-03-24T22:01:36","modified_gmt":"2019-03-24T21:01:36","slug":"i-campus-de-tecnologia-al-cre-once-barcelona","status":"publish","type":"post","link":"https:\/\/agora.xtec.cat\/credv\/families\/i-campus-de-tecnologia-al-cre-once-barcelona\/","title":{"rendered":"I Campus de Tecnologia al CRE ONCE Barcelona"},"content":{"rendered":"<p><a href=\"https:\/\/agora.xtec.cat\/credv\/wp-content\/uploads\/usu1287\/2019\/03\/POSTER-CAMPUS.png\"><img loading=\"lazy\" decoding=\"async\" class=\"alignnone  wp-image-9346\" src=\"https:\/\/agora.xtec.cat\/credv\/wp-content\/uploads\/usu1287\/2019\/03\/POSTER-CAMPUS.png\" alt=\"25-26 i 27 de mar\u00e7 2019\" width=\"343\" height=\"491\" srcset=\"https:\/\/agora.xtec.cat\/credv\/wp-content\/uploads\/usu1287\/2019\/03\/POSTER-CAMPUS.png 381w, https:\/\/agora.xtec.cat\/credv\/wp-content\/uploads\/usu1287\/2019\/03\/POSTER-CAMPUS-210x300.png 210w\" sizes=\"auto, (max-width: 343px) 100vw, 343px\" \/><\/a><\/p>\n<p style=\"text-align: justify;\">Els propers dies 25, 26 i 27 de mar\u00e7 de 2019 es celebra el I Campus de Tecnologia al CRE ONCE Barcelona per a alumnes amb discapacitat visual.<\/p>\n<p style=\"text-align: justify;\">Els alumnes podran realitzar activitats pr\u00e0ctiques accessibles i especialment adaptades en les seg\u00fcents \u00e0rees: electricitat, estructures i mecanismes, programaci\u00f3, rob\u00f2tica, tecnologies de la informaci\u00f3 i comunicaci\u00f3 multim\u00e8dia.<\/p>\n<p style=\"text-align: justify;\">Tamb\u00e9 faran una visita pr\u00e0ctica al Centre d&#8217;Estudis Monlau, escola pionera a Espanya en formaci\u00f3 t\u00e8cnica d&#8217;automoci\u00f3 d&#8217;alta competici\u00f3, i a Cosmocaixa, on visitaran l&#8217;exposic\u00ed\u00f3 &#8220;Tintin a la Lluna&#8221; i faran el taller &#8220;Viu l&#8217;Electricitat&#8221;.<\/p>\n","protected":false},"excerpt":{"rendered":"<p><a href=\"https:\/\/agora.xtec.cat\/credv\/wp-content\/uploads\/usu1287\/2019\/03\/POSTER-CAMPUS.png\"><\/a><br \/>\nEls propers dies 25, 26 i 27 de mar\u00e7 de 2019 es celebra el I Campus de Tecnologia al CRE ONCE Barcelona per a alumnes amb discapacitat visual.<br \/>\nEls alumnes podran realitzar activitats pr\u00e0ctiques accessibles i especialment adaptades en les seg\u00fcents \u00e0rees: electricitat, estructures i&hellip;  <a href=\"https:\/\/agora.xtec.cat\/credv\/families\/i-campus-de-tecnologia-al-cre-once-barcelona\/\" title=\"Read I Campus de Tecnologia al CRE ONCE Barcelona\">Llegeix m\u00e9s\u00bb<\/a><\/p>\n","protected":false},"author":1,"featured_media":9346,"comment_status":"closed","ping_status":"closed","sticky":false,"template":"","format":"standard","meta":{"_bbp_topic_count":0,"_bbp_reply_count":0,"_bbp_total_topic_count":0,"_bbp_total_reply_count":0,"_bbp_voice_count":0,"_bbp_anonymous_reply_count":0,"_bbp_topic_count_hidden":0,"_bbp_reply_count_hidden":0,"_bbp_forum_subforum_count":0,"footnotes":""},"categories":[271,273],"tags":[402,370,420],"class_list":["post-9345","post","type-post","status-publish","format-standard","has-post-thumbnail","hentry","category-families","category-portada","tag-accessibilitat","tag-ceguesa","tag-tecnologia"],"post_mailing_queue_ids":[],"_links":{"self":[{"href":"https:\/\/agora.xtec.cat\/credv\/wp-json\/wp\/v2\/posts\/9345","targetHints":{"allow":["GET"]}}],"collection":[{"href":"https:\/\/agora.xtec.cat\/credv\/wp-json\/wp\/v2\/posts"}],"about":[{"href":"https:\/\/agora.xtec.cat\/credv\/wp-json\/wp\/v2\/types\/post"}],"author":[{"embeddable":true,"href":"https:\/\/agora.xtec.cat\/credv\/wp-json\/wp\/v2\/users\/1"}],"replies":[{"embeddable":true,"href":"https:\/\/agora.xtec.cat\/credv\/wp-json\/wp\/v2\/comments?post=9345"}],"version-history":[{"count":1,"href":"https:\/\/agora.xtec.cat\/credv\/wp-json\/wp\/v2\/posts\/9345\/revisions"}],"predecessor-version":[{"id":9347,"href":"https:\/\/agora.xtec.cat\/credv\/wp-json\/wp\/v2\/posts\/9345\/revisions\/9347"}],"wp:featuredmedia":[{"embeddable":true,"href":"https:\/\/agora.xtec.cat\/credv\/wp-json\/wp\/v2\/media\/9346"}],"wp:attachment":[{"href":"https:\/\/agora.xtec.cat\/credv\/wp-json\/wp\/v2\/media?parent=9345"}],"wp:term":[{"taxonomy":"category","embeddable":true,"href":"https:\/\/agora.xtec.cat\/credv\/wp-json\/wp\/v2\/categories?post=9345"},{"taxonomy":"post_tag","embeddable":true,"href":"https:\/\/agora.xtec.cat\/credv\/wp-json\/wp\/v2\/tags?post=9345"}],"curies":[{"name":"wp","href":"https:\/\/api.w.org\/{rel}","templated":true}]}}