{"id":9311,"date":"2018-07-06T14:28:31","date_gmt":"2018-07-06T12:28:31","guid":{"rendered":"http:\/\/agora.xtec.cat\/credv\/?p=9311"},"modified":"2018-07-06T14:29:40","modified_gmt":"2018-07-06T12:29:40","slug":"projecte-aprenem-de-lescola-ramon-fuster-i-el-credv-cre-once-barcelona","status":"publish","type":"post","link":"https:\/\/agora.xtec.cat\/credv\/professionals\/projecte-aprenem-de-lescola-ramon-fuster-i-el-credv-cre-once-barcelona\/","title":{"rendered":"Projecte @aprenem de l&#8217;escola Ramon Fuster i el CREDV-CRE ONCE Barcelona"},"content":{"rendered":"<p style=\"text-align: justify;\"><a href=\"http:\/\/agora.xtec.cat\/credv\/wp-content\/uploads\/usu1287\/2018\/07\/unnamed.jpg\"><img loading=\"lazy\" decoding=\"async\" class=\"alignnone size-medium wp-image-9312\" src=\"http:\/\/agora.xtec.cat\/credv\/wp-content\/uploads\/usu1287\/2018\/07\/unnamed-300x195.jpg\" alt=\"\" width=\"300\" height=\"195\" srcset=\"https:\/\/agora.xtec.cat\/credv\/wp-content\/uploads\/usu1287\/2018\/07\/unnamed-300x195.jpg 300w, https:\/\/agora.xtec.cat\/credv\/wp-content\/uploads\/usu1287\/2018\/07\/unnamed.jpg 572w\" sizes=\"auto, (max-width: 300px) 100vw, 300px\" \/><\/a> <a href=\"http:\/\/agora.xtec.cat\/credv\/wp-content\/uploads\/usu1287\/2018\/07\/unnamed2.jpg\"><img loading=\"lazy\" decoding=\"async\" class=\"alignnone size-medium wp-image-9313\" src=\"http:\/\/agora.xtec.cat\/credv\/wp-content\/uploads\/usu1287\/2018\/07\/unnamed2-300x195.jpg\" alt=\"\" width=\"300\" height=\"195\" srcset=\"https:\/\/agora.xtec.cat\/credv\/wp-content\/uploads\/usu1287\/2018\/07\/unnamed2-300x195.jpg 300w, https:\/\/agora.xtec.cat\/credv\/wp-content\/uploads\/usu1287\/2018\/07\/unnamed2.jpg 572w\" sizes=\"auto, (max-width: 300px) 100vw, 300px\" \/><\/a><\/p>\n<p style=\"text-align: justify;\">L&#8217;Escola Ramon Fuster de Bellaterra ha realitzat un projecte que integra l&#8217;\u00fas de la Tecnologia 3D a l&#8217;escola dins del marc del projecte &#8220;Reinvent the classroom&#8221; i l&#8217;intent de fomentar les compet\u00e8ncies STEAM en els alumnes, i sobre tot, tal i com diuen en el seu espai web, la tecnologia sigui no nom\u00e9s innovadora sin\u00f3 tamb\u00e9 accessible i inclusiva. En aquest darrer apartat \u00e9s on ha comptat amb la col\u00b7laboraci\u00f3 del CREDV-CRE ONCE Barcelonoa.<\/p>\n<p style=\"text-align: justify;\">La nostra companya Laura Risque, que fa suport a una alumna amb ceguesa en aquesta escola, ha participat donant assessorament i realitzant xerrades de sensibilitzaci\u00f3, en diversos aspectes del projecte. En la vessant t\u00e8cnica tamb\u00e9, s&#8217;ha col\u00b7laborat des del Servei TIC, M Teresa Corbella, aportant idees i necessitats en el mon de la Tecnologia 3D i la ceguesa.<\/p>\n<p style=\"text-align: justify;\"><a href=\"http:\/\/agora.xtec.cat\/credv\/wp-content\/uploads\/usu1287\/2018\/07\/unnamed5AM1LC59.jpg\"><img loading=\"lazy\" decoding=\"async\" class=\"alignnone size-medium wp-image-9314\" src=\"http:\/\/agora.xtec.cat\/credv\/wp-content\/uploads\/usu1287\/2018\/07\/unnamed5AM1LC59-300x195.jpg\" alt=\"\" width=\"300\" height=\"195\" srcset=\"https:\/\/agora.xtec.cat\/credv\/wp-content\/uploads\/usu1287\/2018\/07\/unnamed5AM1LC59-300x195.jpg 300w, https:\/\/agora.xtec.cat\/credv\/wp-content\/uploads\/usu1287\/2018\/07\/unnamed5AM1LC59.jpg 512w\" sizes=\"auto, (max-width: 300px) 100vw, 300px\" \/><\/a> <a href=\"http:\/\/agora.xtec.cat\/credv\/wp-content\/uploads\/usu1287\/2018\/07\/unnamed6.jpg\"><img loading=\"lazy\" decoding=\"async\" class=\"alignnone size-medium wp-image-9315\" src=\"http:\/\/agora.xtec.cat\/credv\/wp-content\/uploads\/usu1287\/2018\/07\/unnamed6-300x195.jpg\" alt=\"\" width=\"300\" height=\"195\" srcset=\"https:\/\/agora.xtec.cat\/credv\/wp-content\/uploads\/usu1287\/2018\/07\/unnamed6-300x195.jpg 300w, https:\/\/agora.xtec.cat\/credv\/wp-content\/uploads\/usu1287\/2018\/07\/unnamed6.jpg 371w\" sizes=\"auto, (max-width: 300px) 100vw, 300px\" \/><\/a> <a href=\"http:\/\/agora.xtec.cat\/credv\/wp-content\/uploads\/usu1287\/2018\/07\/unnamed6WHZUG1K.jpg\"><img loading=\"lazy\" decoding=\"async\" class=\"alignnone size-medium wp-image-9316\" src=\"http:\/\/agora.xtec.cat\/credv\/wp-content\/uploads\/usu1287\/2018\/07\/unnamed6WHZUG1K-300x195.jpg\" alt=\"\" width=\"300\" height=\"195\" srcset=\"https:\/\/agora.xtec.cat\/credv\/wp-content\/uploads\/usu1287\/2018\/07\/unnamed6WHZUG1K-300x195.jpg 300w, https:\/\/agora.xtec.cat\/credv\/wp-content\/uploads\/usu1287\/2018\/07\/unnamed6WHZUG1K.jpg 371w\" sizes=\"auto, (max-width: 300px) 100vw, 300px\" \/><\/a><\/p>\n<p>Us presentem el resultat d&#8217;aquest projecte innovador en el seg\u00fcent enlla\u00e7!<\/p>\n<p><a href=\"https:\/\/sites.google.com\/fundaciocollserola.cat\/aprenem\/activitats\/braille\">https:\/\/sites.google.com\/fundaciocollserola.cat\/aprenem\/activitats\/braille<\/a><\/p>\n<p>Durant el curs anterior es va realitzar tamb\u00e9 un projecte relacionat amb l&#8217;art, amb la col\u00b7laboraci\u00f3 de la nostra especialista de pl\u00e0stica Rosa P\u00e0mies.<\/p>\n<p><a href=\"https:\/\/sites.google.com\/fundaciocollserola.cat\/aprenem\/activitats\/art\">https:\/\/sites.google.com\/fundaciocollserola.cat\/aprenem\/activitats\/art<\/a><\/p>\n<p>&nbsp;<\/p>\n","protected":false},"excerpt":{"rendered":"<p><a href=\"http:\/\/agora.xtec.cat\/credv\/wp-content\/uploads\/usu1287\/2018\/07\/unnamed.jpg\"><\/a> <a href=\"http:\/\/agora.xtec.cat\/credv\/wp-content\/uploads\/usu1287\/2018\/07\/unnamed2.jpg\"><\/a><br \/>\nL&#8217;Escola Ramon Fuster de Bellaterra ha realitzat un projecte que integra l&#8217;\u00fas de la Tecnologia 3D a l&#8217;escola dins del marc del projecte &#8220;Reinvent the classroom&#8221; i l&#8217;intent de fomentar les compet\u00e8ncies STEAM en els alumnes, i sobre tot, tal i com&hellip;  <a href=\"https:\/\/agora.xtec.cat\/credv\/professionals\/projecte-aprenem-de-lescola-ramon-fuster-i-el-credv-cre-once-barcelona\/\" title=\"Read Projecte @aprenem de l&#8217;escola Ramon Fuster i el CREDV-CRE ONCE Barcelona\">Llegeix m\u00e9s\u00bb<\/a><\/p>\n","protected":false},"author":1,"featured_media":9312,"comment_status":"closed","ping_status":"closed","sticky":false,"template":"","format":"standard","meta":{"_bbp_topic_count":0,"_bbp_reply_count":0,"_bbp_total_topic_count":0,"_bbp_total_reply_count":0,"_bbp_voice_count":0,"_bbp_anonymous_reply_count":0,"_bbp_topic_count_hidden":0,"_bbp_reply_count_hidden":0,"_bbp_forum_subforum_count":0,"footnotes":""},"categories":[271,273,264],"tags":[370,391,420],"class_list":["post-9311","post","type-post","status-publish","format-standard","has-post-thumbnail","hentry","category-families","category-portada","category-professionals","tag-ceguesa","tag-projectes","tag-tecnologia"],"post_mailing_queue_ids":[],"_links":{"self":[{"href":"https:\/\/agora.xtec.cat\/credv\/wp-json\/wp\/v2\/posts\/9311","targetHints":{"allow":["GET"]}}],"collection":[{"href":"https:\/\/agora.xtec.cat\/credv\/wp-json\/wp\/v2\/posts"}],"about":[{"href":"https:\/\/agora.xtec.cat\/credv\/wp-json\/wp\/v2\/types\/post"}],"author":[{"embeddable":true,"href":"https:\/\/agora.xtec.cat\/credv\/wp-json\/wp\/v2\/users\/1"}],"replies":[{"embeddable":true,"href":"https:\/\/agora.xtec.cat\/credv\/wp-json\/wp\/v2\/comments?post=9311"}],"version-history":[{"count":2,"href":"https:\/\/agora.xtec.cat\/credv\/wp-json\/wp\/v2\/posts\/9311\/revisions"}],"predecessor-version":[{"id":9318,"href":"https:\/\/agora.xtec.cat\/credv\/wp-json\/wp\/v2\/posts\/9311\/revisions\/9318"}],"wp:featuredmedia":[{"embeddable":true,"href":"https:\/\/agora.xtec.cat\/credv\/wp-json\/wp\/v2\/media\/9312"}],"wp:attachment":[{"href":"https:\/\/agora.xtec.cat\/credv\/wp-json\/wp\/v2\/media?parent=9311"}],"wp:term":[{"taxonomy":"category","embeddable":true,"href":"https:\/\/agora.xtec.cat\/credv\/wp-json\/wp\/v2\/categories?post=9311"},{"taxonomy":"post_tag","embeddable":true,"href":"https:\/\/agora.xtec.cat\/credv\/wp-json\/wp\/v2\/tags?post=9311"}],"curies":[{"name":"wp","href":"https:\/\/api.w.org\/{rel}","templated":true}]}}